{"id":36717,"date":"2022-11-16T11:51:58","date_gmt":"2022-11-16T14:51:58","guid":{"rendered":"https:\/\/temucotelevision.cl\/web\/?p=36717"},"modified":"2022-11-16T11:51:58","modified_gmt":"2022-11-16T14:51:58","slug":"las-alertas-volcanicas-y-que-significa-cada-una-de-ellas","status":"publish","type":"post","link":"https:\/\/temucotelevision.cl\/web\/2022\/11\/16\/las-alertas-volcanicas-y-que-significa-cada-una-de-ellas\/","title":{"rendered":"Las alertas volc\u00e1nicas y qu\u00e9 significa cada una de ellas"},"content":{"rendered":"<div class=\"pvc_clear\"><\/div><p id=\"pvc_stats_36717\" class=\"pvc_stats total_only  \" data-element-id=\"36717\" style=\"\"><i class=\"pvc-stats-icon large\" aria-hidden=\"true\"><svg aria-hidden=\"true\" focusable=\"false\" data-prefix=\"far\" data-icon=\"chart-bar\" role=\"img\" xmlns=\"http:\/\/www.w3.org\/2000\/svg\" viewBox=\"0 0 512 512\" class=\"svg-inline--fa fa-chart-bar fa-w-16 fa-2x\"><path fill=\"currentColor\" d=\"M396.8 352h22.4c6.4 0 12.8-6.4 12.8-12.8V108.8c0-6.4-6.4-12.8-12.8-12.8h-22.4c-6.4 0-12.8 6.4-12.8 12.8v230.4c0 6.4 6.4 12.8 12.8 12.8zm-192 0h22.4c6.4 0 12.8-6.4 12.8-12.8V140.8c0-6.4-6.4-12.8-12.8-12.8h-22.4c-6.4 0-12.8 6.4-12.8 12.8v198.4c0 6.4 6.4 12.8 12.8 12.8zm96 0h22.4c6.4 0 12.8-6.4 12.8-12.8V204.8c0-6.4-6.4-12.8-12.8-12.8h-22.4c-6.4 0-12.8 6.4-12.8 12.8v134.4c0 6.4 6.4 12.8 12.8 12.8zM496 400H48V80c0-8.84-7.16-16-16-16H16C7.16 64 0 71.16 0 80v336c0 17.67 14.33 32 32 32h464c8.84 0 16-7.16 16-16v-16c0-8.84-7.16-16-16-16zm-387.2-48h22.4c6.4 0 12.8-6.4 12.8-12.8v-70.4c0-6.4-6.4-12.8-12.8-12.8h-22.4c-6.4 0-12.8 6.4-12.8 12.8v70.4c0 6.4 6.4 12.8 12.8 12.8z\" class=\"\"><\/path><\/svg><\/i> <img loading=\"lazy\" decoding=\"async\" width=\"16\" height=\"16\" alt=\"Loading\" src=\"https:\/\/temucotelevision.cl\/web\/wp-content\/plugins\/page-views-count\/ajax-loader-2x.gif\" border=0 \/><\/p><div class=\"pvc_clear\"><\/div>\n<p>El volc\u00e1n Villarrica es considerado uno de los m\u00e1s activos de Chile y de Sudam\u00e9rica, por lo que su actividad volc\u00e1nica es monitoreada constantemente a trav\u00e9s del Servicio Nacional de Geolog\u00eda y Miner\u00eda (Sernageomin). Este trabajo que se realiza con 9 estaciones sismol\u00f3gicas, 4 gps, 2 inclin\u00f3metros, 4 c\u00e1maras IP, 1 c\u00e1mara IR, micr\u00f3fono de infrasonido, 2 DOAS y una c\u00e1mara multigas. Estos instrumentos ayudan a medir cualquier cambio que pueda ocurrir en la actividad al interior del macizo.&nbsp;<\/p>\n\n\n\n<p>En base a estos monitoreos es que Sernageomin&nbsp; informa las anomal\u00edas que se producen al interior del volc\u00e1n, las que pueden ser por aumento de&nbsp; emanaciones de gas, explosividad, aumento en el nivel del lago de magma, entre otras. Seg\u00fan la intensidad que puedan tener estas anomal\u00edas Sernageomin cuenta con un sistema de&nbsp; 4 alertas que indica su actividad. Estas son:<\/p>\n\n\n\n<p>\u00b7&nbsp;&nbsp;&nbsp;&nbsp;&nbsp;&nbsp;&nbsp;&nbsp;&nbsp;Alerta verde: esta indica una actividad sin variaci\u00f3n y sin peligro para la poblaci\u00f3n, por lo que los informes se entregan en una periodicidad de un mes.<\/p>\n\n\n\n<p>\u00b7&nbsp;&nbsp;&nbsp;&nbsp;&nbsp;&nbsp;&nbsp;&nbsp;&nbsp;Alerta amarilla: esta indica la inestabilidad del macizo, con explosiones menores, aparici\u00f3n de fumarolas e incremento de su actividad, entregando informes quincenales acerca del estado del volc\u00e1n.&nbsp;<\/p>\n\n\n\n<p>\u00b7&nbsp;&nbsp;&nbsp;&nbsp;&nbsp;&nbsp;&nbsp;&nbsp;&nbsp;Alerta naranja: significa que las variaciones de la actividad volc\u00e1nica son significativas con un posible incremento en su actividad, por lo que los informes pasan a ser diarios, por lo que es necesario mantenerse informado acerca de las restricciones y medidas tomadas por las autoridades<\/p>\n\n\n\n<p>\u00b7&nbsp;&nbsp;&nbsp;&nbsp;&nbsp;&nbsp;&nbsp;&nbsp;&nbsp;Alerta roja: esta indica un esperable desarrollo eruptivo y\/o una erupci\u00f3n en curso, lo que quiere decir que las personas deben dirigirse a una zona segura y que la informaci\u00f3n es entregada diariamente y mediante &nbsp;se desarrolla el proceso eruptivo.&nbsp;<\/p>\n\n\n\n<p>Por otra parte nos encontramos con la Oficina Nacional de Emergencia del Ministerio del Interior y Seguridad P\u00fablica, Onemi, quienes implementan un sistema de protecci\u00f3n civil, midiendo el riego de la comunidad en general, por lo que es posible que un volc\u00e1n se encuentre en alerta roja declarada&nbsp; por Sernagiomin y una verde por Onemi, situaci\u00f3n que se podr\u00eda generar en volcanes que est\u00e1n alejados de los centros poblados.<\/p>\n\n\n\n<p>Este sistema cuenta con 4 alertas, estas son:&nbsp;<\/p>\n\n\n\n<p>\u00b7&nbsp;&nbsp;&nbsp;&nbsp;&nbsp;&nbsp;&nbsp;&nbsp;&nbsp;Alerta verde: estado de vigilancia permanente para la comunidad.<\/p>\n\n\n\n<p>\u00b7&nbsp;&nbsp;&nbsp;&nbsp;&nbsp;&nbsp;&nbsp;&nbsp;&nbsp;Alerta temprana preventiva:&nbsp;en este estado se aumenta las condiciones de vigilancia&nbsp; y se anticipa posibles situaciones de emergencia.<\/p>\n\n\n\n<p>\u00b7&nbsp;&nbsp;&nbsp;&nbsp;&nbsp;&nbsp;&nbsp;&nbsp;&nbsp;Alerta Amarilla: se decreta&nbsp; cuando la amenaza hacia la poblaci\u00f3n crece debiendo prepararse ante cualquier situaci\u00f3n de riesgo.<\/p>\n\n\n\n<p>\u00b7&nbsp;&nbsp;&nbsp;&nbsp;&nbsp;&nbsp;&nbsp;&nbsp;&nbsp;Alerta roja: es cuando la amenaza es severa requiriendo movilizaci\u00f3n de los recursos necesarios para evitar el da\u00f1o en las personas y\/o comunidad ante cualquier tipo de evento destructivo.<\/p>\n","protected":false},"excerpt":{"rendered":"<div class=\"pvc_clear\"><\/div>\n<p id=\"pvc_stats_36717\" class=\"pvc_stats total_only  \" data-element-id=\"36717\" style=\"\"><i class=\"pvc-stats-icon large\" aria-hidden=\"true\"><svg aria-hidden=\"true\" focusable=\"false\" data-prefix=\"far\" data-icon=\"chart-bar\" role=\"img\" xmlns=\"http:\/\/www.w3.org\/2000\/svg\" viewBox=\"0 0 512 512\" class=\"svg-inline--fa fa-chart-bar fa-w-16 fa-2x\"><path fill=\"currentColor\" d=\"M396.8 352h22.4c6.4 0 12.8-6.4 12.8-12.8V108.8c0-6.4-6.4-12.8-12.8-12.8h-22.4c-6.4 0-12.8 6.4-12.8 12.8v230.4c0 6.4 6.4 12.8 12.8 12.8zm-192 0h22.4c6.4 0 12.8-6.4 12.8-12.8V140.8c0-6.4-6.4-12.8-12.8-12.8h-22.4c-6.4 0-12.8 6.4-12.8 12.8v198.4c0 6.4 6.4 12.8 12.8 12.8zm96 0h22.4c6.4 0 12.8-6.4 12.8-12.8V204.8c0-6.4-6.4-12.8-12.8-12.8h-22.4c-6.4 0-12.8 6.4-12.8 12.8v134.4c0 6.4 6.4 12.8 12.8 12.8zM496 400H48V80c0-8.84-7.16-16-16-16H16C7.16 64 0 71.16 0 80v336c0 17.67 14.33 32 32 32h464c8.84 0 16-7.16 16-16v-16c0-8.84-7.16-16-16-16zm-387.2-48h22.4c6.4 0 12.8-6.4 12.8-12.8v-70.4c0-6.4-6.4-12.8-12.8-12.8h-22.4c-6.4 0-12.8 6.4-12.8 12.8v70.4c0 6.4 6.4 12.8 12.8 12.8z\" class=\"\"><\/path><\/svg><\/i> <img loading=\"lazy\" decoding=\"async\" width=\"16\" height=\"16\" alt=\"Loading\" src=\"https:\/\/temucotelevision.cl\/web\/wp-content\/plugins\/page-views-count\/ajax-loader-2x.gif\" border=0 \/><\/p>\n<div class=\"pvc_clear\"><\/div>\n<p>El volc\u00e1n Villarrica es considerado uno de los m\u00e1s activos de Chile y de Sudam\u00e9rica, por lo que su actividad<\/p>\n","protected":false},"author":1,"featured_media":36718,"comment_status":"open","ping_status":"open","sticky":false,"template":"","format":"standard","meta":{"colormag_page_container_layout":"default_layout","colormag_page_sidebar_layout":"default_layout","footnotes":""},"categories":[14],"tags":[590,937,1510,5957],"class_list":["post-36717","post","type-post","status-publish","format-standard","has-post-thumbnail","hentry","category-temuco","tag-actividad","tag-alertas","tag-volcan","tag-volcanicas"],"a3_pvc":{"activated":true,"total_views":291,"today_views":0},"_links":{"self":[{"href":"https:\/\/temucotelevision.cl\/web\/wp-json\/wp\/v2\/posts\/36717","targetHints":{"allow":["GET"]}}],"collection":[{"href":"https:\/\/temucotelevision.cl\/web\/wp-json\/wp\/v2\/posts"}],"about":[{"href":"https:\/\/temucotelevision.cl\/web\/wp-json\/wp\/v2\/types\/post"}],"author":[{"embeddable":true,"href":"https:\/\/temucotelevision.cl\/web\/wp-json\/wp\/v2\/users\/1"}],"replies":[{"embeddable":true,"href":"https:\/\/temucotelevision.cl\/web\/wp-json\/wp\/v2\/comments?post=36717"}],"version-history":[{"count":1,"href":"https:\/\/temucotelevision.cl\/web\/wp-json\/wp\/v2\/posts\/36717\/revisions"}],"predecessor-version":[{"id":36719,"href":"https:\/\/temucotelevision.cl\/web\/wp-json\/wp\/v2\/posts\/36717\/revisions\/36719"}],"wp:featuredmedia":[{"embeddable":true,"href":"https:\/\/temucotelevision.cl\/web\/wp-json\/wp\/v2\/media\/36718"}],"wp:attachment":[{"href":"https:\/\/temucotelevision.cl\/web\/wp-json\/wp\/v2\/media?parent=36717"}],"wp:term":[{"taxonomy":"category","embeddable":true,"href":"https:\/\/temucotelevision.cl\/web\/wp-json\/wp\/v2\/categories?post=36717"},{"taxonomy":"post_tag","embeddable":true,"href":"https:\/\/temucotelevision.cl\/web\/wp-json\/wp\/v2\/tags?post=36717"}],"curies":[{"name":"wp","href":"https:\/\/api.w.org\/{rel}","templated":true}]}}