{"id":36711,"date":"2022-11-15T17:26:44","date_gmt":"2022-11-15T20:26:44","guid":{"rendered":"https:\/\/temucotelevision.cl\/web\/?p=36711"},"modified":"2022-11-15T17:26:46","modified_gmt":"2022-11-15T20:26:46","slug":"senadora-carmen-gloria-aravenapretender-enfrentar-el-terrorismo-con-una-legislacion-para-combatir-el-crimen-organizado-esta-destinado-al-fracaso","status":"publish","type":"post","link":"https:\/\/temucotelevision.cl\/web\/2022\/11\/15\/senadora-carmen-gloria-aravenapretender-enfrentar-el-terrorismo-con-una-legislacion-para-combatir-el-crimen-organizado-esta-destinado-al-fracaso\/","title":{"rendered":"Senadora Carmen Gloria Aravena:\u201cPretender enfrentar el terrorismo con una legislaci\u00f3n para combatir el crimen organizado est\u00e1 destinado al fracaso\u201d"},"content":{"rendered":"<div class=\"pvc_clear\"><\/div><p id=\"pvc_stats_36711\" class=\"pvc_stats total_only  \" data-element-id=\"36711\" style=\"\"><i class=\"pvc-stats-icon large\" aria-hidden=\"true\"><svg aria-hidden=\"true\" focusable=\"false\" data-prefix=\"far\" data-icon=\"chart-bar\" role=\"img\" xmlns=\"http:\/\/www.w3.org\/2000\/svg\" viewBox=\"0 0 512 512\" class=\"svg-inline--fa fa-chart-bar fa-w-16 fa-2x\"><path fill=\"currentColor\" d=\"M396.8 352h22.4c6.4 0 12.8-6.4 12.8-12.8V108.8c0-6.4-6.4-12.8-12.8-12.8h-22.4c-6.4 0-12.8 6.4-12.8 12.8v230.4c0 6.4 6.4 12.8 12.8 12.8zm-192 0h22.4c6.4 0 12.8-6.4 12.8-12.8V140.8c0-6.4-6.4-12.8-12.8-12.8h-22.4c-6.4 0-12.8 6.4-12.8 12.8v198.4c0 6.4 6.4 12.8 12.8 12.8zm96 0h22.4c6.4 0 12.8-6.4 12.8-12.8V204.8c0-6.4-6.4-12.8-12.8-12.8h-22.4c-6.4 0-12.8 6.4-12.8 12.8v134.4c0 6.4 6.4 12.8 12.8 12.8zM496 400H48V80c0-8.84-7.16-16-16-16H16C7.16 64 0 71.16 0 80v336c0 17.67 14.33 32 32 32h464c8.84 0 16-7.16 16-16v-16c0-8.84-7.16-16-16-16zm-387.2-48h22.4c6.4 0 12.8-6.4 12.8-12.8v-70.4c0-6.4-6.4-12.8-12.8-12.8h-22.4c-6.4 0-12.8 6.4-12.8 12.8v70.4c0 6.4 6.4 12.8 12.8 12.8z\" class=\"\"><\/path><\/svg><\/i> <img loading=\"lazy\" decoding=\"async\" width=\"16\" height=\"16\" alt=\"Loading\" src=\"https:\/\/temucotelevision.cl\/web\/wp-content\/plugins\/page-views-count\/ajax-loader-2x.gif\" border=0 \/><\/p><div class=\"pvc_clear\"><\/div>\n<p>La legisladora por La Araucan\u00eda afirma que no \u201cservir\u00e1 de nada que el Presidente Boric reconozca que en la regi\u00f3n hay terrorismo si no est\u00e1 dispuesto a avanzar en la tramitaci\u00f3n y aprobaci\u00f3n del proyecto que mejora la actual Ley Antiterrorista.<\/p>\n\n\n\n<p>Martes&nbsp;15&nbsp;de&nbsp;noviembre&nbsp;de 2022.&nbsp;Como un&nbsp;\u201cfalso dilema\u201d, calific\u00f3 la Senadora por La Araucan\u00eda, Carmen Gloria Aravena, el debate que se ha instalado tras la visita del Presidente Boric a esa regi\u00f3n,&nbsp;la semana pasada, respecto a c\u00f3mo enfrentar el terrorismo, luego que el Mandatario reconociera que en la zona&nbsp;existen actos de esa naturaleza.<\/p>\n\n\n\n<p>El Presidente descart\u00f3 utilizar la actual Ley Antiterrorista como mecanismo para afrontar el problema, y apel\u00f3 a utilizar otras herramientas, como la legislaci\u00f3n para combatir el crimen organizado. A juicio de la legisladora es \u201cun profundo error que el Presidente Boric confunda los planos, porque terrorismo y crimen organizado son fen\u00f3menos delictuales totalmente distintos, y por lo mismo, deben ser abordados de manera diferente. As\u00ed lo hacen, por ejemplo, pa\u00edses como Espa\u00f1a, que&nbsp;tiene experiencia en el tema, donde existe una estrategia nacional contra el terrorismo y otra contra el crimen organizado, que se&nbsp;complementan,&nbsp;pero no son lo mismo\u201d.<\/p>\n\n\n\n<p>De hecho, agrega la Senadora Aravena, \u201cla actual Ley Antiterrorista que tiene Chile se dict\u00f3 \u00edntegramente en democracia, durante el gobierno del Presidente Patricio Aylwin, para lo cual se us\u00f3 como modelo la legislaci\u00f3n espa\u00f1ola en esta materia\u201d. A su vez, descarta que existan objeciones de organismos internacionales a la aplicaci\u00f3n de la actual ley, porque en el gobierno anterior de Sebasti\u00e1n Pi\u00f1era, se suprimi\u00f3 la presunci\u00f3n legal de culpabilidad, ya que en el derecho penal no caben las presunciones penales, y con eso se superaron las objeciones de entidades internacionales\u201d.<\/p>\n\n\n\n<p>\u201cAqu\u00ed se requiere voluntad pol\u00edtica&nbsp;para enfrentar este&nbsp;asunto&nbsp;con acciones concretas, o de lo contrario, todo se reduce a un discurso&nbsp;vac\u00edo,&nbsp;pero sin efectos pr\u00e1cticos\u201d, puntualiza la parlamentaria por La Araucan\u00eda. Quien a\u00f1ade que \u201ces evidente que los grupos que realizan&nbsp;los ataques y atentados buscan infundir miedo en la poblaci\u00f3n para conseguir determinados objetivos, lo cual&nbsp;se entiende como una acci\u00f3n&nbsp;destinada a&nbsp;generar temor, y por lo tanto, es terrorismo\u201d.<\/p>\n\n\n\n<p>La Senadora Aravena grafica esto de la siguiente manera: \u201ces como si un m\u00e9dico le detecta c\u00e1ncer a su paciente, y para atacar la enfermedad, le dice que no usar\u00e1 los tratamientos que se&nbsp;aplican&nbsp;en estos casos para combatir el tumor, sino que le va a dar un analg\u00e9sico. Es decir, la respuesta al problema no se condice en nada con&nbsp;la gravedad de la enfermedad\u201d.<\/p>\n\n\n\n<p>\u201cEn lo personal, qued\u00e9 esperanzada en que a partir de la visita del Presidente a La Araucan\u00eda, sus declaraciones y anuncios, se podr\u00eda iniciar una nueva etapa en el camino por alcanzar la paz en La Araucan\u00eda. Tengo&nbsp;a\u00fan&nbsp;confianza&nbsp;de&nbsp;que ser\u00e1 as\u00ed, pero el gobierno debe dar se\u00f1ales concretas de que esa es su voluntad y que actuar\u00e1 en consecuencia\u201d, expres\u00f3 la congresista.<\/p>\n\n\n\n<p>Aravena record\u00f3 que s\u00f3lo el a\u00f1o pasado hubo&nbsp;m\u00e1s de&nbsp;1.700 ataques&nbsp;en la Macrozona Sur, y que este a\u00f1o&nbsp;la cifra se mantiene alta, por lo que es un tema que lejos de ir reduci\u00e9ndose, va en aumento. En esa l\u00ednea, la senadora manifest\u00f3 que&nbsp;\u201cla modernizaci\u00f3n de la actual Ley Antiterrorista es clave, ya que para poder enfrentar a estos grupos se requiere&nbsp;de medidas intrusivas que son fundamentales para la investigaci\u00f3n y prevenci\u00f3n de estos delitos, entre ellas, agentes encubiertos, informantes, entregas vigiladas. Resulta incre\u00edble que hoy no se puedan utilizar\u201d.<\/p>\n\n\n\n<p>Finalmente, la legisladora lament\u00f3 que hasta aqu\u00ed no se le haya dado urgencia a esta iniciativa, y llam\u00f3 al Presidente Boric a ser consecuente con lo que se\u00f1al\u00f3 y se comprometi\u00f3 en La Araucan\u00eda.<\/p>\n\n\n\n<p>&nbsp;<\/p>\n\n\n\n<p> <\/p>\n","protected":false},"excerpt":{"rendered":"<div class=\"pvc_clear\"><\/div>\n<p id=\"pvc_stats_36711\" class=\"pvc_stats total_only  \" data-element-id=\"36711\" style=\"\"><i class=\"pvc-stats-icon large\" aria-hidden=\"true\"><svg aria-hidden=\"true\" focusable=\"false\" data-prefix=\"far\" data-icon=\"chart-bar\" role=\"img\" xmlns=\"http:\/\/www.w3.org\/2000\/svg\" viewBox=\"0 0 512 512\" class=\"svg-inline--fa fa-chart-bar fa-w-16 fa-2x\"><path fill=\"currentColor\" d=\"M396.8 352h22.4c6.4 0 12.8-6.4 12.8-12.8V108.8c0-6.4-6.4-12.8-12.8-12.8h-22.4c-6.4 0-12.8 6.4-12.8 12.8v230.4c0 6.4 6.4 12.8 12.8 12.8zm-192 0h22.4c6.4 0 12.8-6.4 12.8-12.8V140.8c0-6.4-6.4-12.8-12.8-12.8h-22.4c-6.4 0-12.8 6.4-12.8 12.8v198.4c0 6.4 6.4 12.8 12.8 12.8zm96 0h22.4c6.4 0 12.8-6.4 12.8-12.8V204.8c0-6.4-6.4-12.8-12.8-12.8h-22.4c-6.4 0-12.8 6.4-12.8 12.8v134.4c0 6.4 6.4 12.8 12.8 12.8zM496 400H48V80c0-8.84-7.16-16-16-16H16C7.16 64 0 71.16 0 80v336c0 17.67 14.33 32 32 32h464c8.84 0 16-7.16 16-16v-16c0-8.84-7.16-16-16-16zm-387.2-48h22.4c6.4 0 12.8-6.4 12.8-12.8v-70.4c0-6.4-6.4-12.8-12.8-12.8h-22.4c-6.4 0-12.8 6.4-12.8 12.8v70.4c0 6.4 6.4 12.8 12.8 12.8z\" class=\"\"><\/path><\/svg><\/i> <img loading=\"lazy\" decoding=\"async\" width=\"16\" height=\"16\" alt=\"Loading\" src=\"https:\/\/temucotelevision.cl\/web\/wp-content\/plugins\/page-views-count\/ajax-loader-2x.gif\" border=0 \/><\/p>\n<div class=\"pvc_clear\"><\/div>\n<p>La legisladora por La Araucan\u00eda afirma que no \u201cservir\u00e1 de nada que el Presidente Boric reconozca que en la regi\u00f3n<\/p>\n","protected":false},"author":1,"featured_media":34081,"comment_status":"open","ping_status":"open","sticky":false,"template":"","format":"standard","meta":{"colormag_page_container_layout":"default_layout","colormag_page_sidebar_layout":"default_layout","footnotes":""},"categories":[84],"tags":[3989,176,2065],"class_list":["post-36711","post","type-post","status-publish","format-standard","has-post-thumbnail","hentry","category-politica","tag-boric","tag-presidente","tag-senadora"],"a3_pvc":{"activated":true,"total_views":19,"today_views":0},"_links":{"self":[{"href":"https:\/\/temucotelevision.cl\/web\/wp-json\/wp\/v2\/posts\/36711","targetHints":{"allow":["GET"]}}],"collection":[{"href":"https:\/\/temucotelevision.cl\/web\/wp-json\/wp\/v2\/posts"}],"about":[{"href":"https:\/\/temucotelevision.cl\/web\/wp-json\/wp\/v2\/types\/post"}],"author":[{"embeddable":true,"href":"https:\/\/temucotelevision.cl\/web\/wp-json\/wp\/v2\/users\/1"}],"replies":[{"embeddable":true,"href":"https:\/\/temucotelevision.cl\/web\/wp-json\/wp\/v2\/comments?post=36711"}],"version-history":[{"count":1,"href":"https:\/\/temucotelevision.cl\/web\/wp-json\/wp\/v2\/posts\/36711\/revisions"}],"predecessor-version":[{"id":36712,"href":"https:\/\/temucotelevision.cl\/web\/wp-json\/wp\/v2\/posts\/36711\/revisions\/36712"}],"wp:featuredmedia":[{"embeddable":true,"href":"https:\/\/temucotelevision.cl\/web\/wp-json\/wp\/v2\/media\/34081"}],"wp:attachment":[{"href":"https:\/\/temucotelevision.cl\/web\/wp-json\/wp\/v2\/media?parent=36711"}],"wp:term":[{"taxonomy":"category","embeddable":true,"href":"https:\/\/temucotelevision.cl\/web\/wp-json\/wp\/v2\/categories?post=36711"},{"taxonomy":"post_tag","embeddable":true,"href":"https:\/\/temucotelevision.cl\/web\/wp-json\/wp\/v2\/tags?post=36711"}],"curies":[{"name":"wp","href":"https:\/\/api.w.org\/{rel}","templated":true}]}}