{"id":36708,"date":"2022-11-15T10:20:41","date_gmt":"2022-11-15T13:20:41","guid":{"rendered":"https:\/\/temucotelevision.cl\/web\/?p=36708"},"modified":"2022-11-15T10:20:42","modified_gmt":"2022-11-15T13:20:42","slug":"pdi-temuco-detiene-a-hombre-que-realizo-robo-con-violencia-en-el-frontis-de-hospital-regional","status":"publish","type":"post","link":"https:\/\/temucotelevision.cl\/web\/2022\/11\/15\/pdi-temuco-detiene-a-hombre-que-realizo-robo-con-violencia-en-el-frontis-de-hospital-regional\/","title":{"rendered":"PDI Temuco detiene a hombre que realiz\u00f3 robo con violencia en el frontis de Hospital Regional"},"content":{"rendered":"<div class=\"pvc_clear\"><\/div><p id=\"pvc_stats_36708\" class=\"pvc_stats total_only  \" data-element-id=\"36708\" style=\"\"><i class=\"pvc-stats-icon large\" aria-hidden=\"true\"><svg aria-hidden=\"true\" focusable=\"false\" data-prefix=\"far\" data-icon=\"chart-bar\" role=\"img\" xmlns=\"http:\/\/www.w3.org\/2000\/svg\" viewBox=\"0 0 512 512\" class=\"svg-inline--fa fa-chart-bar fa-w-16 fa-2x\"><path fill=\"currentColor\" d=\"M396.8 352h22.4c6.4 0 12.8-6.4 12.8-12.8V108.8c0-6.4-6.4-12.8-12.8-12.8h-22.4c-6.4 0-12.8 6.4-12.8 12.8v230.4c0 6.4 6.4 12.8 12.8 12.8zm-192 0h22.4c6.4 0 12.8-6.4 12.8-12.8V140.8c0-6.4-6.4-12.8-12.8-12.8h-22.4c-6.4 0-12.8 6.4-12.8 12.8v198.4c0 6.4 6.4 12.8 12.8 12.8zm96 0h22.4c6.4 0 12.8-6.4 12.8-12.8V204.8c0-6.4-6.4-12.8-12.8-12.8h-22.4c-6.4 0-12.8 6.4-12.8 12.8v134.4c0 6.4 6.4 12.8 12.8 12.8zM496 400H48V80c0-8.84-7.16-16-16-16H16C7.16 64 0 71.16 0 80v336c0 17.67 14.33 32 32 32h464c8.84 0 16-7.16 16-16v-16c0-8.84-7.16-16-16-16zm-387.2-48h22.4c6.4 0 12.8-6.4 12.8-12.8v-70.4c0-6.4-6.4-12.8-12.8-12.8h-22.4c-6.4 0-12.8 6.4-12.8 12.8v70.4c0 6.4 6.4 12.8 12.8 12.8z\" class=\"\"><\/path><\/svg><\/i> <img loading=\"lazy\" decoding=\"async\" width=\"16\" height=\"16\" alt=\"Loading\" src=\"https:\/\/temucotelevision.cl\/web\/wp-content\/plugins\/page-views-count\/ajax-loader-2x.gif\" border=0 \/><\/p><div class=\"pvc_clear\"><\/div>\n<p>Tras un llamado de emergencia al 134, detectives de la Brigada Investigadora de Robos (Biro) Temuco, detuvieron en flagrancia a un hombre de 25 a\u00f1os -con diversos antecedentes policiales- quien efectu\u00f3 un robo con violencia en contra de una mujer en las afueras del Hospital Regional Dr. Hern\u00e1n Henr\u00edquez Aravena.<\/p>\n\n\n\n<p>El jefe de la Biro Temuco, subprefecto Pablo Lagos, indic\u00f3 que \u201cel sujeto abord\u00f3 a una mujer con violencia, sustray\u00e9ndole su tel\u00e9fono celular, no obstante, las personas que se encontraban en el lugar le dieron alcance y lo retuvieron, mientras alertaban a la Polic\u00eda de Investigaciones\u201d.<\/p>\n\n\n\n<p><a><\/a>Al llegar al lugar, y tras las primeras diligencias e investigaciones realizadas en el sitio del suceso \u201cprincipalmente toma de declaraciones a testigos del hecho, an\u00e1lisis de c\u00e1maras de seguridad y empadronamientos se pudo establecer la participaci\u00f3n de esta persona\u201d, agreg\u00f3 el subprefecto Lagos.<\/p>\n\n\n\n<p>La v\u00edctima, quien manten\u00eda un familiar internado en el recinto hospitalario, result\u00f3 con una contusi\u00f3n en el t\u00f3rax de car\u00e1cter leve.&nbsp;<\/p>\n\n\n\n<p>Cabe se\u00f1alar, que el imputado ten\u00eda antecedentes de detenciones por los delitos de infracci\u00f3n a la Ley de Armas, robo en lugar habitado, robo en bienes nacionales de uso p\u00fablico, robo por sorpresa, robo de veh\u00edculo motorizado y hurto.<\/p>\n\n\n\n<p>El fiscal de turno, instruy\u00f3 que el detenido pasara a control de detenci\u00f3n en el Juzgado de Garant\u00eda de Temuco, donde se decret\u00f3 la medida cautelar de prisi\u00f3n preventiva y se estableci\u00f3 un plazo de dos meses para la investigaci\u00f3n.<\/p>\n","protected":false},"excerpt":{"rendered":"<div class=\"pvc_clear\"><\/div>\n<p id=\"pvc_stats_36708\" class=\"pvc_stats total_only  \" data-element-id=\"36708\" style=\"\"><i class=\"pvc-stats-icon large\" aria-hidden=\"true\"><svg aria-hidden=\"true\" focusable=\"false\" data-prefix=\"far\" data-icon=\"chart-bar\" role=\"img\" xmlns=\"http:\/\/www.w3.org\/2000\/svg\" viewBox=\"0 0 512 512\" class=\"svg-inline--fa fa-chart-bar fa-w-16 fa-2x\"><path fill=\"currentColor\" d=\"M396.8 352h22.4c6.4 0 12.8-6.4 12.8-12.8V108.8c0-6.4-6.4-12.8-12.8-12.8h-22.4c-6.4 0-12.8 6.4-12.8 12.8v230.4c0 6.4 6.4 12.8 12.8 12.8zm-192 0h22.4c6.4 0 12.8-6.4 12.8-12.8V140.8c0-6.4-6.4-12.8-12.8-12.8h-22.4c-6.4 0-12.8 6.4-12.8 12.8v198.4c0 6.4 6.4 12.8 12.8 12.8zm96 0h22.4c6.4 0 12.8-6.4 12.8-12.8V204.8c0-6.4-6.4-12.8-12.8-12.8h-22.4c-6.4 0-12.8 6.4-12.8 12.8v134.4c0 6.4 6.4 12.8 12.8 12.8zM496 400H48V80c0-8.84-7.16-16-16-16H16C7.16 64 0 71.16 0 80v336c0 17.67 14.33 32 32 32h464c8.84 0 16-7.16 16-16v-16c0-8.84-7.16-16-16-16zm-387.2-48h22.4c6.4 0 12.8-6.4 12.8-12.8v-70.4c0-6.4-6.4-12.8-12.8-12.8h-22.4c-6.4 0-12.8 6.4-12.8 12.8v70.4c0 6.4 6.4 12.8 12.8 12.8z\" class=\"\"><\/path><\/svg><\/i> <img loading=\"lazy\" decoding=\"async\" width=\"16\" height=\"16\" alt=\"Loading\" src=\"https:\/\/temucotelevision.cl\/web\/wp-content\/plugins\/page-views-count\/ajax-loader-2x.gif\" border=0 \/><\/p>\n<div class=\"pvc_clear\"><\/div>\n<p>Tras un llamado de emergencia al 134, detectives de la Brigada Investigadora de Robos (Biro) Temuco, detuvieron en flagrancia a<\/p>\n","protected":false},"author":1,"featured_media":6361,"comment_status":"open","ping_status":"open","sticky":false,"template":"","format":"standard","meta":{"colormag_page_container_layout":"default_layout","colormag_page_sidebar_layout":"default_layout","footnotes":""},"categories":[16],"tags":[79,188,128,76,138],"class_list":["post-36708","post","type-post","status-publish","format-standard","has-post-thumbnail","hentry","category-policial","tag-detenido","tag-hombre","tag-hospital","tag-pdi","tag-robo"],"a3_pvc":{"activated":true,"total_views":48,"today_views":0},"_links":{"self":[{"href":"https:\/\/temucotelevision.cl\/web\/wp-json\/wp\/v2\/posts\/36708","targetHints":{"allow":["GET"]}}],"collection":[{"href":"https:\/\/temucotelevision.cl\/web\/wp-json\/wp\/v2\/posts"}],"about":[{"href":"https:\/\/temucotelevision.cl\/web\/wp-json\/wp\/v2\/types\/post"}],"author":[{"embeddable":true,"href":"https:\/\/temucotelevision.cl\/web\/wp-json\/wp\/v2\/users\/1"}],"replies":[{"embeddable":true,"href":"https:\/\/temucotelevision.cl\/web\/wp-json\/wp\/v2\/comments?post=36708"}],"version-history":[{"count":1,"href":"https:\/\/temucotelevision.cl\/web\/wp-json\/wp\/v2\/posts\/36708\/revisions"}],"predecessor-version":[{"id":36709,"href":"https:\/\/temucotelevision.cl\/web\/wp-json\/wp\/v2\/posts\/36708\/revisions\/36709"}],"wp:featuredmedia":[{"embeddable":true,"href":"https:\/\/temucotelevision.cl\/web\/wp-json\/wp\/v2\/media\/6361"}],"wp:attachment":[{"href":"https:\/\/temucotelevision.cl\/web\/wp-json\/wp\/v2\/media?parent=36708"}],"wp:term":[{"taxonomy":"category","embeddable":true,"href":"https:\/\/temucotelevision.cl\/web\/wp-json\/wp\/v2\/categories?post=36708"},{"taxonomy":"post_tag","embeddable":true,"href":"https:\/\/temucotelevision.cl\/web\/wp-json\/wp\/v2\/tags?post=36708"}],"curies":[{"name":"wp","href":"https:\/\/api.w.org\/{rel}","templated":true}]}}