{"id":36705,"date":"2022-11-15T10:03:11","date_gmt":"2022-11-15T13:03:11","guid":{"rendered":"https:\/\/temucotelevision.cl\/web\/?p=36705"},"modified":"2022-11-15T10:03:11","modified_gmt":"2022-11-15T13:03:11","slug":"regionalistas-verdes-respaldan-propuesta-de-zona-de-rezago-para-la-araucania","status":"publish","type":"post","link":"https:\/\/temucotelevision.cl\/web\/2022\/11\/15\/regionalistas-verdes-respaldan-propuesta-de-zona-de-rezago-para-la-araucania\/","title":{"rendered":"Regionalistas Verdes respaldan propuesta de zona de rezago para La Araucan\u00eda"},"content":{"rendered":"<div class=\"pvc_clear\"><\/div><p id=\"pvc_stats_36705\" class=\"pvc_stats total_only  \" data-element-id=\"36705\" style=\"\"><i class=\"pvc-stats-icon large\" aria-hidden=\"true\"><svg aria-hidden=\"true\" focusable=\"false\" data-prefix=\"far\" data-icon=\"chart-bar\" role=\"img\" xmlns=\"http:\/\/www.w3.org\/2000\/svg\" viewBox=\"0 0 512 512\" class=\"svg-inline--fa fa-chart-bar fa-w-16 fa-2x\"><path fill=\"currentColor\" d=\"M396.8 352h22.4c6.4 0 12.8-6.4 12.8-12.8V108.8c0-6.4-6.4-12.8-12.8-12.8h-22.4c-6.4 0-12.8 6.4-12.8 12.8v230.4c0 6.4 6.4 12.8 12.8 12.8zm-192 0h22.4c6.4 0 12.8-6.4 12.8-12.8V140.8c0-6.4-6.4-12.8-12.8-12.8h-22.4c-6.4 0-12.8 6.4-12.8 12.8v198.4c0 6.4 6.4 12.8 12.8 12.8zm96 0h22.4c6.4 0 12.8-6.4 12.8-12.8V204.8c0-6.4-6.4-12.8-12.8-12.8h-22.4c-6.4 0-12.8 6.4-12.8 12.8v134.4c0 6.4 6.4 12.8 12.8 12.8zM496 400H48V80c0-8.84-7.16-16-16-16H16C7.16 64 0 71.16 0 80v336c0 17.67 14.33 32 32 32h464c8.84 0 16-7.16 16-16v-16c0-8.84-7.16-16-16-16zm-387.2-48h22.4c6.4 0 12.8-6.4 12.8-12.8v-70.4c0-6.4-6.4-12.8-12.8-12.8h-22.4c-6.4 0-12.8 6.4-12.8 12.8v70.4c0 6.4 6.4 12.8 12.8 12.8z\" class=\"\"><\/path><\/svg><\/i> <img loading=\"lazy\" decoding=\"async\" width=\"16\" height=\"16\" alt=\"Loading\" src=\"https:\/\/temucotelevision.cl\/web\/wp-content\/plugins\/page-views-count\/ajax-loader-2x.gif\" border=0 \/><\/p><div class=\"pvc_clear\"><\/div>\n<p><strong><em>Presidente Boric en entrevista en el austral inform\u00f3 que una de las propuestas para mejorar la inversi\u00f3n es declarar zona de rezago a toda La Araucan\u00eda<\/em><\/strong><\/p>\n\n\n\n<p>\u201cComo una propuesta que permite combatir las brechas de desigualdad y de justicia territorial con otras regiones del pa\u00eds\u201d, calific\u00f3 la Federaci\u00f3n Regionalistas Verde de La Araucan\u00eda, la informaci\u00f3n entregada por el Presidente Boric en entrevista ante al Diario Austral respecto a estudiar la posibilidad de declarar a toda La Araucan\u00eda como una zona de rezago.<\/p>\n\n\n\n<p>Para la FREVS Araucan\u00eda la visita del Presidente Boric fue del todo exitosa ya que \u201cabord\u00f3 una l\u00ednea clara en seguridad con mayor inversi\u00f3n y equipamiento para combatir la violencia rural, habilita con rango de Estado una comisi\u00f3n para la Paz y Restituci\u00f3n Territorial como fondo central del conflicto en nuestra regi\u00f3n y junto con ello la focalizaci\u00f3n de inversiones a trav\u00e9s de un plan, donde sin duda, uno de sus ejes podr\u00eda ser la declaraci\u00f3n de rezago para toda La Araucan\u00eda y con ello, mejorar y focalizar la inversi\u00f3n e iniciativas en agua, salud, caminos, educaci\u00f3n, fomento e infraestructura para el buen vivir en todo Malleco y Caut\u00edn y no solo en las comunas de la regi\u00f3n que tienen la categor\u00eda de rezago\u201d.<\/p>\n\n\n\n<p><strong><u>Conflicto y violencia<\/u><\/strong><\/p>\n\n\n\n<p>En tanto, la comisi\u00f3n pol\u00edtica mapuche de la FREVS sostuvo que \u201crespecto al fundamentalismo y radicalismo de grupos que tomaron la v\u00eda del sabotaje, este ha escalado a niveles peligrosos en busca de generar un conflicto \u00e9tnico. Como izquierda democr\u00e1tica rechazamos con fuerza y convicci\u00f3n toda acci\u00f3n de violencia rural para aislar estos grupos de lo que es la lucha leg\u00edtima del pueblo mapuche en el marco de los derechos&nbsp; humanos\u201d.<\/p>\n\n\n\n<p>Asimismo la comisi\u00f3n pol\u00edtica mapuche, expres\u00f3 que \u201csalirse la lucha mapuche del marco de los derechos humanos implica alicientes para un conflicto \u00e9tnico-pol\u00edtico favorable a los sectores ultras que pueden provocar a 30 a\u00f1os m\u00e1s la balcanizaci\u00f3n (t\u00e9rmino geopol\u00edtico para describir la fragmentaci\u00f3n de una regi\u00f3n) de La Araucan\u00eda, por ello que los movimientos y comunidades deben sacar la voz y asumir esta posici\u00f3n en el marco de los derechos humanos\u201d.<\/p>\n\n\n\n<p>Agreg\u00f3 la FREVS adem\u00e1s que \u201cuna futura regi\u00f3n de rezago requiere contar con la seguridad para que las inversiones lleguen a los territorios, con agua y caminos. Quienes atentan contra la ejecuci\u00f3n de sistemas de agua potable rural, como ocurri\u00f3 en Pelon Mapu o en contra empresas que pavimentan caminos en territorio mapuche, tienen todo nuestro repudio y rechazo, ya que es un atentado contra la dignidad y la vida de los territorios\u201d.<\/p>\n\n\n\n<p>Por \u00faltimo, la FREVS Araucan\u00eda manifest\u00f3 que \u201cel Presidente Boric nos dej\u00f3 una gran tarea a ejecutar en la regi\u00f3n, por lo que nos ponemos a disposici\u00f3n con todos nuestros cuadros t\u00e9cnicos, pol\u00edticos y territoriales ante la Delegaci\u00f3n Presidencial y ante el Comisionado por La Paz, para sacar esta gran tarea adelante, la que requiere de todo nuestro compromiso, convicci\u00f3n y dedicaci\u00f3n hasta el t\u00e9rmino de nuestro mandato popular\u201d, concluyeron.<\/p>\n","protected":false},"excerpt":{"rendered":"<div class=\"pvc_clear\"><\/div>\n<p id=\"pvc_stats_36705\" class=\"pvc_stats total_only  \" data-element-id=\"36705\" style=\"\"><i class=\"pvc-stats-icon large\" aria-hidden=\"true\"><svg aria-hidden=\"true\" focusable=\"false\" data-prefix=\"far\" data-icon=\"chart-bar\" role=\"img\" xmlns=\"http:\/\/www.w3.org\/2000\/svg\" viewBox=\"0 0 512 512\" class=\"svg-inline--fa fa-chart-bar fa-w-16 fa-2x\"><path fill=\"currentColor\" d=\"M396.8 352h22.4c6.4 0 12.8-6.4 12.8-12.8V108.8c0-6.4-6.4-12.8-12.8-12.8h-22.4c-6.4 0-12.8 6.4-12.8 12.8v230.4c0 6.4 6.4 12.8 12.8 12.8zm-192 0h22.4c6.4 0 12.8-6.4 12.8-12.8V140.8c0-6.4-6.4-12.8-12.8-12.8h-22.4c-6.4 0-12.8 6.4-12.8 12.8v198.4c0 6.4 6.4 12.8 12.8 12.8zm96 0h22.4c6.4 0 12.8-6.4 12.8-12.8V204.8c0-6.4-6.4-12.8-12.8-12.8h-22.4c-6.4 0-12.8 6.4-12.8 12.8v134.4c0 6.4 6.4 12.8 12.8 12.8zM496 400H48V80c0-8.84-7.16-16-16-16H16C7.16 64 0 71.16 0 80v336c0 17.67 14.33 32 32 32h464c8.84 0 16-7.16 16-16v-16c0-8.84-7.16-16-16-16zm-387.2-48h22.4c6.4 0 12.8-6.4 12.8-12.8v-70.4c0-6.4-6.4-12.8-12.8-12.8h-22.4c-6.4 0-12.8 6.4-12.8 12.8v70.4c0 6.4 6.4 12.8 12.8 12.8z\" class=\"\"><\/path><\/svg><\/i> <img loading=\"lazy\" decoding=\"async\" width=\"16\" height=\"16\" alt=\"Loading\" src=\"https:\/\/temucotelevision.cl\/web\/wp-content\/plugins\/page-views-count\/ajax-loader-2x.gif\" border=0 \/><\/p>\n<div class=\"pvc_clear\"><\/div>\n<p>Presidente Boric en entrevista en el austral inform\u00f3 que una de las propuestas para mejorar la inversi\u00f3n es declarar zona<\/p>\n","protected":false},"author":1,"featured_media":36706,"comment_status":"open","ping_status":"open","sticky":false,"template":"","format":"standard","meta":{"colormag_page_container_layout":"default_layout","colormag_page_sidebar_layout":"default_layout","footnotes":""},"categories":[15,84],"tags":[3989,1087,176,2575],"class_list":["post-36705","post","type-post","status-publish","format-standard","has-post-thumbnail","hentry","category-la-araucania","category-politica","tag-boric","tag-inversion","tag-presidente","tag-propuesta"],"a3_pvc":{"activated":true,"total_views":37,"today_views":0},"_links":{"self":[{"href":"https:\/\/temucotelevision.cl\/web\/wp-json\/wp\/v2\/posts\/36705","targetHints":{"allow":["GET"]}}],"collection":[{"href":"https:\/\/temucotelevision.cl\/web\/wp-json\/wp\/v2\/posts"}],"about":[{"href":"https:\/\/temucotelevision.cl\/web\/wp-json\/wp\/v2\/types\/post"}],"author":[{"embeddable":true,"href":"https:\/\/temucotelevision.cl\/web\/wp-json\/wp\/v2\/users\/1"}],"replies":[{"embeddable":true,"href":"https:\/\/temucotelevision.cl\/web\/wp-json\/wp\/v2\/comments?post=36705"}],"version-history":[{"count":1,"href":"https:\/\/temucotelevision.cl\/web\/wp-json\/wp\/v2\/posts\/36705\/revisions"}],"predecessor-version":[{"id":36707,"href":"https:\/\/temucotelevision.cl\/web\/wp-json\/wp\/v2\/posts\/36705\/revisions\/36707"}],"wp:featuredmedia":[{"embeddable":true,"href":"https:\/\/temucotelevision.cl\/web\/wp-json\/wp\/v2\/media\/36706"}],"wp:attachment":[{"href":"https:\/\/temucotelevision.cl\/web\/wp-json\/wp\/v2\/media?parent=36705"}],"wp:term":[{"taxonomy":"category","embeddable":true,"href":"https:\/\/temucotelevision.cl\/web\/wp-json\/wp\/v2\/categories?post=36705"},{"taxonomy":"post_tag","embeddable":true,"href":"https:\/\/temucotelevision.cl\/web\/wp-json\/wp\/v2\/tags?post=36705"}],"curies":[{"name":"wp","href":"https:\/\/api.w.org\/{rel}","templated":true}]}}