{"id":36697,"date":"2022-11-14T19:56:37","date_gmt":"2022-11-14T22:56:37","guid":{"rendered":"https:\/\/temucotelevision.cl\/web\/?p=36697"},"modified":"2022-11-14T21:17:27","modified_gmt":"2022-11-15T00:17:27","slug":"banda-regional-inche-presenta-concierto-fogon-ancestral-artista-invitado-leo-makepillan","status":"publish","type":"post","link":"https:\/\/temucotelevision.cl\/web\/2022\/11\/14\/banda-regional-inche-presenta-concierto-fogon-ancestral-artista-invitado-leo-makepillan\/","title":{"rendered":"Banda regional INCHE presenta concierto &#8220;Fog\u00f3n Ancestral&#8221;, artista invitado Leo Mankepill\u00e1n"},"content":{"rendered":"<div class=\"pvc_clear\"><\/div><p id=\"pvc_stats_36697\" class=\"pvc_stats total_only  \" data-element-id=\"36697\" style=\"\"><i class=\"pvc-stats-icon large\" aria-hidden=\"true\"><svg aria-hidden=\"true\" focusable=\"false\" data-prefix=\"far\" data-icon=\"chart-bar\" role=\"img\" xmlns=\"http:\/\/www.w3.org\/2000\/svg\" viewBox=\"0 0 512 512\" class=\"svg-inline--fa fa-chart-bar fa-w-16 fa-2x\"><path fill=\"currentColor\" d=\"M396.8 352h22.4c6.4 0 12.8-6.4 12.8-12.8V108.8c0-6.4-6.4-12.8-12.8-12.8h-22.4c-6.4 0-12.8 6.4-12.8 12.8v230.4c0 6.4 6.4 12.8 12.8 12.8zm-192 0h22.4c6.4 0 12.8-6.4 12.8-12.8V140.8c0-6.4-6.4-12.8-12.8-12.8h-22.4c-6.4 0-12.8 6.4-12.8 12.8v198.4c0 6.4 6.4 12.8 12.8 12.8zm96 0h22.4c6.4 0 12.8-6.4 12.8-12.8V204.8c0-6.4-6.4-12.8-12.8-12.8h-22.4c-6.4 0-12.8 6.4-12.8 12.8v134.4c0 6.4 6.4 12.8 12.8 12.8zM496 400H48V80c0-8.84-7.16-16-16-16H16C7.16 64 0 71.16 0 80v336c0 17.67 14.33 32 32 32h464c8.84 0 16-7.16 16-16v-16c0-8.84-7.16-16-16-16zm-387.2-48h22.4c6.4 0 12.8-6.4 12.8-12.8v-70.4c0-6.4-6.4-12.8-12.8-12.8h-22.4c-6.4 0-12.8 6.4-12.8 12.8v70.4c0 6.4 6.4 12.8 12.8 12.8z\" class=\"\"><\/path><\/svg><\/i> <img loading=\"lazy\" decoding=\"async\" width=\"16\" height=\"16\" alt=\"Loading\" src=\"https:\/\/temucotelevision.cl\/web\/wp-content\/plugins\/page-views-count\/ajax-loader-2x.gif\" border=0 \/><\/p><div class=\"pvc_clear\"><\/div>\n<p>En el marco de la promoci\u00f3n del disco MORENIDAD (<a href=\"https:\/\/www.youtube.com\/watch?v=7Qtou0rVbyo\" target=\"_blank\" rel=\"noreferrer noopener\">https:\/\/www.youtube.com\/watch?v=7Qtou0rVbyo<\/a>), la banda&nbsp;regional INCHE @inche_musica, te invita a ser parte de este espacio musical donde ser\u00e1 tocado el disco de forma \u00edntegra, adem\u00e1s de compartir el proceso creativo del \u00e1lbum. El concierto ser\u00e1 desarrollado en el espacio \u201cLa Colmena @lacolmenacl\u201d ubicado en Francisco Bilbao #848, Temuco.<\/p>\n\n\n\n<p>El artista invitado para abrir el \u201cFog\u00f3n Ancestral\u201d es Leo Mankepill\u00e1n @leomankepillan. Cantor y compositor de la comuna de Lanco, regi\u00f3n de los r\u00edos quien comienza su carrera musical el a\u00f1o 2009 incursionando en el g\u00e9nero de la trova y ra\u00edces del folclore latinoamericano. En sus creaciones enfatiza el respeto por la naturaleza, los elementos y el legado de sus ancestros.<\/p>\n\n\n\n<p>Las entradas est\u00e1n a la venta por Sistema EVENTRID: $5.000 Preventa | $7.000 General (d\u00eda del evento) (<a href=\"https:\/\/www.eventrid.cl\/eventos\/humodetemu\/inche-fogon-ancestral-invitado-leo-mankepillan\" target=\"_blank\" rel=\"noreferrer noopener\">https:\/\/www.eventrid.cl\/eventos\/humodetemu\/inche-fogon-ancestral-invitado-leo-mankepillan<\/a>).&nbsp;<\/p>\n\n\n\n<p>INCHE (palabra del mapudung\u00fcn que significa YO SOY), banda de la ciudad de Temuco que inicia el trabajo musical en marzo del a\u00f1o 2018 con el objetivo de promover la cultura mapuche por medio del liderazgo femenino, fusionando los sonidos mapuches con el rock y rescatando en las letras aspectos de la cosmovisi\u00f3n, rol de la mujer mapuche y la memoria hist\u00f3rica. Sus integrantes son: Paola Linconao Caniulaf (voz, guitarra electroac\u00fastica e instrumentos mapuches), Nicol\u00e1s Molina Rojas (bajo el\u00e9ctrico y coros), Patricio Chico Alarc\u00f3n (guitarra el\u00e9ctrica y coros) y Javier Huili\u00f1ir Cur\u00edo (bater\u00eda).<\/p>\n","protected":false},"excerpt":{"rendered":"<div class=\"pvc_clear\"><\/div>\n<p id=\"pvc_stats_36697\" class=\"pvc_stats total_only  \" data-element-id=\"36697\" style=\"\"><i class=\"pvc-stats-icon large\" aria-hidden=\"true\"><svg aria-hidden=\"true\" focusable=\"false\" data-prefix=\"far\" data-icon=\"chart-bar\" role=\"img\" xmlns=\"http:\/\/www.w3.org\/2000\/svg\" viewBox=\"0 0 512 512\" class=\"svg-inline--fa fa-chart-bar fa-w-16 fa-2x\"><path fill=\"currentColor\" d=\"M396.8 352h22.4c6.4 0 12.8-6.4 12.8-12.8V108.8c0-6.4-6.4-12.8-12.8-12.8h-22.4c-6.4 0-12.8 6.4-12.8 12.8v230.4c0 6.4 6.4 12.8 12.8 12.8zm-192 0h22.4c6.4 0 12.8-6.4 12.8-12.8V140.8c0-6.4-6.4-12.8-12.8-12.8h-22.4c-6.4 0-12.8 6.4-12.8 12.8v198.4c0 6.4 6.4 12.8 12.8 12.8zm96 0h22.4c6.4 0 12.8-6.4 12.8-12.8V204.8c0-6.4-6.4-12.8-12.8-12.8h-22.4c-6.4 0-12.8 6.4-12.8 12.8v134.4c0 6.4 6.4 12.8 12.8 12.8zM496 400H48V80c0-8.84-7.16-16-16-16H16C7.16 64 0 71.16 0 80v336c0 17.67 14.33 32 32 32h464c8.84 0 16-7.16 16-16v-16c0-8.84-7.16-16-16-16zm-387.2-48h22.4c6.4 0 12.8-6.4 12.8-12.8v-70.4c0-6.4-6.4-12.8-12.8-12.8h-22.4c-6.4 0-12.8 6.4-12.8 12.8v70.4c0 6.4 6.4 12.8 12.8 12.8z\" class=\"\"><\/path><\/svg><\/i> <img loading=\"lazy\" decoding=\"async\" width=\"16\" height=\"16\" alt=\"Loading\" src=\"https:\/\/temucotelevision.cl\/web\/wp-content\/plugins\/page-views-count\/ajax-loader-2x.gif\" border=0 \/><\/p>\n<div class=\"pvc_clear\"><\/div>\n<p>En el marco de la promoci\u00f3n del disco MORENIDAD (https:\/\/www.youtube.com\/watch?v=7Qtou0rVbyo), la banda&nbsp;regional INCHE @inche_musica, te invita a ser parte de<\/p>\n","protected":false},"author":1,"featured_media":36699,"comment_status":"open","ping_status":"open","sticky":false,"template":"","format":"standard","meta":{"colormag_page_container_layout":"default_layout","colormag_page_sidebar_layout":"default_layout","footnotes":""},"categories":[369,86],"tags":[635,1010,900,2137,5955],"class_list":["post-36697","post","type-post","status-publish","format-standard","has-post-thumbnail","hentry","category-musica","category-panoramas","tag-banda","tag-concierto","tag-disco","tag-inche","tag-promocion"],"a3_pvc":{"activated":true,"total_views":64,"today_views":0},"_links":{"self":[{"href":"https:\/\/temucotelevision.cl\/web\/wp-json\/wp\/v2\/posts\/36697","targetHints":{"allow":["GET"]}}],"collection":[{"href":"https:\/\/temucotelevision.cl\/web\/wp-json\/wp\/v2\/posts"}],"about":[{"href":"https:\/\/temucotelevision.cl\/web\/wp-json\/wp\/v2\/types\/post"}],"author":[{"embeddable":true,"href":"https:\/\/temucotelevision.cl\/web\/wp-json\/wp\/v2\/users\/1"}],"replies":[{"embeddable":true,"href":"https:\/\/temucotelevision.cl\/web\/wp-json\/wp\/v2\/comments?post=36697"}],"version-history":[{"count":2,"href":"https:\/\/temucotelevision.cl\/web\/wp-json\/wp\/v2\/posts\/36697\/revisions"}],"predecessor-version":[{"id":36704,"href":"https:\/\/temucotelevision.cl\/web\/wp-json\/wp\/v2\/posts\/36697\/revisions\/36704"}],"wp:featuredmedia":[{"embeddable":true,"href":"https:\/\/temucotelevision.cl\/web\/wp-json\/wp\/v2\/media\/36699"}],"wp:attachment":[{"href":"https:\/\/temucotelevision.cl\/web\/wp-json\/wp\/v2\/media?parent=36697"}],"wp:term":[{"taxonomy":"category","embeddable":true,"href":"https:\/\/temucotelevision.cl\/web\/wp-json\/wp\/v2\/categories?post=36697"},{"taxonomy":"post_tag","embeddable":true,"href":"https:\/\/temucotelevision.cl\/web\/wp-json\/wp\/v2\/tags?post=36697"}],"curies":[{"name":"wp","href":"https:\/\/api.w.org\/{rel}","templated":true}]}}