{"id":36692,"date":"2022-11-14T19:48:43","date_gmt":"2022-11-14T22:48:43","guid":{"rendered":"https:\/\/temucotelevision.cl\/web\/?p=36692"},"modified":"2022-11-14T19:48:44","modified_gmt":"2022-11-14T22:48:44","slug":"alex-mellado-larrain-inaugura-exposicion-pinturas-negras-en-galeria-de-arte-uc-de-temuco","status":"publish","type":"post","link":"https:\/\/temucotelevision.cl\/web\/2022\/11\/14\/alex-mellado-larrain-inaugura-exposicion-pinturas-negras-en-galeria-de-arte-uc-de-temuco\/","title":{"rendered":"\u00c1lex Mellado Larra\u00edn inaugura\u00a0exposici\u00f3n Pinturas Negras en galer\u00eda de arte UC de Temuco"},"content":{"rendered":"<div class=\"pvc_clear\"><\/div><p id=\"pvc_stats_36692\" class=\"pvc_stats total_only  \" data-element-id=\"36692\" style=\"\"><i class=\"pvc-stats-icon large\" aria-hidden=\"true\"><svg aria-hidden=\"true\" focusable=\"false\" data-prefix=\"far\" data-icon=\"chart-bar\" role=\"img\" xmlns=\"http:\/\/www.w3.org\/2000\/svg\" viewBox=\"0 0 512 512\" class=\"svg-inline--fa fa-chart-bar fa-w-16 fa-2x\"><path fill=\"currentColor\" d=\"M396.8 352h22.4c6.4 0 12.8-6.4 12.8-12.8V108.8c0-6.4-6.4-12.8-12.8-12.8h-22.4c-6.4 0-12.8 6.4-12.8 12.8v230.4c0 6.4 6.4 12.8 12.8 12.8zm-192 0h22.4c6.4 0 12.8-6.4 12.8-12.8V140.8c0-6.4-6.4-12.8-12.8-12.8h-22.4c-6.4 0-12.8 6.4-12.8 12.8v198.4c0 6.4 6.4 12.8 12.8 12.8zm96 0h22.4c6.4 0 12.8-6.4 12.8-12.8V204.8c0-6.4-6.4-12.8-12.8-12.8h-22.4c-6.4 0-12.8 6.4-12.8 12.8v134.4c0 6.4 6.4 12.8 12.8 12.8zM496 400H48V80c0-8.84-7.16-16-16-16H16C7.16 64 0 71.16 0 80v336c0 17.67 14.33 32 32 32h464c8.84 0 16-7.16 16-16v-16c0-8.84-7.16-16-16-16zm-387.2-48h22.4c6.4 0 12.8-6.4 12.8-12.8v-70.4c0-6.4-6.4-12.8-12.8-12.8h-22.4c-6.4 0-12.8 6.4-12.8 12.8v70.4c0 6.4 6.4 12.8 12.8 12.8z\" class=\"\"><\/path><\/svg><\/i> <img loading=\"lazy\" decoding=\"async\" width=\"16\" height=\"16\" alt=\"Loading\" src=\"https:\/\/temucotelevision.cl\/web\/wp-content\/plugins\/page-views-count\/ajax-loader-2x.gif\" border=0 \/><\/p><div class=\"pvc_clear\"><\/div>\n<p>Del <strong>17 DE NOVIEMBRE al 16 DE DICIEMBRE 2022<\/strong><\/p>\n\n\n\n<p>La \u00faltima exposici\u00f3n del a\u00f1o,&nbsp;<strong><em>\u201cPinturas Negras\u201d,&nbsp;<\/em><\/strong>llega a la Galer\u00eda de Arte de la Universidad Cat\u00f3lica de Temuco, una exposici\u00f3n que explora el tiempo y la memoria a trav\u00e9s de los conceptos de fragilidad e impermanencia.&nbsp;<\/p>\n\n\n\n<p><strong>INAUGURACI\u00d3N<\/strong>:\u00a0<strong><u>JUEVES 17 DE NOVIEMBRE 2022<\/u><\/strong>\u00a0en la galer\u00eda de Arte de la Universidad Cat\u00f3lica de Temuco, Campus Menchaca Lira, Av. Alemania 422.<\/p>\n\n\n\n<p>El 17 de noviembre se inaugura en la galer\u00eda de arte de la Universidad Cat\u00f3lica de Temuco la exposici\u00f3n&nbsp;<strong><em>\u201cPinturas Negras<\/em><\/strong>\u201d del artista visual Alex Mellado Larra\u00edn a trav\u00e9s la cual el artista presenta el resultado de un proceso creativo en pintura experimental centrado en los conceptos de fragilidad e impermanencia.&nbsp;<\/p>\n\n\n\n<p>La exposici\u00f3n est\u00e1 compuesta por dos series de pinturas donde el uso de diversos materiales, entre los cuales encontramos hojas oxidadas de libros intervenidas con dibujos o gestos, sirve de soporte para el acto pict\u00f3rico.&nbsp;&nbsp;<\/p>\n\n\n\n<p>La primera serie, denominada \u201cIntemperie\u201d, corresponde a un grupo de pinturas expuestas por cinco a\u00f1os a la inclemencia del clima de nuestra Araucan\u00eda y que, en su estado actual, luego de este periodo de tiempo, nos invita a dialogar y reflexionar en torno a la fragilidad de la superficie desde la contemplaci\u00f3n.&nbsp;&nbsp;<\/p>\n\n\n\n<p>La segunda serie de obras, denominada \u2018el lenguaje del fuego\u2019 explora otro tipo de soporte: el barro-arcilla. Al tratarse de arcilla, la obra fue expuesta al fuego para lograr un estado cer\u00e1mico. Dicho trabajo se realiz\u00f3 en diversos parajes de la Araucan\u00eda con el objetivo de entregar al soporte una memoria de lugar.&nbsp;<\/p>\n\n\n\n<p>A prop\u00f3sito, el artista comenta lo siguiente: \u201cLa propuesta general se establece desde el sentido metaf\u00f3rico o po\u00e9tico de los materiales y superficies la cuales fueron expuestas a la intemperie, clima, fuego y tiempo. Los di\u00e1logos t\u00e9cnicos desde la pintura buscan el gesto y la marca, el contraste&nbsp;&nbsp;desde la diversidad de soportes y texturas. Es Pinturas Negras una propuesta que dialoga desde econom\u00eda de medios para poder potenciarlos al m\u00e1ximo.\u201d<\/p>\n\n\n\n<p>Por su lado, la directora de la galer\u00eda, Daniela Gaete, menciona: \u201cSiempre es interesante ver y conocer el trabajo art\u00edstico que los docentes de nuestra escuela se encuentran realizando. En este caso Alex Mellado, nos introduce en una investigaci\u00f3n, en la cual describe procesos vivenciales vinculados a la transformaci\u00f3n de la materia, ya sea por efectos de la exposici\u00f3n directa al fuego, como tambi\u00e9n al tiempo. La est\u00e9tica material que atesoran las diversas superficies, describen una memoria vinculada a&nbsp;&nbsp;los conceptos de fragilidad e impermanencia.\u201d&nbsp;&nbsp;&nbsp;<\/p>\n\n\n\n<p>La exposici\u00f3n Pinturas Negras estar\u00e1 abierta al p\u00fablico en la galer\u00eda de arte de la Universidad Cat\u00f3lica hasta el 16 de diciembre de lunes a viernes de las 13 a las 19 horas. La entrada es gratuita y liberada.&nbsp;&nbsp;<\/p>\n\n\n\n<p><strong>SOBRE EL ARTISTA<\/strong><\/p>\n\n\n\n<p>Alex Mellado Larra\u00edn (Santiago, 1977), licenciado en Artes con menci\u00f3n en Pintura,&nbsp;se desempe\u00f1a como&nbsp;artista visual e investigador. Desarrolla proyectos en producci\u00f3n visual desde la investigaci\u00f3n y creaci\u00f3n en el campo de pintura experimental y su relaci\u00f3n con el entorno, el patrimonio y la memoria colectiva. Adem\u00e1s se desempe\u00f1a como acad\u00e9mico de la Universidad Cat\u00f3lica de Temuco en el departamento de Artes de la Facultad de Arquitectura, Arte y Dise\u00f1o. Trabaja en espacios vinculados al arte terapia en distintas instituciones tales como el Hospital Hern\u00e1n Henr\u00edquez Aravena (Temuco) a trav\u00e9s el programa CIRP para pacientes con esquizofrenia y la Fundaci\u00f3n Tierra de Esperanza a trav\u00e9s el programa PAI Newenche dirigido a adolescentes infractores de la ley que presentan consumo problem\u00e1tico de drogas y estupefacientes.&nbsp;&nbsp;<\/p>\n\n\n\n<p><strong>INFORMACI\u00d3N GALER\u00cdA&nbsp;<\/strong><\/p>\n\n\n\n<p>Horario de visita: de lunes a viernes de 13 a 19 hrs en Alemania 0422, Temuco (Campus Menchaca Lira) \u2013 Entrada liberada&nbsp;<\/p>\n\n\n\n<p>M\u00e1s informaci\u00f3n&nbsp;en&nbsp;<a href=\"http:\/\/galeriaarte.uct.cl\/\">http:\/\/galeriaarte.uct.cl\/<\/a>&nbsp;&nbsp;<\/p>\n\n\n\n<p><\/p>\n","protected":false},"excerpt":{"rendered":"<div class=\"pvc_clear\"><\/div>\n<p id=\"pvc_stats_36692\" class=\"pvc_stats total_only  \" data-element-id=\"36692\" style=\"\"><i class=\"pvc-stats-icon large\" aria-hidden=\"true\"><svg aria-hidden=\"true\" focusable=\"false\" data-prefix=\"far\" data-icon=\"chart-bar\" role=\"img\" xmlns=\"http:\/\/www.w3.org\/2000\/svg\" viewBox=\"0 0 512 512\" class=\"svg-inline--fa fa-chart-bar fa-w-16 fa-2x\"><path fill=\"currentColor\" d=\"M396.8 352h22.4c6.4 0 12.8-6.4 12.8-12.8V108.8c0-6.4-6.4-12.8-12.8-12.8h-22.4c-6.4 0-12.8 6.4-12.8 12.8v230.4c0 6.4 6.4 12.8 12.8 12.8zm-192 0h22.4c6.4 0 12.8-6.4 12.8-12.8V140.8c0-6.4-6.4-12.8-12.8-12.8h-22.4c-6.4 0-12.8 6.4-12.8 12.8v198.4c0 6.4 6.4 12.8 12.8 12.8zm96 0h22.4c6.4 0 12.8-6.4 12.8-12.8V204.8c0-6.4-6.4-12.8-12.8-12.8h-22.4c-6.4 0-12.8 6.4-12.8 12.8v134.4c0 6.4 6.4 12.8 12.8 12.8zM496 400H48V80c0-8.84-7.16-16-16-16H16C7.16 64 0 71.16 0 80v336c0 17.67 14.33 32 32 32h464c8.84 0 16-7.16 16-16v-16c0-8.84-7.16-16-16-16zm-387.2-48h22.4c6.4 0 12.8-6.4 12.8-12.8v-70.4c0-6.4-6.4-12.8-12.8-12.8h-22.4c-6.4 0-12.8 6.4-12.8 12.8v70.4c0 6.4 6.4 12.8 12.8 12.8z\" class=\"\"><\/path><\/svg><\/i> <img loading=\"lazy\" decoding=\"async\" width=\"16\" height=\"16\" alt=\"Loading\" src=\"https:\/\/temucotelevision.cl\/web\/wp-content\/plugins\/page-views-count\/ajax-loader-2x.gif\" border=0 \/><\/p>\n<div class=\"pvc_clear\"><\/div>\n<p>Del 17 DE NOVIEMBRE al 16 DE DICIEMBRE 2022 La \u00faltima exposici\u00f3n del a\u00f1o,&nbsp;\u201cPinturas Negras\u201d,&nbsp;llega a la Galer\u00eda de Arte<\/p>\n","protected":false},"author":1,"featured_media":36694,"comment_status":"open","ping_status":"open","sticky":false,"template":"","format":"standard","meta":{"colormag_page_container_layout":"default_layout","colormag_page_sidebar_layout":"default_layout","footnotes":""},"categories":[86],"tags":[281,876,278,5954,5953],"class_list":["post-36692","post","type-post","status-publish","format-standard","has-post-thumbnail","hentry","category-panoramas","tag-arte","tag-exposicion","tag-galeria","tag-negras","tag-pinturas"],"a3_pvc":{"activated":true,"total_views":110,"today_views":0},"_links":{"self":[{"href":"https:\/\/temucotelevision.cl\/web\/wp-json\/wp\/v2\/posts\/36692","targetHints":{"allow":["GET"]}}],"collection":[{"href":"https:\/\/temucotelevision.cl\/web\/wp-json\/wp\/v2\/posts"}],"about":[{"href":"https:\/\/temucotelevision.cl\/web\/wp-json\/wp\/v2\/types\/post"}],"author":[{"embeddable":true,"href":"https:\/\/temucotelevision.cl\/web\/wp-json\/wp\/v2\/users\/1"}],"replies":[{"embeddable":true,"href":"https:\/\/temucotelevision.cl\/web\/wp-json\/wp\/v2\/comments?post=36692"}],"version-history":[{"count":1,"href":"https:\/\/temucotelevision.cl\/web\/wp-json\/wp\/v2\/posts\/36692\/revisions"}],"predecessor-version":[{"id":36695,"href":"https:\/\/temucotelevision.cl\/web\/wp-json\/wp\/v2\/posts\/36692\/revisions\/36695"}],"wp:featuredmedia":[{"embeddable":true,"href":"https:\/\/temucotelevision.cl\/web\/wp-json\/wp\/v2\/media\/36694"}],"wp:attachment":[{"href":"https:\/\/temucotelevision.cl\/web\/wp-json\/wp\/v2\/media?parent=36692"}],"wp:term":[{"taxonomy":"category","embeddable":true,"href":"https:\/\/temucotelevision.cl\/web\/wp-json\/wp\/v2\/categories?post=36692"},{"taxonomy":"post_tag","embeddable":true,"href":"https:\/\/temucotelevision.cl\/web\/wp-json\/wp\/v2\/tags?post=36692"}],"curies":[{"name":"wp","href":"https:\/\/api.w.org\/{rel}","templated":true}]}}