{"id":36689,"date":"2022-11-14T19:55:28","date_gmt":"2022-11-14T22:55:28","guid":{"rendered":"https:\/\/temucotelevision.cl\/web\/?p=36689"},"modified":"2022-11-16T22:04:42","modified_gmt":"2022-11-17T01:04:42","slug":"maldrung-cierra-el-ano-con-el-single-algo-de-mi-sigue-en-ti","status":"publish","type":"post","link":"https:\/\/temucotelevision.cl\/web\/2022\/11\/14\/maldrung-cierra-el-ano-con-el-single-algo-de-mi-sigue-en-ti\/","title":{"rendered":"Maldrung cierra el a\u00f1o con el single \u201cAlgo de m\u00ed sigue en ti\u201d"},"content":{"rendered":"<div class=\"pvc_clear\"><\/div><p id=\"pvc_stats_36689\" class=\"pvc_stats total_only  \" data-element-id=\"36689\" style=\"\"><i class=\"pvc-stats-icon large\" aria-hidden=\"true\"><svg aria-hidden=\"true\" focusable=\"false\" data-prefix=\"far\" data-icon=\"chart-bar\" role=\"img\" xmlns=\"http:\/\/www.w3.org\/2000\/svg\" viewBox=\"0 0 512 512\" class=\"svg-inline--fa fa-chart-bar fa-w-16 fa-2x\"><path fill=\"currentColor\" d=\"M396.8 352h22.4c6.4 0 12.8-6.4 12.8-12.8V108.8c0-6.4-6.4-12.8-12.8-12.8h-22.4c-6.4 0-12.8 6.4-12.8 12.8v230.4c0 6.4 6.4 12.8 12.8 12.8zm-192 0h22.4c6.4 0 12.8-6.4 12.8-12.8V140.8c0-6.4-6.4-12.8-12.8-12.8h-22.4c-6.4 0-12.8 6.4-12.8 12.8v198.4c0 6.4 6.4 12.8 12.8 12.8zm96 0h22.4c6.4 0 12.8-6.4 12.8-12.8V204.8c0-6.4-6.4-12.8-12.8-12.8h-22.4c-6.4 0-12.8 6.4-12.8 12.8v134.4c0 6.4 6.4 12.8 12.8 12.8zM496 400H48V80c0-8.84-7.16-16-16-16H16C7.16 64 0 71.16 0 80v336c0 17.67 14.33 32 32 32h464c8.84 0 16-7.16 16-16v-16c0-8.84-7.16-16-16-16zm-387.2-48h22.4c6.4 0 12.8-6.4 12.8-12.8v-70.4c0-6.4-6.4-12.8-12.8-12.8h-22.4c-6.4 0-12.8 6.4-12.8 12.8v70.4c0 6.4 6.4 12.8 12.8 12.8z\" class=\"\"><\/path><\/svg><\/i> <img loading=\"lazy\" decoding=\"async\" width=\"16\" height=\"16\" alt=\"Loading\" src=\"https:\/\/temucotelevision.cl\/web\/wp-content\/plugins\/page-views-count\/ajax-loader-2x.gif\" border=0 \/><\/p><div class=\"pvc_clear\"><\/div>\n<p class=\"has-medium-font-size\"><br><strong>El tema, que viene acompa\u00f1ado de su respectivo videoclip, es una potente y melanc\u00f3lica power ballad la cual ser\u00eda el \u00faltimo tema promocional de \u201cInframundo\u201d, segundo \u00e1lbum del cuarteto que fusiona g\u00e9neros tales como el rock, trap, pop, entre otros. Fuera de este lanzamiento, el grupo proyecta presentaciones en vivo para lo que queda de este 2022, adem\u00e1s de ya pensar en un nuevo larga duraci\u00f3n.\u00a0<\/strong><\/p>\n\n\n\n<p>Hace unos d\u00edas, la banda <strong>Maldrung <\/strong>liber\u00f3 <strong>\u201cAlgo de m\u00ed sigue en ti\u201d<\/strong>, \u00faltimo y tercer single de su \u00e1lbum <strong>\u201cInframundo\u201d,<\/strong> trabajo de larga duraci\u00f3n liberado durante este segundo semestre y que destaca por mezclar diversos estilos tales como el trap, metal, rock, pop y m\u00e1s.<\/p>\n\n\n\n<p>Este nuevo sencillo, que viene acompa\u00f1ado de su respectivo videoclip, es una potente y melanc\u00f3lica balada, con secuencias digitales de beats y teclado, que si bien tiene una cierta sonoridad y atm\u00f3sfera oscura, guarda un potente mensaje. <strong>\u201cEste tema es uno de los m\u00e1s profundos que tenemos dentro de nuestra corta carrera y est\u00e1 basado en algo que viv\u00ed en una \u00e9poca puntual de mi vida y me destruy\u00f3 por dentro. Creo que ese sentir es algo colectivo que puede surgir en la vida de cualquier ser humano, s\u00f3lo basta con escuchar un poco la letra y la gente se sentir\u00e1 identificada. Esa sensaci\u00f3n no pod\u00eda quedar apagada\u201d<\/strong>, se\u00f1alan desde el cuarteto.<\/p>\n\n\n\n<p>Palabras a las que completan que <strong>\u201cla letra se basa en recuerdos nost\u00e1lgicos de una relaci\u00f3n que ya no existe, el anhelo de volver el tiempo atr\u00e1s y que a pesar de aquello y la distancia, siempre queda presente algo especial de ambas personas en el coraz\u00f3n del otro u otra\u201d.<\/strong><\/p>\n\n\n\n<p>El clip captura y est\u00e1 impregnado de aquella esencia tem\u00e1tica, muy acorde y en l\u00ednea con lo que significa un power ballad, <strong>\u201ctenemos un contraste de un lindo tema, el cual va con las formalidades que podemos apreciar en el video, y al mismo tiempo, la esencia que al \u00e1lbum &#8216;Inframundo&#8217; contiene. Adem\u00e1s de tener un perfil variado, seg\u00fan el tema de Maldrung que escuches. Siempre marcaremos la diferencia\u201d, <\/strong>dijeron desde la banda.<\/p>\n\n\n\n<p><strong>\u201cEl clip en su mayor\u00eda es descriptivo, pues se presenta a la banda tocando con secuencias que alternan entre cada m\u00fasico en solitario, y planos en donde aparecen todos juntos. Tiene la esencia visual y art\u00edstica del elemento &#8216;claro-oscuro&#8217;, usamos bastante contraste de luces y sombras al estilo Rembrandt. El fondo negro alude a la soledad, la luz fuerte a que a\u00fan hay algo o alguien ah\u00ed, recordando y anhelando mientras pasa el tiempo\u201d, <\/strong>enfatizaron.<\/p>\n\n\n\n<p><strong>Maldrung <\/strong>inici\u00f3 su camino musical a principios del 2019 como un proyecto solista del cantante Maximiliano Osiris. Ya en el 2020 el proyecto libera su primer EP titulado <strong>\u201cC\u00e1nticos de sangre\u201d<\/strong>, trabajo que en el mundo del underground fue bastante conocido y de muy buena recepci\u00f3n, incluso llegando a ser escuchado a nivel internacional. El a\u00f1o pasado, el grupo da el salto hacia su primer larga duraci\u00f3n titulado <strong>\u201cOtra dimensi\u00f3n\u201d,<\/strong> el cual tambi\u00e9n tuvo una recepci\u00f3n positiva dentro de sus seguidores y tambi\u00e9n gan\u00e1ndose un espacio en el circuito musical local. Finalmente, este 2022 y previo al lanzamiento total este 7 de mayo de <strong>\u201cInframundo\u201d<\/strong>, la banda liber\u00f3 el sencillo <strong>\u201cVete\u201d<\/strong>, tambi\u00e9n disponible en las plataformas de streaming. Fuera del frontman, el cuarteto lo integran Rodrigo Basoalto en la bater\u00eda, Jaime Ossa en guitarras y Rodrigo Mu\u00f1oz en bajo.<\/p>\n\n\n\n<p>Proyecciones varias<\/p>\n\n\n\n<p>Tras un intenso y movido a\u00f1o de lanzamientos y grabaciones, el grupo proyecta concluir el a\u00f1o liberando un especial de Navidad en las redes sociales para sus seguidores, es decir, una especie de minidocumental de <strong>Maldrung <\/strong>en que se muestra parte de la actividad de la banda y tomas en vivo. Adem\u00e1s, tendr\u00edan agendas algunas fechas en vivo para estos meses.<\/p>\n\n\n\n<p><strong>&#8220;Tenemos un show ahora este mes y otro en diciembre, primera tocaremos en Piedra Roja, y posteriormente en Chiguayante, un concierto a cargo de la municipalidad de la comuna. Igual hay otras fechas que estamos barajando, pero que a\u00fan no confirmamos\u201d<\/strong>, detalla el vocalista de la banda.<\/p>\n\n\n\n<p>Fuera de esto, ya est\u00e1n pensando lo que ser\u00e1 su siguiente paso discogr\u00e1fico, generando algunas maquetas e ideas. <strong>\u201cTenemos pensado lanzar el tercer \u00e1lbum dentro del primer trimestre del a\u00f1o y pactar con un sello discogr\u00e1fico para potenciar la producci\u00f3n de todo lo que significa Maldrung\u201d,<\/strong> afirma Ossa.<\/p>\n\n\n\n<p>Opini\u00f3n a la que Mu\u00f1oz agrega <strong>\u201cEl 2023 es un a\u00f1o clave para Maldrung. Tendremos un tercer \u00e1lbum que ser\u00e1 una explosi\u00f3n de estilos, de m\u00fasica original y bien pensada. Estamos trabajando en un disco que no dejar\u00e1 indiferente a nuestros seguidores, ya sea por la cruza de estilos que hasta ahora nos caracteriza como banda, y por el contenido de esta m\u00fasica, que nos dejar\u00e1 un \u00e1lbum contundente en todo sentido de la palabra para nuestros fans. En esta entrega, queremos dejar todo en la cancha, para que podamos disfrutar de este nuevo \u00e1lbum, y las giras y conciertos que logremos generar para todo el pr\u00f3ximo a\u00f1o dentro del pa\u00eds\u201d.<\/strong><\/p>\n\n\n\n<p>Para conocer m\u00e1s detalles de esta emergente y promisoria propuesta visitar sus redes sociales, ya sea Instagram (maldrung), Facebook (maldrung.oficial) y Tik Toc (@maldrung).<\/p>\n\n\n\n<p class=\"has-medium-font-size\">Escucha &#8220;Algo De M\u00ed Sigue En T\u00ed&#8221; en <a href=\"https:\/\/open.spotify.com\/track\/51tRAkKVtsNULgcS0tYshW?si=_-vqinYPSvaDVs7dP7DyGw&amp;utm_source=whatsapp\">Spotify<\/a><\/p>\n\n\n\n<figure class=\"wp-block-embed is-type-video is-provider-youtube wp-block-embed-youtube wp-embed-aspect-16-9 wp-has-aspect-ratio\"><div class=\"wp-block-embed__wrapper\">\n<div class=\"epyt-video-wrapper\"><iframe loading=\"lazy\"  id=\"_ytid_48743\"  width=\"800\" height=\"450\"  data-origwidth=\"800\" data-origheight=\"450\" src=\"https:\/\/www.youtube.com\/embed\/gqrtCocZRBo?enablejsapi=1&#038;autoplay=0&#038;cc_load_policy=0&#038;cc_lang_pref=&#038;iv_load_policy=1&#038;loop=0&#038;rel=1&#038;fs=1&#038;playsinline=0&#038;autohide=2&#038;theme=dark&#038;color=red&#038;controls=1&#038;disablekb=0&#038;\" class=\"__youtube_prefs__  epyt-is-override  no-lazyload\" title=\"YouTube player\"  allow=\"fullscreen; accelerometer; autoplay; clipboard-write; encrypted-media; gyroscope; picture-in-picture; web-share\" referrerpolicy=\"strict-origin-when-cross-origin\" allowfullscreen data-no-lazy=\"1\" data-skipgform_ajax_framebjll=\"\"><\/iframe><\/div>\n<\/div><\/figure>\n","protected":false},"excerpt":{"rendered":"<div class=\"pvc_clear\"><\/div>\n<p id=\"pvc_stats_36689\" class=\"pvc_stats total_only  \" data-element-id=\"36689\" style=\"\"><i class=\"pvc-stats-icon large\" aria-hidden=\"true\"><svg aria-hidden=\"true\" focusable=\"false\" data-prefix=\"far\" data-icon=\"chart-bar\" role=\"img\" xmlns=\"http:\/\/www.w3.org\/2000\/svg\" viewBox=\"0 0 512 512\" class=\"svg-inline--fa fa-chart-bar fa-w-16 fa-2x\"><path fill=\"currentColor\" d=\"M396.8 352h22.4c6.4 0 12.8-6.4 12.8-12.8V108.8c0-6.4-6.4-12.8-12.8-12.8h-22.4c-6.4 0-12.8 6.4-12.8 12.8v230.4c0 6.4 6.4 12.8 12.8 12.8zm-192 0h22.4c6.4 0 12.8-6.4 12.8-12.8V140.8c0-6.4-6.4-12.8-12.8-12.8h-22.4c-6.4 0-12.8 6.4-12.8 12.8v198.4c0 6.4 6.4 12.8 12.8 12.8zm96 0h22.4c6.4 0 12.8-6.4 12.8-12.8V204.8c0-6.4-6.4-12.8-12.8-12.8h-22.4c-6.4 0-12.8 6.4-12.8 12.8v134.4c0 6.4 6.4 12.8 12.8 12.8zM496 400H48V80c0-8.84-7.16-16-16-16H16C7.16 64 0 71.16 0 80v336c0 17.67 14.33 32 32 32h464c8.84 0 16-7.16 16-16v-16c0-8.84-7.16-16-16-16zm-387.2-48h22.4c6.4 0 12.8-6.4 12.8-12.8v-70.4c0-6.4-6.4-12.8-12.8-12.8h-22.4c-6.4 0-12.8 6.4-12.8 12.8v70.4c0 6.4 6.4 12.8 12.8 12.8z\" class=\"\"><\/path><\/svg><\/i> <img loading=\"lazy\" decoding=\"async\" width=\"16\" height=\"16\" alt=\"Loading\" src=\"https:\/\/temucotelevision.cl\/web\/wp-content\/plugins\/page-views-count\/ajax-loader-2x.gif\" border=0 \/><\/p>\n<div class=\"pvc_clear\"><\/div>\n<p>El tema, que viene acompa\u00f1ado de su respectivo videoclip, es una potente y melanc\u00f3lica power ballad la cual ser\u00eda el<\/p>\n","protected":false},"author":1,"featured_media":36698,"comment_status":"open","ping_status":"open","sticky":false,"template":"","format":"standard","meta":{"colormag_page_container_layout":"default_layout","colormag_page_sidebar_layout":"default_layout","footnotes":""},"categories":[369],"tags":[],"class_list":["post-36689","post","type-post","status-publish","format-standard","has-post-thumbnail","hentry","category-musica"],"a3_pvc":{"activated":true,"total_views":29,"today_views":0},"_links":{"self":[{"href":"https:\/\/temucotelevision.cl\/web\/wp-json\/wp\/v2\/posts\/36689","targetHints":{"allow":["GET"]}}],"collection":[{"href":"https:\/\/temucotelevision.cl\/web\/wp-json\/wp\/v2\/posts"}],"about":[{"href":"https:\/\/temucotelevision.cl\/web\/wp-json\/wp\/v2\/types\/post"}],"author":[{"embeddable":true,"href":"https:\/\/temucotelevision.cl\/web\/wp-json\/wp\/v2\/users\/1"}],"replies":[{"embeddable":true,"href":"https:\/\/temucotelevision.cl\/web\/wp-json\/wp\/v2\/comments?post=36689"}],"version-history":[{"count":2,"href":"https:\/\/temucotelevision.cl\/web\/wp-json\/wp\/v2\/posts\/36689\/revisions"}],"predecessor-version":[{"id":36746,"href":"https:\/\/temucotelevision.cl\/web\/wp-json\/wp\/v2\/posts\/36689\/revisions\/36746"}],"wp:featuredmedia":[{"embeddable":true,"href":"https:\/\/temucotelevision.cl\/web\/wp-json\/wp\/v2\/media\/36698"}],"wp:attachment":[{"href":"https:\/\/temucotelevision.cl\/web\/wp-json\/wp\/v2\/media?parent=36689"}],"wp:term":[{"taxonomy":"category","embeddable":true,"href":"https:\/\/temucotelevision.cl\/web\/wp-json\/wp\/v2\/categories?post=36689"},{"taxonomy":"post_tag","embeddable":true,"href":"https:\/\/temucotelevision.cl\/web\/wp-json\/wp\/v2\/tags?post=36689"}],"curies":[{"name":"wp","href":"https:\/\/api.w.org\/{rel}","templated":true}]}}