{"id":36683,"date":"2022-11-14T19:11:17","date_gmt":"2022-11-14T22:11:17","guid":{"rendered":"https:\/\/temucotelevision.cl\/web\/?p=36683"},"modified":"2022-11-14T19:11:18","modified_gmt":"2022-11-14T22:11:18","slug":"sag-y-carabineros-de-chile-firman-convenio-de-colaboracion-para-fortalecer-controles-fronterizos","status":"publish","type":"post","link":"https:\/\/temucotelevision.cl\/web\/2022\/11\/14\/sag-y-carabineros-de-chile-firman-convenio-de-colaboracion-para-fortalecer-controles-fronterizos\/","title":{"rendered":"SAG y Carabineros de Chile firman convenio de colaboraci\u00f3n para fortalecer controles fronterizos \u00a0"},"content":{"rendered":"<div class=\"pvc_clear\"><\/div><p id=\"pvc_stats_36683\" class=\"pvc_stats total_only  \" data-element-id=\"36683\" style=\"\"><i class=\"pvc-stats-icon large\" aria-hidden=\"true\"><svg aria-hidden=\"true\" focusable=\"false\" data-prefix=\"far\" data-icon=\"chart-bar\" role=\"img\" xmlns=\"http:\/\/www.w3.org\/2000\/svg\" viewBox=\"0 0 512 512\" class=\"svg-inline--fa fa-chart-bar fa-w-16 fa-2x\"><path fill=\"currentColor\" d=\"M396.8 352h22.4c6.4 0 12.8-6.4 12.8-12.8V108.8c0-6.4-6.4-12.8-12.8-12.8h-22.4c-6.4 0-12.8 6.4-12.8 12.8v230.4c0 6.4 6.4 12.8 12.8 12.8zm-192 0h22.4c6.4 0 12.8-6.4 12.8-12.8V140.8c0-6.4-6.4-12.8-12.8-12.8h-22.4c-6.4 0-12.8 6.4-12.8 12.8v198.4c0 6.4 6.4 12.8 12.8 12.8zm96 0h22.4c6.4 0 12.8-6.4 12.8-12.8V204.8c0-6.4-6.4-12.8-12.8-12.8h-22.4c-6.4 0-12.8 6.4-12.8 12.8v134.4c0 6.4 6.4 12.8 12.8 12.8zM496 400H48V80c0-8.84-7.16-16-16-16H16C7.16 64 0 71.16 0 80v336c0 17.67 14.33 32 32 32h464c8.84 0 16-7.16 16-16v-16c0-8.84-7.16-16-16-16zm-387.2-48h22.4c6.4 0 12.8-6.4 12.8-12.8v-70.4c0-6.4-6.4-12.8-12.8-12.8h-22.4c-6.4 0-12.8 6.4-12.8 12.8v70.4c0 6.4 6.4 12.8 12.8 12.8z\" class=\"\"><\/path><\/svg><\/i> <img loading=\"lazy\" decoding=\"async\" width=\"16\" height=\"16\" alt=\"Loading\" src=\"https:\/\/temucotelevision.cl\/web\/wp-content\/plugins\/page-views-count\/ajax-loader-2x.gif\" border=0 \/><\/p><div class=\"pvc_clear\"><\/div>\n<p>\u2022 Iniciativa busca incrementar fiscalizaciones y controles para evitar el ingreso de personas, equipajes, animales, mercader\u00edas y medios de transporte ilegal. &nbsp;<\/p>\n\n\n\n<p>En una actividad encabezada por el ministro de Agricultura, Esteban Valenzuela; la jefa Zona Fronteras y Servicios Especiales de Carabineros, general Patricia V\u00e1squez, y la directora nacional (s) del Servicio Agr\u00edcola y Ganadero (SAG), Andrea Collao, se concret\u00f3 la firma del convenio de cooperaci\u00f3n entre Carabineros y el Servicio, el que tiene como finalidad potenciar el trabajo conjunto entre ambas instituciones en diversas tareas de fiscalizaci\u00f3n con el fin de resguardar la soberan\u00eda, la sanidad de nuestra agricultura y la seguridad alimentaria de nuestro pa\u00eds.&nbsp;<\/p>\n\n\n\n<p>Algunos de los aspectos incluidos en el acuerdo son las acciones de control y fiscalizaci\u00f3n que efect\u00faa el SAG, en los pasos fronterizos habilitados, donde Carabineros puede prestar apoyo, as\u00ed como el patrullaje que realiza la polic\u00eda uniformada por s\u00ed sola o en conjunto con personal SAG en forma coordinada, para prevenir el ingreso clandestino de productos silvoagropecuarios procedentes de otros pa\u00edses a trav\u00e9s de pasos fronterizos no habilitados, ya que adem\u00e1s de no cumplir con la normativa vigente, podr\u00edan portar plagas y enfermedades vegetales o animales de los cuales Chile est\u00e1 libre. &nbsp;<\/p>\n\n\n\n<p>El ministro Esteban Valenzuela se\u00f1al\u00f3 que \u201ccon este convenio queremos optimizar la informaci\u00f3n, la colaboraci\u00f3n en personal en numerosos pasos fronterizos que se est\u00e1n reactivando post pandemia y que estaban algunos sin vigilancia (\u2026) Esto va a obligar a Carabineros y al SAG a optimizar infraestructura f\u00edsica, trabajo de personal, protocolos y recursos log\u00edsticos para hacer lo m\u00e1ximo en combatir el flagelo que son los productos il\u00edcitos. Esto es fundamental para la seguridad estrat\u00e9gica de Chile, la seguridad alimentaria de los productos que ingresan al pa\u00eds y descubrir a todas las personas que buscan ingresar productos alimentarios, maderas que no est\u00e1n tratadas, semillas\u201d.&nbsp;<\/p>\n\n\n\n<p>Por su parte, la general Patricia V\u00e1squez se refiri\u00f3 a la importancia de este tipo de convenios, destacando que el trabajo que realiza Carabineros en la frontera abarca sectores aislados y de dif\u00edcil acceso, donde se reforzar\u00e1 la labor preventiva y de control para evitar situaciones irregulares que incumplan con la normativa.&nbsp; \u201cNuestro general director ha puesto toda la capacidad operativa para colaborar en este convenio. Los Carabineros ser\u00e1n instruidos por el Servicio Agr\u00edcola Ganadero para desarrollar labores fronterizas efectivas y prevenir el ingreso ilegal de productos silvoagropecuarios por el norte del pa\u00eds\u201d, expres\u00f3 la general V\u00e1squez.&nbsp;<\/p>\n\n\n\n<p>Para que Carabineros pueda apoyar de mejor manera estas labores, el SAG ofrecer\u00e1 a trav\u00e9s de su Academia de formaci\u00f3n, capacitaci\u00f3n bajo la modalidad e-learning a la polic\u00eda uniformada que apoyar\u00e1 en las labores de fiscalizaci\u00f3n, en un curso que abordar\u00e1 materias relacionadas con la normativa y con los procedimientos aplicados por el SAG tanto en frontera como en el territorio. Esta metodolog\u00eda de capacitaci\u00f3n permitir\u00e1 que participen de ella funcionarios de Carabineros de todo el pa\u00eds. &nbsp;<\/p>\n\n\n\n<p><strong>Ley de planta del SAG&nbsp;<\/strong><\/p>\n\n\n\n<p>Durante la jornada, el secretario de Estado tambi\u00e9n visit\u00f3 las dependencias del Servicio Agr\u00edcola y Ganadero, para firmar, junto a los trabajadores, el decreto promulgatorio de la nueva Ley de planta del SAG. En la oportunidad el ministro Valenzuela sostuvo un almuerzo con los funcionarios de nivel central a quienes hizo extensivo el reconocimiento del gobierno por la fundamental labor que desempe\u00f1an. &nbsp;&nbsp;<\/p>\n\n\n\n<p>\u201cEstamos felices porque el SAG es una de las instituciones, sin desmedro de otras, fundamentales para la seguridad estrat\u00e9gica de Chile, y por a\u00f1os los sindicatos y distintos directivos, buscaron hacer crecer su planta y dar m\u00e1s dignidad a los trabajadores. Muchos de ellos llevan bastante tiempo y se ha logrado de manera incremental, pero en cuatro a\u00f1os van a ser m\u00e1s de $1.000 millones en pleno r\u00e9gimen, en que se hace dignidad a un n\u00famero importante de trabajadores\u201d, se\u00f1al\u00f3 Valenzuela. &nbsp;&nbsp;<\/p>\n\n\n\n<p>Tal como lo explic\u00f3 la directora nacional (s) del servicio, Andrea Collao, esta ley de modernizaci\u00f3n permitir\u00e1 que 1.400 funcionarios sean de planta y cuenten con una escala de desarrollo de carrera. \u201cEste gesto del ministro, de venir a nuestras instalaciones a firmar el decreto promulgatorio de esta ley que se aprob\u00f3 en el Congreso, inicia un proceso de cuatro a\u00f1os en donde vamos a tener 1.400 funcionarios de planta. As\u00ed que estamos muy contentos, hemos tenido grandes logros, me acaba de informar que se autoriz\u00f3 por parte de la Dipres el decreto que nos va a permitir avanzar en mobiliario y tambi\u00e9n tenemos $1.500 millones para tecnolog\u00edas de la informaci\u00f3n que ha sido un requerimiento desde los usuarios externos para que los funcionarios cuenten con mejores computadores pero tambi\u00e9n mejorar la conectividad de las oficinas\u201d, concluy\u00f3. &nbsp;&nbsp;<\/p>\n","protected":false},"excerpt":{"rendered":"<div class=\"pvc_clear\"><\/div>\n<p id=\"pvc_stats_36683\" class=\"pvc_stats total_only  \" data-element-id=\"36683\" style=\"\"><i class=\"pvc-stats-icon large\" aria-hidden=\"true\"><svg aria-hidden=\"true\" focusable=\"false\" data-prefix=\"far\" data-icon=\"chart-bar\" role=\"img\" xmlns=\"http:\/\/www.w3.org\/2000\/svg\" viewBox=\"0 0 512 512\" class=\"svg-inline--fa fa-chart-bar fa-w-16 fa-2x\"><path fill=\"currentColor\" d=\"M396.8 352h22.4c6.4 0 12.8-6.4 12.8-12.8V108.8c0-6.4-6.4-12.8-12.8-12.8h-22.4c-6.4 0-12.8 6.4-12.8 12.8v230.4c0 6.4 6.4 12.8 12.8 12.8zm-192 0h22.4c6.4 0 12.8-6.4 12.8-12.8V140.8c0-6.4-6.4-12.8-12.8-12.8h-22.4c-6.4 0-12.8 6.4-12.8 12.8v198.4c0 6.4 6.4 12.8 12.8 12.8zm96 0h22.4c6.4 0 12.8-6.4 12.8-12.8V204.8c0-6.4-6.4-12.8-12.8-12.8h-22.4c-6.4 0-12.8 6.4-12.8 12.8v134.4c0 6.4 6.4 12.8 12.8 12.8zM496 400H48V80c0-8.84-7.16-16-16-16H16C7.16 64 0 71.16 0 80v336c0 17.67 14.33 32 32 32h464c8.84 0 16-7.16 16-16v-16c0-8.84-7.16-16-16-16zm-387.2-48h22.4c6.4 0 12.8-6.4 12.8-12.8v-70.4c0-6.4-6.4-12.8-12.8-12.8h-22.4c-6.4 0-12.8 6.4-12.8 12.8v70.4c0 6.4 6.4 12.8 12.8 12.8z\" class=\"\"><\/path><\/svg><\/i> <img loading=\"lazy\" decoding=\"async\" width=\"16\" height=\"16\" alt=\"Loading\" src=\"https:\/\/temucotelevision.cl\/web\/wp-content\/plugins\/page-views-count\/ajax-loader-2x.gif\" border=0 \/><\/p>\n<div class=\"pvc_clear\"><\/div>\n<p>\u2022 Iniciativa busca incrementar fiscalizaciones y controles para evitar el ingreso de personas, equipajes, animales, mercader\u00edas y medios de transporte<\/p>\n","protected":false},"author":1,"featured_media":36684,"comment_status":"open","ping_status":"open","sticky":false,"template":"","format":"standard","meta":{"colormag_page_container_layout":"default_layout","colormag_page_sidebar_layout":"default_layout","footnotes":""},"categories":[18,14],"tags":[125,721,1084,2310,5331],"class_list":["post-36683","post","type-post","status-publish","format-standard","has-post-thumbnail","hentry","category-nacional","category-temuco","tag-carabineros","tag-controles","tag-convenio","tag-fronterizos","tag-sag"],"a3_pvc":{"activated":true,"total_views":55,"today_views":0},"_links":{"self":[{"href":"https:\/\/temucotelevision.cl\/web\/wp-json\/wp\/v2\/posts\/36683","targetHints":{"allow":["GET"]}}],"collection":[{"href":"https:\/\/temucotelevision.cl\/web\/wp-json\/wp\/v2\/posts"}],"about":[{"href":"https:\/\/temucotelevision.cl\/web\/wp-json\/wp\/v2\/types\/post"}],"author":[{"embeddable":true,"href":"https:\/\/temucotelevision.cl\/web\/wp-json\/wp\/v2\/users\/1"}],"replies":[{"embeddable":true,"href":"https:\/\/temucotelevision.cl\/web\/wp-json\/wp\/v2\/comments?post=36683"}],"version-history":[{"count":1,"href":"https:\/\/temucotelevision.cl\/web\/wp-json\/wp\/v2\/posts\/36683\/revisions"}],"predecessor-version":[{"id":36685,"href":"https:\/\/temucotelevision.cl\/web\/wp-json\/wp\/v2\/posts\/36683\/revisions\/36685"}],"wp:featuredmedia":[{"embeddable":true,"href":"https:\/\/temucotelevision.cl\/web\/wp-json\/wp\/v2\/media\/36684"}],"wp:attachment":[{"href":"https:\/\/temucotelevision.cl\/web\/wp-json\/wp\/v2\/media?parent=36683"}],"wp:term":[{"taxonomy":"category","embeddable":true,"href":"https:\/\/temucotelevision.cl\/web\/wp-json\/wp\/v2\/categories?post=36683"},{"taxonomy":"post_tag","embeddable":true,"href":"https:\/\/temucotelevision.cl\/web\/wp-json\/wp\/v2\/tags?post=36683"}],"curies":[{"name":"wp","href":"https:\/\/api.w.org\/{rel}","templated":true}]}}