{"id":36680,"date":"2022-11-14T18:53:39","date_gmt":"2022-11-14T21:53:39","guid":{"rendered":"https:\/\/temucotelevision.cl\/web\/?p=36680"},"modified":"2022-11-14T18:53:39","modified_gmt":"2022-11-14T21:53:39","slug":"con-lo-mejor-del-folclore-de-cinco-continentes-el-bafote-estrena-danzas-del-mundo-en-el-teatro-municipal-de-temuco","status":"publish","type":"post","link":"https:\/\/temucotelevision.cl\/web\/2022\/11\/14\/con-lo-mejor-del-folclore-de-cinco-continentes-el-bafote-estrena-danzas-del-mundo-en-el-teatro-municipal-de-temuco\/","title":{"rendered":"Con lo mejor del folclore de cinco continentes el BAFOTE estrena \u201cDanzas\u00a0del Mundo\u201d en el Teatro Municipal de Temuco"},"content":{"rendered":"<div class=\"pvc_clear\"><\/div><p id=\"pvc_stats_36680\" class=\"pvc_stats total_only  \" data-element-id=\"36680\" style=\"\"><i class=\"pvc-stats-icon large\" aria-hidden=\"true\"><svg aria-hidden=\"true\" focusable=\"false\" data-prefix=\"far\" data-icon=\"chart-bar\" role=\"img\" xmlns=\"http:\/\/www.w3.org\/2000\/svg\" viewBox=\"0 0 512 512\" class=\"svg-inline--fa fa-chart-bar fa-w-16 fa-2x\"><path fill=\"currentColor\" d=\"M396.8 352h22.4c6.4 0 12.8-6.4 12.8-12.8V108.8c0-6.4-6.4-12.8-12.8-12.8h-22.4c-6.4 0-12.8 6.4-12.8 12.8v230.4c0 6.4 6.4 12.8 12.8 12.8zm-192 0h22.4c6.4 0 12.8-6.4 12.8-12.8V140.8c0-6.4-6.4-12.8-12.8-12.8h-22.4c-6.4 0-12.8 6.4-12.8 12.8v198.4c0 6.4 6.4 12.8 12.8 12.8zm96 0h22.4c6.4 0 12.8-6.4 12.8-12.8V204.8c0-6.4-6.4-12.8-12.8-12.8h-22.4c-6.4 0-12.8 6.4-12.8 12.8v134.4c0 6.4 6.4 12.8 12.8 12.8zM496 400H48V80c0-8.84-7.16-16-16-16H16C7.16 64 0 71.16 0 80v336c0 17.67 14.33 32 32 32h464c8.84 0 16-7.16 16-16v-16c0-8.84-7.16-16-16-16zm-387.2-48h22.4c6.4 0 12.8-6.4 12.8-12.8v-70.4c0-6.4-6.4-12.8-12.8-12.8h-22.4c-6.4 0-12.8 6.4-12.8 12.8v70.4c0 6.4 6.4 12.8 12.8 12.8z\" class=\"\"><\/path><\/svg><\/i> <img loading=\"lazy\" decoding=\"async\" width=\"16\" height=\"16\" alt=\"Loading\" src=\"https:\/\/temucotelevision.cl\/web\/wp-content\/plugins\/page-views-count\/ajax-loader-2x.gif\" border=0 \/><\/p><div class=\"pvc_clear\"><\/div>\n<p><em>Este s\u00e1bado 19 de noviembre el Ballet Folcl\u00f3rico de Temuco mostrar\u00e1 lo mejor de la danza &nbsp;y&nbsp;m\u00fasica&nbsp;de cinco continentes.<\/em><\/p>\n\n\n\n<p>Con una recopilaci\u00f3n de lo mejor del folclore de cinco continentes, el Ballet Folcl\u00f3rico de Temuco presenta el estreno de su espect\u00e1culo &#8220;Danzas del Mundo&#8221;,&nbsp; el cual rescata el patrimonio cultural a trav\u00e9s de la m\u00fasica y danzas, de las diferentes zonas geogr\u00e1ficas hasta donde ha llegado el Bafote con sus presentaciones en diversos escenarios del extranjero, en los que ha compartido con importantes grupos de diferentes culturas de los cinco continentes, mostrando al p\u00fablico local la diversidad de danzas que este elenco tiene en su repertorio.<\/p>\n\n\n\n<p>Se trata de una velada que, en palabras de su Director, Marcelo Alvarado, significa un arduo trabajo y desaf\u00edo, tanto en la danza como en la m\u00fasica. \u201cEsta presentaci\u00f3n conllev\u00f3 un gran trabajo que desde la pandemia venimos realizando, es un tremendo desaf\u00edo porque son danzas&nbsp; t\u00edpicas de pa\u00edses como Italia, Rusia o Ghana, donde adem\u00e1s de estar en contacto con directores de Ballets de esos lugares, quienes gracias a la tecnolog\u00eda nos han podido apoyar en la correcta ejecuci\u00f3n de las obras, ha significado un tremendo desaf\u00edo tambi\u00e9n para los m\u00fasicos quienes han debido adentrarse en cada pieza musical, inclusive cantando en otros idiomas, procurando una correcta pronunciaci\u00f3n de canciones africanas por ejemplo, como tambi\u00e9n de nuestra vestuarista, en lo que significa la confecci\u00f3n de trajes t\u00edpicos de cinco continentes. Sin duda es un gran esfuerzo y mucho ensayo detr\u00e1s, por lo que nos alegra poder mostrarlo por primera vez con las nuevas medidas sanitarias que nos permiten un aforo completo en el Teatro Municipal y que nuestro elenco pueda bailar sin mascarilla\u201d, sostuvo Alvarado.<\/p>\n\n\n\n<p>Este espect\u00e1culo se enmarca en la parrilla program\u00e1tica del Teatro Municipal de Temuco, pensado especialmente para cautivar al p\u00fablico con lo mejor del folclore nacional durante la primera parte del evento, para luego adentrarse en lo mejor del folclore internacional de los continentes de Am\u00e9rica-Argentina; Ocean\u00eda, Nueva Zelanda; \u00c1frica-Ghana; Asia-Corea; Europa-Italia; Europa Oriental y Asia-Cosacos de Origen \u00c9tnicamente Eslavos, lo que en la actualidad es mayoritariamente Rusia y Ucrania, con una puesta en escena de cerca de 70 bailarines y m\u00fasicos sobre el escenario.<\/p>\n\n\n\n<p>La invitaci\u00f3n es para este s\u00e1bado 19 de noviembre a las 19:00 horas en el Teatro Municipal de Temuco. Puedes adquirir tu entrada en&nbsp;<a href=\"http:\/\/corporaciontemuco.cl\/\" target=\"_blank\" rel=\"noreferrer noopener\">corporaciontemuco.cl<\/a>&nbsp;y\/o&nbsp;<a href=\"http:\/\/ticketplus.cl\/\" target=\"_blank\" rel=\"noreferrer noopener\">ticketplus.cl<\/a>&nbsp;y as\u00ed disfrutar de un espect\u00e1culo familiar y de primer nivel, que con 28 a\u00f1os de trayectoria sobre escenarios nacionales e internacionales, y que bajo&nbsp;bajo la direcci\u00f3n general de Marcelo Alvarado y la direcci\u00f3n musical del maestro Claudio Jaque, han posicionado al Bafote como un referente del folclore en La Araucan\u00eda.<\/p>\n","protected":false},"excerpt":{"rendered":"<div class=\"pvc_clear\"><\/div>\n<p id=\"pvc_stats_36680\" class=\"pvc_stats total_only  \" data-element-id=\"36680\" style=\"\"><i class=\"pvc-stats-icon large\" aria-hidden=\"true\"><svg aria-hidden=\"true\" focusable=\"false\" data-prefix=\"far\" data-icon=\"chart-bar\" role=\"img\" xmlns=\"http:\/\/www.w3.org\/2000\/svg\" viewBox=\"0 0 512 512\" class=\"svg-inline--fa fa-chart-bar fa-w-16 fa-2x\"><path fill=\"currentColor\" d=\"M396.8 352h22.4c6.4 0 12.8-6.4 12.8-12.8V108.8c0-6.4-6.4-12.8-12.8-12.8h-22.4c-6.4 0-12.8 6.4-12.8 12.8v230.4c0 6.4 6.4 12.8 12.8 12.8zm-192 0h22.4c6.4 0 12.8-6.4 12.8-12.8V140.8c0-6.4-6.4-12.8-12.8-12.8h-22.4c-6.4 0-12.8 6.4-12.8 12.8v198.4c0 6.4 6.4 12.8 12.8 12.8zm96 0h22.4c6.4 0 12.8-6.4 12.8-12.8V204.8c0-6.4-6.4-12.8-12.8-12.8h-22.4c-6.4 0-12.8 6.4-12.8 12.8v134.4c0 6.4 6.4 12.8 12.8 12.8zM496 400H48V80c0-8.84-7.16-16-16-16H16C7.16 64 0 71.16 0 80v336c0 17.67 14.33 32 32 32h464c8.84 0 16-7.16 16-16v-16c0-8.84-7.16-16-16-16zm-387.2-48h22.4c6.4 0 12.8-6.4 12.8-12.8v-70.4c0-6.4-6.4-12.8-12.8-12.8h-22.4c-6.4 0-12.8 6.4-12.8 12.8v70.4c0 6.4 6.4 12.8 12.8 12.8z\" class=\"\"><\/path><\/svg><\/i> <img loading=\"lazy\" decoding=\"async\" width=\"16\" height=\"16\" alt=\"Loading\" src=\"https:\/\/temucotelevision.cl\/web\/wp-content\/plugins\/page-views-count\/ajax-loader-2x.gif\" border=0 \/><\/p>\n<div class=\"pvc_clear\"><\/div>\n<p>Este s\u00e1bado 19 de noviembre el Ballet Folcl\u00f3rico de Temuco mostrar\u00e1 lo mejor de la danza &nbsp;y&nbsp;m\u00fasica&nbsp;de cinco continentes. Con<\/p>\n","protected":false},"author":1,"featured_media":36681,"comment_status":"open","ping_status":"open","sticky":false,"template":"","format":"standard","meta":{"colormag_page_container_layout":"default_layout","colormag_page_sidebar_layout":"default_layout","footnotes":""},"categories":[86],"tags":[1898,1490,609,5160,283],"class_list":["post-36680","post","type-post","status-publish","format-standard","has-post-thumbnail","hentry","category-panoramas","tag-bafote","tag-danzas","tag-estreno","tag-folclore","tag-teatro"],"a3_pvc":{"activated":true,"total_views":82,"today_views":0},"_links":{"self":[{"href":"https:\/\/temucotelevision.cl\/web\/wp-json\/wp\/v2\/posts\/36680","targetHints":{"allow":["GET"]}}],"collection":[{"href":"https:\/\/temucotelevision.cl\/web\/wp-json\/wp\/v2\/posts"}],"about":[{"href":"https:\/\/temucotelevision.cl\/web\/wp-json\/wp\/v2\/types\/post"}],"author":[{"embeddable":true,"href":"https:\/\/temucotelevision.cl\/web\/wp-json\/wp\/v2\/users\/1"}],"replies":[{"embeddable":true,"href":"https:\/\/temucotelevision.cl\/web\/wp-json\/wp\/v2\/comments?post=36680"}],"version-history":[{"count":1,"href":"https:\/\/temucotelevision.cl\/web\/wp-json\/wp\/v2\/posts\/36680\/revisions"}],"predecessor-version":[{"id":36682,"href":"https:\/\/temucotelevision.cl\/web\/wp-json\/wp\/v2\/posts\/36680\/revisions\/36682"}],"wp:featuredmedia":[{"embeddable":true,"href":"https:\/\/temucotelevision.cl\/web\/wp-json\/wp\/v2\/media\/36681"}],"wp:attachment":[{"href":"https:\/\/temucotelevision.cl\/web\/wp-json\/wp\/v2\/media?parent=36680"}],"wp:term":[{"taxonomy":"category","embeddable":true,"href":"https:\/\/temucotelevision.cl\/web\/wp-json\/wp\/v2\/categories?post=36680"},{"taxonomy":"post_tag","embeddable":true,"href":"https:\/\/temucotelevision.cl\/web\/wp-json\/wp\/v2\/tags?post=36680"}],"curies":[{"name":"wp","href":"https:\/\/api.w.org\/{rel}","templated":true}]}}