{"id":36676,"date":"2022-11-14T18:50:17","date_gmt":"2022-11-14T21:50:17","guid":{"rendered":"https:\/\/temucotelevision.cl\/web\/?p=36676"},"modified":"2022-11-14T18:50:18","modified_gmt":"2022-11-14T21:50:18","slug":"presidente-boric-participa-en-la-apertura-del-primer-centro-de-innovacion-de-nestle-en-america-latina","status":"publish","type":"post","link":"https:\/\/temucotelevision.cl\/web\/2022\/11\/14\/presidente-boric-participa-en-la-apertura-del-primer-centro-de-innovacion-de-nestle-en-america-latina\/","title":{"rendered":"Presidente Boric participa en la apertura del primer centro de innovaci\u00f3n de Nestl\u00e9 en Am\u00e9rica Latina\u00a0"},"content":{"rendered":"<div class=\"pvc_clear\"><\/div><p id=\"pvc_stats_36676\" class=\"pvc_stats total_only  \" data-element-id=\"36676\" style=\"\"><i class=\"pvc-stats-icon large\" aria-hidden=\"true\"><svg aria-hidden=\"true\" focusable=\"false\" data-prefix=\"far\" data-icon=\"chart-bar\" role=\"img\" xmlns=\"http:\/\/www.w3.org\/2000\/svg\" viewBox=\"0 0 512 512\" class=\"svg-inline--fa fa-chart-bar fa-w-16 fa-2x\"><path fill=\"currentColor\" d=\"M396.8 352h22.4c6.4 0 12.8-6.4 12.8-12.8V108.8c0-6.4-6.4-12.8-12.8-12.8h-22.4c-6.4 0-12.8 6.4-12.8 12.8v230.4c0 6.4 6.4 12.8 12.8 12.8zm-192 0h22.4c6.4 0 12.8-6.4 12.8-12.8V140.8c0-6.4-6.4-12.8-12.8-12.8h-22.4c-6.4 0-12.8 6.4-12.8 12.8v198.4c0 6.4 6.4 12.8 12.8 12.8zm96 0h22.4c6.4 0 12.8-6.4 12.8-12.8V204.8c0-6.4-6.4-12.8-12.8-12.8h-22.4c-6.4 0-12.8 6.4-12.8 12.8v134.4c0 6.4 6.4 12.8 12.8 12.8zM496 400H48V80c0-8.84-7.16-16-16-16H16C7.16 64 0 71.16 0 80v336c0 17.67 14.33 32 32 32h464c8.84 0 16-7.16 16-16v-16c0-8.84-7.16-16-16-16zm-387.2-48h22.4c6.4 0 12.8-6.4 12.8-12.8v-70.4c0-6.4-6.4-12.8-12.8-12.8h-22.4c-6.4 0-12.8 6.4-12.8 12.8v70.4c0 6.4 6.4 12.8 12.8 12.8z\" class=\"\"><\/path><\/svg><\/i> <img loading=\"lazy\" decoding=\"async\" width=\"16\" height=\"16\" alt=\"Loading\" src=\"https:\/\/temucotelevision.cl\/web\/wp-content\/plugins\/page-views-count\/ajax-loader-2x.gif\" border=0 \/><\/p><div class=\"pvc_clear\"><\/div>\n<p>En la instancia, el mandatario destac\u00f3 el trabajo del Minagri en soberan\u00eda alimentaria y sostuvo que el recinto responde a los desaf\u00edos a la industria alimentaria mundial mediante la investigaci\u00f3n de alto nivel y la vinculaci\u00f3n p\u00fablico \u2013 privada. &nbsp;<\/p>\n\n\n\n<p>Con la presencia del&nbsp;Presidente Gabriel Boric, y los ministros de Agricultura, Esteban Valenzuela, de Hacienda, Mario Marcel, Trabajo Jeannette Jara, se present\u00f3 el primer Centro de Desarrollo e Investigaci\u00f3n de Nestl\u00e9 en Am\u00e9rica Latina, el cual estar\u00e1 ubicado en la comuna de Las Condes.&nbsp;<\/p>\n\n\n\n<p>Este primer hub regional Nestl\u00e9 R&amp;D Latam ser\u00e1 liderado por la ingeniera en alimentos Aline Mor, quien&nbsp;contar\u00e1 con un equipo de cerca de 30 personas, que trabajar\u00e1n en el desarrollo de productos a base de plantas (plant-based) que permitan dietas m\u00e1s saludables y sustentables, soluciones nutricionales accesibles e innovaciones en embalajes amigables con el medioambiente.&nbsp;<\/p>\n\n\n\n<p>Al respecto, el Presidente Gabriel Boric, se\u00f1al\u00f3 que esta inauguraci\u00f3n es una gran noticia que confirma los lazos entre la multinacional y nuestro pa\u00eds, los cuales ya se extienden por 90 a\u00f1os.&nbsp;&nbsp;<\/p>\n\n\n\n<p>\u201cEs una gran alegr\u00eda que Nestl\u00e9 haya escogido una vez m\u00e1s a Chile, esta vez como sede de su primer Centro de Investigaci\u00f3n y Desarrollo en Am\u00e9rica Latina. Esto lo tomamos con mucha alegr\u00eda y humildad, alegr\u00eda porque siempre se habla de Chile como una gran fuente proveedora de recursos naturales, sin embargo, somos mucho m\u00e1s que eso.&nbsp;Es cierto, tenemos litio, cobre, tungsteno, la posibilidad de producir hidr\u00f3geno verde, pero tambi\u00e9n tenemos conocimiento, innovaci\u00f3n, academia, profesores, estudiantes, que est\u00e1n pensando c\u00f3mo innovar y hacer la vida y las industrias, m\u00e1s sustentables\u201d, indic\u00f3 el Presidente.&nbsp;<\/p>\n\n\n\n<p>En ese sentido, el Presidente Boric record\u00f3 que \u201ctenemos la productividad estancada hace cerca de 10 a\u00f1os, y cuando vemos iniciativas como esta, es justamente el camino que debemos seguir para poder potenciar la productividad, para poder pegarnos un salto hacia adelante, por eso, esperamos tener muchas m\u00e1s de estas noticias en el futuro, en donde se vaya vinculando y generando un encadenamiento productivo, con transferencia tecnol\u00f3gica, entre los diferentes actores de la cadena de los alimentos\u201d. &nbsp;&nbsp;&nbsp;<\/p>\n\n\n\n<p><strong>Una respuesta a los desaf\u00edos de la industria alimentaria mundial&nbsp;<\/strong><\/p>\n\n\n\n<p>En la instancia, el mandatario destac\u00f3 el trabajo del Minagri en soberan\u00eda alimentaria y sostuvo que el recinto responde a los desaf\u00edos a la industria alimentaria mundial mediante la investigaci\u00f3n de alto nivel y la vinculaci\u00f3n p\u00fablico \u2013 privada. &nbsp;<\/p>\n\n\n\n<p>\u201cLa sobrexplotaci\u00f3n de los recursos naturales y el cambio clim\u00e1tico imponen grandes desaf\u00edos a la industria alimentaria mundial que solo vamos a poder abordar mediante investigaci\u00f3n de alto nivel y vinculando al sector p\u00fablico con el sector privado, por eso saludo la alianza que se estableci\u00f3 con el ministerio de Agricultura por parte de Nestl\u00e9 o la tremenda pega que realiza la comisi\u00f3n del futuro, el congreso del futuro que est\u00e1 permanentemente pensando e innovando en estas materias\u201d, explic\u00f3 el mandatario.&nbsp;&nbsp;<\/p>\n\n\n\n<p>En ese sentido, el Presidente Gabriel Boric destac\u00f3 que \u201cnecesitamos soluciones que nos permitan garantizar el derecho a alimentaci\u00f3n de todas las personas y garantizar la soberan\u00eda alimentaria, esta es la \u00fanica manera de desarrollarnos de forma sustentable\u201d.&nbsp;<\/p>\n\n\n\n<p>Por su parte, el ministro de Agricultura,&nbsp;Esteban Valenzuela se\u00f1al\u00f3 que \u201cantes de asumir como ministro, tuvimos reuniones con el equipo de Nestl\u00e9, hemos estado en di\u00e1logo permanente tambi\u00e9n a trav\u00e9s de Chilealimentos y donde nosotros de manera expl\u00edcita tambi\u00e9n coment\u00e1bamos de que Chile est\u00e1 lejos del promedio de la OCDE en gasto en investigaci\u00f3n y desarrollo y que el presidente Boric, nuestro gobierno, se ha propuesto elevarlo de 0,4% que andamos a 1% del PIB, pero que sin embargo el sector privado no reacciona y tiene un muy bajo gasto en investigaci\u00f3n y desarrollo\u201d.&nbsp;<\/p>\n\n\n\n<p>Asimismo, el titular de la cartera de Agricultura valor\u00f3 que el centro est\u00e9 ubicado en Chile porque \u201ctenemos instituciones, tenemos innovadores, buenas universidades, capital humano, j\u00f3venes que quieren emprender y tambi\u00e9n, por cierto, empresas con ganas de agregar valor y cuidando el medio ambiente, que es lo que admiramos de Nestl\u00e9 que llevan m\u00e1s de 85 a\u00f1os en nuestro pa\u00eds, pero con esto da un salto tambi\u00e9n como polo tecnol\u00f3gico para los alimentos sanos y sustentables del mundo\u201d.&nbsp;<\/p>\n\n\n\n<p>Finalmente, el Presidente Gabriel Boric sostuvo que \u201cle damos la bienvenida a las empresas que buscan mejorar tanto sus procesos como sus productos a trav\u00e9s de la innovaci\u00f3n como est\u00e1 haciendo Nestl\u00e9 hoy cuidando la utilizaci\u00f3n sustentable de los recursos naturales y el impacto que tiene en la vida de las personas y, adem\u00e1s, pensando\u00a0en la perspectiva de la persona que est\u00e1 en su casa\u201d. \u00a0<\/p>\n\n\n\n<figure class=\"wp-block-image size-large\"><img loading=\"lazy\" decoding=\"async\" width=\"1024\" height=\"682\" src=\"https:\/\/temucotelevision.cl\/web\/wp-content\/uploads\/2022\/11\/Boric-Nestle3-1024x682.jpeg\" alt=\"\" class=\"wp-image-36678\" srcset=\"https:\/\/temucotelevision.cl\/web\/wp-content\/uploads\/2022\/11\/Boric-Nestle3-1024x682.jpeg 1024w, https:\/\/temucotelevision.cl\/web\/wp-content\/uploads\/2022\/11\/Boric-Nestle3-768x512.jpeg 768w, https:\/\/temucotelevision.cl\/web\/wp-content\/uploads\/2022\/11\/Boric-Nestle3-1536x1023.jpeg 1536w, https:\/\/temucotelevision.cl\/web\/wp-content\/uploads\/2022\/11\/Boric-Nestle3.jpeg 1600w\" sizes=\"auto, (max-width: 1024px) 100vw, 1024px\" \/><\/figure>\n","protected":false},"excerpt":{"rendered":"<div class=\"pvc_clear\"><\/div>\n<p id=\"pvc_stats_36676\" class=\"pvc_stats total_only  \" data-element-id=\"36676\" style=\"\"><i class=\"pvc-stats-icon large\" aria-hidden=\"true\"><svg aria-hidden=\"true\" focusable=\"false\" data-prefix=\"far\" data-icon=\"chart-bar\" role=\"img\" xmlns=\"http:\/\/www.w3.org\/2000\/svg\" viewBox=\"0 0 512 512\" class=\"svg-inline--fa fa-chart-bar fa-w-16 fa-2x\"><path fill=\"currentColor\" d=\"M396.8 352h22.4c6.4 0 12.8-6.4 12.8-12.8V108.8c0-6.4-6.4-12.8-12.8-12.8h-22.4c-6.4 0-12.8 6.4-12.8 12.8v230.4c0 6.4 6.4 12.8 12.8 12.8zm-192 0h22.4c6.4 0 12.8-6.4 12.8-12.8V140.8c0-6.4-6.4-12.8-12.8-12.8h-22.4c-6.4 0-12.8 6.4-12.8 12.8v198.4c0 6.4 6.4 12.8 12.8 12.8zm96 0h22.4c6.4 0 12.8-6.4 12.8-12.8V204.8c0-6.4-6.4-12.8-12.8-12.8h-22.4c-6.4 0-12.8 6.4-12.8 12.8v134.4c0 6.4 6.4 12.8 12.8 12.8zM496 400H48V80c0-8.84-7.16-16-16-16H16C7.16 64 0 71.16 0 80v336c0 17.67 14.33 32 32 32h464c8.84 0 16-7.16 16-16v-16c0-8.84-7.16-16-16-16zm-387.2-48h22.4c6.4 0 12.8-6.4 12.8-12.8v-70.4c0-6.4-6.4-12.8-12.8-12.8h-22.4c-6.4 0-12.8 6.4-12.8 12.8v70.4c0 6.4 6.4 12.8 12.8 12.8z\" class=\"\"><\/path><\/svg><\/i> <img loading=\"lazy\" decoding=\"async\" width=\"16\" height=\"16\" alt=\"Loading\" src=\"https:\/\/temucotelevision.cl\/web\/wp-content\/plugins\/page-views-count\/ajax-loader-2x.gif\" border=0 \/><\/p>\n<div class=\"pvc_clear\"><\/div>\n<p>En la instancia, el mandatario destac\u00f3 el trabajo del Minagri en soberan\u00eda alimentaria y sostuvo que el recinto responde a<\/p>\n","protected":false},"author":1,"featured_media":36677,"comment_status":"open","ping_status":"open","sticky":false,"template":"","format":"standard","meta":{"colormag_page_container_layout":"default_layout","colormag_page_sidebar_layout":"default_layout","footnotes":""},"categories":[101],"tags":[5951,3989,252,5950,176],"class_list":["post-36676","post","type-post","status-publish","format-standard","has-post-thumbnail","hentry","category-actualidad","tag-america-latina","tag-boric","tag-centro","tag-nestle","tag-presidente"],"a3_pvc":{"activated":true,"total_views":81,"today_views":0},"_links":{"self":[{"href":"https:\/\/temucotelevision.cl\/web\/wp-json\/wp\/v2\/posts\/36676","targetHints":{"allow":["GET"]}}],"collection":[{"href":"https:\/\/temucotelevision.cl\/web\/wp-json\/wp\/v2\/posts"}],"about":[{"href":"https:\/\/temucotelevision.cl\/web\/wp-json\/wp\/v2\/types\/post"}],"author":[{"embeddable":true,"href":"https:\/\/temucotelevision.cl\/web\/wp-json\/wp\/v2\/users\/1"}],"replies":[{"embeddable":true,"href":"https:\/\/temucotelevision.cl\/web\/wp-json\/wp\/v2\/comments?post=36676"}],"version-history":[{"count":1,"href":"https:\/\/temucotelevision.cl\/web\/wp-json\/wp\/v2\/posts\/36676\/revisions"}],"predecessor-version":[{"id":36679,"href":"https:\/\/temucotelevision.cl\/web\/wp-json\/wp\/v2\/posts\/36676\/revisions\/36679"}],"wp:featuredmedia":[{"embeddable":true,"href":"https:\/\/temucotelevision.cl\/web\/wp-json\/wp\/v2\/media\/36677"}],"wp:attachment":[{"href":"https:\/\/temucotelevision.cl\/web\/wp-json\/wp\/v2\/media?parent=36676"}],"wp:term":[{"taxonomy":"category","embeddable":true,"href":"https:\/\/temucotelevision.cl\/web\/wp-json\/wp\/v2\/categories?post=36676"},{"taxonomy":"post_tag","embeddable":true,"href":"https:\/\/temucotelevision.cl\/web\/wp-json\/wp\/v2\/tags?post=36676"}],"curies":[{"name":"wp","href":"https:\/\/api.w.org\/{rel}","templated":true}]}}