{"id":36674,"date":"2022-11-14T18:23:47","date_gmt":"2022-11-14T21:23:47","guid":{"rendered":"https:\/\/temucotelevision.cl\/web\/?p=36674"},"modified":"2022-11-14T18:23:48","modified_gmt":"2022-11-14T21:23:48","slug":"pdi-temuco-detiene-a-adolescente-por-robos-violentos-a-locales-comerciales","status":"publish","type":"post","link":"https:\/\/temucotelevision.cl\/web\/2022\/11\/14\/pdi-temuco-detiene-a-adolescente-por-robos-violentos-a-locales-comerciales\/","title":{"rendered":"PDI Temuco detiene a adolescente por robos violentos a locales comerciales"},"content":{"rendered":"<div class=\"pvc_clear\"><\/div><p id=\"pvc_stats_36674\" class=\"pvc_stats total_only  \" data-element-id=\"36674\" style=\"\"><i class=\"pvc-stats-icon large\" aria-hidden=\"true\"><svg aria-hidden=\"true\" focusable=\"false\" data-prefix=\"far\" data-icon=\"chart-bar\" role=\"img\" xmlns=\"http:\/\/www.w3.org\/2000\/svg\" viewBox=\"0 0 512 512\" class=\"svg-inline--fa fa-chart-bar fa-w-16 fa-2x\"><path fill=\"currentColor\" d=\"M396.8 352h22.4c6.4 0 12.8-6.4 12.8-12.8V108.8c0-6.4-6.4-12.8-12.8-12.8h-22.4c-6.4 0-12.8 6.4-12.8 12.8v230.4c0 6.4 6.4 12.8 12.8 12.8zm-192 0h22.4c6.4 0 12.8-6.4 12.8-12.8V140.8c0-6.4-6.4-12.8-12.8-12.8h-22.4c-6.4 0-12.8 6.4-12.8 12.8v198.4c0 6.4 6.4 12.8 12.8 12.8zm96 0h22.4c6.4 0 12.8-6.4 12.8-12.8V204.8c0-6.4-6.4-12.8-12.8-12.8h-22.4c-6.4 0-12.8 6.4-12.8 12.8v134.4c0 6.4 6.4 12.8 12.8 12.8zM496 400H48V80c0-8.84-7.16-16-16-16H16C7.16 64 0 71.16 0 80v336c0 17.67 14.33 32 32 32h464c8.84 0 16-7.16 16-16v-16c0-8.84-7.16-16-16-16zm-387.2-48h22.4c6.4 0 12.8-6.4 12.8-12.8v-70.4c0-6.4-6.4-12.8-12.8-12.8h-22.4c-6.4 0-12.8 6.4-12.8 12.8v70.4c0 6.4 6.4 12.8 12.8 12.8z\" class=\"\"><\/path><\/svg><\/i> <img loading=\"lazy\" decoding=\"async\" width=\"16\" height=\"16\" alt=\"Loading\" src=\"https:\/\/temucotelevision.cl\/web\/wp-content\/plugins\/page-views-count\/ajax-loader-2x.gif\" border=0 \/><\/p><div class=\"pvc_clear\"><\/div>\n<p>Detectives de la Brigada Investigadora de Robos (Biro) Temuco, detuvieron a un adolescente de 16 a\u00f1os _sin antecedentes policiales- quien estar\u00eda involucrado en una banda que habr\u00eda realizado diversos robos con violencia e intimidaci\u00f3n en locales comerciales del sector poniente de la capital regional.<\/p>\n\n\n\n<p>Seg\u00fan explic\u00f3 el jefe de la Biro Temuco, subprefecto Pablo Lagos, los detectives de esa unidad realizaron una serie de diligencias investigativas, luego de recibir diversas denuncias por robos con violencia e intimidaci\u00f3n, donde due\u00f1os y clientes de locales comerciales se vieron afectados en la sustracci\u00f3n de especies.<\/p>\n\n\n\n<p>\u201cEl d\u00eda viernes se pudo identificar a uno de los autores de estos delitos, gracias al an\u00e1lisis de c\u00e1maras de seguridad, empadronamiento de testigos y otras diligencias que permitieron posicionarlo en los delitos investigados. \u00c9l fue quien posicion\u00f3 en veh\u00edculo utilizado en los il\u00edcitos, el cual tiene encargo por robo, en un lugar cercano a su domicilio\u201d, indic\u00f3 el subprefecto Lagos.<\/p>\n\n\n\n<p>Con estos antecedentes, se solicit\u00f3 una entrada y registro a su domicilio, donde fue ubicado y detenido por receptaci\u00f3n flagrante. Adem\u00e1s, se incautaron vestimentas y otras especies que lo vinculaban a los delitos investigados.<\/p>\n\n\n\n<p>El fiscal de turno, instruy\u00f3 que el detenido pasara a control de detenci\u00f3n el d\u00eda s\u00e1bado 12 de noviembre en el Juzgado de Garant\u00eda de Temuco, sin embargo, la detenci\u00f3n se ampli\u00f3 hasta hoy -14 de noviembre- donde, tras su formalizaci\u00f3n por siete delitos, cuatro de robo con violencia y tres de robo con intimidaci\u00f3n, se decret\u00f3 la medida cautelar de internaci\u00f3n provisoria y un plazo de tres meses para la investigaci\u00f3n.<\/p>\n","protected":false},"excerpt":{"rendered":"<div class=\"pvc_clear\"><\/div>\n<p id=\"pvc_stats_36674\" class=\"pvc_stats total_only  \" data-element-id=\"36674\" style=\"\"><i class=\"pvc-stats-icon large\" aria-hidden=\"true\"><svg aria-hidden=\"true\" focusable=\"false\" data-prefix=\"far\" data-icon=\"chart-bar\" role=\"img\" xmlns=\"http:\/\/www.w3.org\/2000\/svg\" viewBox=\"0 0 512 512\" class=\"svg-inline--fa fa-chart-bar fa-w-16 fa-2x\"><path fill=\"currentColor\" d=\"M396.8 352h22.4c6.4 0 12.8-6.4 12.8-12.8V108.8c0-6.4-6.4-12.8-12.8-12.8h-22.4c-6.4 0-12.8 6.4-12.8 12.8v230.4c0 6.4 6.4 12.8 12.8 12.8zm-192 0h22.4c6.4 0 12.8-6.4 12.8-12.8V140.8c0-6.4-6.4-12.8-12.8-12.8h-22.4c-6.4 0-12.8 6.4-12.8 12.8v198.4c0 6.4 6.4 12.8 12.8 12.8zm96 0h22.4c6.4 0 12.8-6.4 12.8-12.8V204.8c0-6.4-6.4-12.8-12.8-12.8h-22.4c-6.4 0-12.8 6.4-12.8 12.8v134.4c0 6.4 6.4 12.8 12.8 12.8zM496 400H48V80c0-8.84-7.16-16-16-16H16C7.16 64 0 71.16 0 80v336c0 17.67 14.33 32 32 32h464c8.84 0 16-7.16 16-16v-16c0-8.84-7.16-16-16-16zm-387.2-48h22.4c6.4 0 12.8-6.4 12.8-12.8v-70.4c0-6.4-6.4-12.8-12.8-12.8h-22.4c-6.4 0-12.8 6.4-12.8 12.8v70.4c0 6.4 6.4 12.8 12.8 12.8z\" class=\"\"><\/path><\/svg><\/i> <img loading=\"lazy\" decoding=\"async\" width=\"16\" height=\"16\" alt=\"Loading\" src=\"https:\/\/temucotelevision.cl\/web\/wp-content\/plugins\/page-views-count\/ajax-loader-2x.gif\" border=0 \/><\/p>\n<div class=\"pvc_clear\"><\/div>\n<p>Detectives de la Brigada Investigadora de Robos (Biro) Temuco, detuvieron a un adolescente de 16 a\u00f1os _sin antecedentes policiales- quien<\/p>\n","protected":false},"author":1,"featured_media":27589,"comment_status":"open","ping_status":"open","sticky":false,"template":"","format":"standard","meta":{"colormag_page_container_layout":"default_layout","colormag_page_sidebar_layout":"default_layout","footnotes":""},"categories":[16,14],"tags":[2090,5949,1158,76,400],"class_list":["post-36674","post","type-post","status-publish","format-standard","has-post-thumbnail","hentry","category-policial","category-temuco","tag-adolescente","tag-comerciales","tag-locales","tag-pdi","tag-robos"],"a3_pvc":{"activated":true,"total_views":62,"today_views":0},"_links":{"self":[{"href":"https:\/\/temucotelevision.cl\/web\/wp-json\/wp\/v2\/posts\/36674","targetHints":{"allow":["GET"]}}],"collection":[{"href":"https:\/\/temucotelevision.cl\/web\/wp-json\/wp\/v2\/posts"}],"about":[{"href":"https:\/\/temucotelevision.cl\/web\/wp-json\/wp\/v2\/types\/post"}],"author":[{"embeddable":true,"href":"https:\/\/temucotelevision.cl\/web\/wp-json\/wp\/v2\/users\/1"}],"replies":[{"embeddable":true,"href":"https:\/\/temucotelevision.cl\/web\/wp-json\/wp\/v2\/comments?post=36674"}],"version-history":[{"count":1,"href":"https:\/\/temucotelevision.cl\/web\/wp-json\/wp\/v2\/posts\/36674\/revisions"}],"predecessor-version":[{"id":36675,"href":"https:\/\/temucotelevision.cl\/web\/wp-json\/wp\/v2\/posts\/36674\/revisions\/36675"}],"wp:featuredmedia":[{"embeddable":true,"href":"https:\/\/temucotelevision.cl\/web\/wp-json\/wp\/v2\/media\/27589"}],"wp:attachment":[{"href":"https:\/\/temucotelevision.cl\/web\/wp-json\/wp\/v2\/media?parent=36674"}],"wp:term":[{"taxonomy":"category","embeddable":true,"href":"https:\/\/temucotelevision.cl\/web\/wp-json\/wp\/v2\/categories?post=36674"},{"taxonomy":"post_tag","embeddable":true,"href":"https:\/\/temucotelevision.cl\/web\/wp-json\/wp\/v2\/tags?post=36674"}],"curies":[{"name":"wp","href":"https:\/\/api.w.org\/{rel}","templated":true}]}}