{"id":36668,"date":"2022-11-14T12:19:30","date_gmt":"2022-11-14T15:19:30","guid":{"rendered":"https:\/\/temucotelevision.cl\/web\/?p=36668"},"modified":"2022-11-14T12:19:30","modified_gmt":"2022-11-14T15:19:30","slug":"invitan-a-segunda-jornada-de-captacion-de-talentos-para-el-canotaje-en-lautaro","status":"publish","type":"post","link":"https:\/\/temucotelevision.cl\/web\/2022\/11\/14\/invitan-a-segunda-jornada-de-captacion-de-talentos-para-el-canotaje-en-lautaro\/","title":{"rendered":"Invitan a segunda jornada de captaci\u00f3n de talentos para el canotaje en Lautaro"},"content":{"rendered":"<div class=\"pvc_clear\"><\/div><p id=\"pvc_stats_36668\" class=\"pvc_stats total_only  \" data-element-id=\"36668\" style=\"\"><i class=\"pvc-stats-icon large\" aria-hidden=\"true\"><svg aria-hidden=\"true\" focusable=\"false\" data-prefix=\"far\" data-icon=\"chart-bar\" role=\"img\" xmlns=\"http:\/\/www.w3.org\/2000\/svg\" viewBox=\"0 0 512 512\" class=\"svg-inline--fa fa-chart-bar fa-w-16 fa-2x\"><path fill=\"currentColor\" d=\"M396.8 352h22.4c6.4 0 12.8-6.4 12.8-12.8V108.8c0-6.4-6.4-12.8-12.8-12.8h-22.4c-6.4 0-12.8 6.4-12.8 12.8v230.4c0 6.4 6.4 12.8 12.8 12.8zm-192 0h22.4c6.4 0 12.8-6.4 12.8-12.8V140.8c0-6.4-6.4-12.8-12.8-12.8h-22.4c-6.4 0-12.8 6.4-12.8 12.8v198.4c0 6.4 6.4 12.8 12.8 12.8zm96 0h22.4c6.4 0 12.8-6.4 12.8-12.8V204.8c0-6.4-6.4-12.8-12.8-12.8h-22.4c-6.4 0-12.8 6.4-12.8 12.8v134.4c0 6.4 6.4 12.8 12.8 12.8zM496 400H48V80c0-8.84-7.16-16-16-16H16C7.16 64 0 71.16 0 80v336c0 17.67 14.33 32 32 32h464c8.84 0 16-7.16 16-16v-16c0-8.84-7.16-16-16-16zm-387.2-48h22.4c6.4 0 12.8-6.4 12.8-12.8v-70.4c0-6.4-6.4-12.8-12.8-12.8h-22.4c-6.4 0-12.8 6.4-12.8 12.8v70.4c0 6.4 6.4 12.8 12.8 12.8z\" class=\"\"><\/path><\/svg><\/i> <img loading=\"lazy\" decoding=\"async\" width=\"16\" height=\"16\" alt=\"Loading\" src=\"https:\/\/temucotelevision.cl\/web\/wp-content\/plugins\/page-views-count\/ajax-loader-2x.gif\" border=0 \/><\/p><div class=\"pvc_clear\"><\/div>\n<p>\u00b7&nbsp;&nbsp;&nbsp;&nbsp;&nbsp;&nbsp;&nbsp;&nbsp;&nbsp;<strong>Si tienes entre 11 y 14 a\u00f1os te va a interesar. Ser\u00e1 el viernes 25 de noviembre entre 16 y 18 horas en el Parque Isabel Riquelme.&nbsp;<\/strong><\/p>\n\n\n\n<p> Una nueva Jornada de detecci\u00f3n y captaci\u00f3n de talentos deportivos para el canotaje infantil&#8221;, realizar\u00e1 el Instituto Nacional de Deportes (IND) el pr\u00f3ximo 25 de noviembre en Lautaro.<\/p>\n\n\n\n<p>La actividad se enmarca en los esfuerzos que lleva adelante la instituci\u00f3n a trav\u00e9s del programa \u201cPromesas Chile\u201d para identificar ni\u00f1os y j\u00f3venes con las potencialidades para transformarse en deportistas de alto rendimiento con la debida asesor\u00eda t\u00e9cnica y acompa\u00f1amiento del IND.<\/p>\n\n\n\n<p>Se realizar\u00e1 el viernes 25 de noviembre de 16 a 18 horas en el Parque Isabel Riquelme de Lautaro;&nbsp;estar\u00e1 a cargo del t\u00e9cnico de Promesas Chile IND Juan \u00d1onquep\u00e1n con colaboraci\u00f3n del municipio local, y apunta a alumnos de establecimientos de la comuna con edades de 11 a 14 a\u00f1os.<\/p>\n\n\n\n<p>Esta jornada es la segunda que se realiza en Lautaro -La primera correspondi\u00f3 a una muestra deportiva el 21 de octubre pasado- y se circunscribe en las estrategias regionales no tradicionales de captaci\u00f3n de talentos para ingresar al programa.<\/p>\n\n\n\n<p>Mayores consultas e informaciones sobre la jornada de detecci\u00f3n y captaci\u00f3n de talentos, pueden hacerse al correo&nbsp;<a href=\"mailto:carlo.leviante@ind.cl\" target=\"_blank\" rel=\"noreferrer noopener\">carlo.leviante@ind.cl<\/a>, o al fono 45-2965011.<\/p>\n","protected":false},"excerpt":{"rendered":"<div class=\"pvc_clear\"><\/div>\n<p id=\"pvc_stats_36668\" class=\"pvc_stats total_only  \" data-element-id=\"36668\" style=\"\"><i class=\"pvc-stats-icon large\" aria-hidden=\"true\"><svg aria-hidden=\"true\" focusable=\"false\" data-prefix=\"far\" data-icon=\"chart-bar\" role=\"img\" xmlns=\"http:\/\/www.w3.org\/2000\/svg\" viewBox=\"0 0 512 512\" class=\"svg-inline--fa fa-chart-bar fa-w-16 fa-2x\"><path fill=\"currentColor\" d=\"M396.8 352h22.4c6.4 0 12.8-6.4 12.8-12.8V108.8c0-6.4-6.4-12.8-12.8-12.8h-22.4c-6.4 0-12.8 6.4-12.8 12.8v230.4c0 6.4 6.4 12.8 12.8 12.8zm-192 0h22.4c6.4 0 12.8-6.4 12.8-12.8V140.8c0-6.4-6.4-12.8-12.8-12.8h-22.4c-6.4 0-12.8 6.4-12.8 12.8v198.4c0 6.4 6.4 12.8 12.8 12.8zm96 0h22.4c6.4 0 12.8-6.4 12.8-12.8V204.8c0-6.4-6.4-12.8-12.8-12.8h-22.4c-6.4 0-12.8 6.4-12.8 12.8v134.4c0 6.4 6.4 12.8 12.8 12.8zM496 400H48V80c0-8.84-7.16-16-16-16H16C7.16 64 0 71.16 0 80v336c0 17.67 14.33 32 32 32h464c8.84 0 16-7.16 16-16v-16c0-8.84-7.16-16-16-16zm-387.2-48h22.4c6.4 0 12.8-6.4 12.8-12.8v-70.4c0-6.4-6.4-12.8-12.8-12.8h-22.4c-6.4 0-12.8 6.4-12.8 12.8v70.4c0 6.4 6.4 12.8 12.8 12.8z\" class=\"\"><\/path><\/svg><\/i> <img loading=\"lazy\" decoding=\"async\" width=\"16\" height=\"16\" alt=\"Loading\" src=\"https:\/\/temucotelevision.cl\/web\/wp-content\/plugins\/page-views-count\/ajax-loader-2x.gif\" border=0 \/><\/p>\n<div class=\"pvc_clear\"><\/div>\n<p>\u00b7&nbsp;&nbsp;&nbsp;&nbsp;&nbsp;&nbsp;&nbsp;&nbsp;&nbsp;Si tienes entre 11 y 14 a\u00f1os te va a interesar. Ser\u00e1 el viernes 25 de noviembre entre 16 y<\/p>\n","protected":false},"author":1,"featured_media":36669,"comment_status":"open","ping_status":"open","sticky":false,"template":"","format":"standard","meta":{"colormag_page_container_layout":"default_layout","colormag_page_sidebar_layout":"default_layout","footnotes":""},"categories":[14],"tags":[5329,1931,457,5664],"class_list":["post-36668","post","type-post","status-publish","format-standard","has-post-thumbnail","hentry","category-temuco","tag-canotaje","tag-jornada","tag-lautaro","tag-talentos"],"a3_pvc":{"activated":true,"total_views":48,"today_views":0},"_links":{"self":[{"href":"https:\/\/temucotelevision.cl\/web\/wp-json\/wp\/v2\/posts\/36668","targetHints":{"allow":["GET"]}}],"collection":[{"href":"https:\/\/temucotelevision.cl\/web\/wp-json\/wp\/v2\/posts"}],"about":[{"href":"https:\/\/temucotelevision.cl\/web\/wp-json\/wp\/v2\/types\/post"}],"author":[{"embeddable":true,"href":"https:\/\/temucotelevision.cl\/web\/wp-json\/wp\/v2\/users\/1"}],"replies":[{"embeddable":true,"href":"https:\/\/temucotelevision.cl\/web\/wp-json\/wp\/v2\/comments?post=36668"}],"version-history":[{"count":1,"href":"https:\/\/temucotelevision.cl\/web\/wp-json\/wp\/v2\/posts\/36668\/revisions"}],"predecessor-version":[{"id":36670,"href":"https:\/\/temucotelevision.cl\/web\/wp-json\/wp\/v2\/posts\/36668\/revisions\/36670"}],"wp:featuredmedia":[{"embeddable":true,"href":"https:\/\/temucotelevision.cl\/web\/wp-json\/wp\/v2\/media\/36669"}],"wp:attachment":[{"href":"https:\/\/temucotelevision.cl\/web\/wp-json\/wp\/v2\/media?parent=36668"}],"wp:term":[{"taxonomy":"category","embeddable":true,"href":"https:\/\/temucotelevision.cl\/web\/wp-json\/wp\/v2\/categories?post=36668"},{"taxonomy":"post_tag","embeddable":true,"href":"https:\/\/temucotelevision.cl\/web\/wp-json\/wp\/v2\/tags?post=36668"}],"curies":[{"name":"wp","href":"https:\/\/api.w.org\/{rel}","templated":true}]}}