{"id":36664,"date":"2022-11-14T12:17:05","date_gmt":"2022-11-14T15:17:05","guid":{"rendered":"https:\/\/temucotelevision.cl\/web\/?p=36664"},"modified":"2022-11-14T12:17:06","modified_gmt":"2022-11-14T15:17:06","slug":"con-gran-exito-se-desarrolla-en-la-region-seminario-de-innovacion-educativa-desde-la-araucania-buenas-practicas-y-lecciones-aprendidas","status":"publish","type":"post","link":"https:\/\/temucotelevision.cl\/web\/2022\/11\/14\/con-gran-exito-se-desarrolla-en-la-region-seminario-de-innovacion-educativa-desde-la-araucania-buenas-practicas-y-lecciones-aprendidas\/","title":{"rendered":"Con gran \u00e9xito se desarrolla en la regi\u00f3n\u00a0seminario de Innovaci\u00f3n Educativa desde La Araucan\u00eda: Buenas Pr\u00e1cticas y Lecciones Aprendidas"},"content":{"rendered":"<div class=\"pvc_clear\"><\/div><p id=\"pvc_stats_36664\" class=\"pvc_stats total_only  \" data-element-id=\"36664\" style=\"\"><i class=\"pvc-stats-icon large\" aria-hidden=\"true\"><svg aria-hidden=\"true\" focusable=\"false\" data-prefix=\"far\" data-icon=\"chart-bar\" role=\"img\" xmlns=\"http:\/\/www.w3.org\/2000\/svg\" viewBox=\"0 0 512 512\" class=\"svg-inline--fa fa-chart-bar fa-w-16 fa-2x\"><path fill=\"currentColor\" d=\"M396.8 352h22.4c6.4 0 12.8-6.4 12.8-12.8V108.8c0-6.4-6.4-12.8-12.8-12.8h-22.4c-6.4 0-12.8 6.4-12.8 12.8v230.4c0 6.4 6.4 12.8 12.8 12.8zm-192 0h22.4c6.4 0 12.8-6.4 12.8-12.8V140.8c0-6.4-6.4-12.8-12.8-12.8h-22.4c-6.4 0-12.8 6.4-12.8 12.8v198.4c0 6.4 6.4 12.8 12.8 12.8zm96 0h22.4c6.4 0 12.8-6.4 12.8-12.8V204.8c0-6.4-6.4-12.8-12.8-12.8h-22.4c-6.4 0-12.8 6.4-12.8 12.8v134.4c0 6.4 6.4 12.8 12.8 12.8zM496 400H48V80c0-8.84-7.16-16-16-16H16C7.16 64 0 71.16 0 80v336c0 17.67 14.33 32 32 32h464c8.84 0 16-7.16 16-16v-16c0-8.84-7.16-16-16-16zm-387.2-48h22.4c6.4 0 12.8-6.4 12.8-12.8v-70.4c0-6.4-6.4-12.8-12.8-12.8h-22.4c-6.4 0-12.8 6.4-12.8 12.8v70.4c0 6.4 6.4 12.8 12.8 12.8z\" class=\"\"><\/path><\/svg><\/i> <img loading=\"lazy\" decoding=\"async\" width=\"16\" height=\"16\" alt=\"Loading\" src=\"https:\/\/temucotelevision.cl\/web\/wp-content\/plugins\/page-views-count\/ajax-loader-2x.gif\" border=0 \/><\/p><div class=\"pvc_clear\"><\/div>\n<p>Desde el 08 hasta el 10 de noviembre, se lleva a cabo en dependencias de la Universidad Cat\u00f3lica de Temuco y de manera online, el&nbsp;<strong>Seminario de Innovaci\u00f3n Educativa desde La Araucan\u00eda: \u201cBuenas pr\u00e1cticas y Lecciones Aprendidas\u201d<\/strong>, instancia donde distintos profesionales del quehacer educativo regional, nacional e internacional, han debatido sobre los desaf\u00edos que presenta el 2023 en esta materia. La actividad es realizada de manera conjunta entre el MINEDUC, la Direcci\u00f3n de Tecnolog\u00eda Educativa de la Universidad Cat\u00f3lica de Temuco y el Comit\u00e9 de Innovaci\u00f3n Educativa Regional, el que est\u00e1 compuesto por la Seremi de Educaci\u00f3n, universidades de la regi\u00f3n, Fundaci\u00f3n Telef\u00f3nica, Edvolution, Fundaci\u00f3n KODEA y la Direcci\u00f3n de Educaci\u00f3n Municipal de Temuco, entre otros.<\/p>\n\n\n\n<p>La actividad se enmarca dentro de la Pol\u00edtica de Reactivaci\u00f3n Integral Educativa&nbsp;<strong>\u201cSeamos Comunidad\u201d<\/strong>&nbsp;que contempla 5 ejes, dentro de los que se encuentra el Plan de transformaci\u00f3n digital y conectividad: disposici\u00f3n de recursos tecnol\u00f3gicos, conectividad y desarrollo de las capacidades con fines pedag\u00f3gicos \u201cdentro de las 5 l\u00edneas de nuestro programa est\u00e1n los aprendizajes para el siglo XXI y la pandemia sin duda nos mostr\u00f3 la enorme desigualdad y las dificultades de conectividad, pero tambi\u00e9n nos present\u00f3 la oportunidad de activar aprendizajes como los de hoy\u201d, se\u00f1al\u00f3 la Seremi de Educaci\u00f3n Mar\u00eda Isabel Mari\u00f1anco Nahuelcura.<\/p>\n\n\n\n<p>El programa del Seminario de Innovaci\u00f3n Educativa desde La Araucan\u00eda, ya lleva realizadas las c\u00e1tedras de&nbsp;<strong>\u201cSenderos Did\u00e1cticos de Ted a Steam en el nivel inicial\u201d<\/strong>, la que estuvo a cargo de la Doctora en Educaci\u00f3n Cristina Rodrigues; as\u00ed tambi\u00e9n la realizada por el Ingeniero Comercial de la UNESCO Carlos Henr\u00edquez&nbsp;<strong>\u201cAportes desde Laboratorio Latinoamericano de Evaluaci\u00f3n de la Calidad de la Educaci\u00f3n de la Unesco para la Agenda de Recuperaci\u00f3n y Transformaci\u00f3n Educativa\u201d<\/strong>. Para Maciel de La Fuente, Coordinadora Acad\u00e9mica del Plan Global de Plan Futuro de Fundaci\u00f3n Telef\u00f3nica es de vital importancia el trabajo permanente intersectorial que apunte a la capacitaci\u00f3n de los docentes \u201ccomo fundaci\u00f3n uno de nuestros m\u00e1s grandes compromisos es la disminuci\u00f3n de la brecha digital, la alfabetizaci\u00f3n digital para nuestros docentes es primordial y as\u00ed poder impactar positivamente a nuestros estudiantes, por eso es tan importante participar en estas mesas de innovaci\u00f3n y la capacitaci\u00f3n continua\u201d.<\/p>\n\n\n\n<p>Cabe se\u00f1alar que durante la actividad, se dio un espacio para conmemorar los 30 a\u00f1os de ENLACES del MINEDUC, programa pionero en el uso de las Tecnolog\u00edas de la Informaci\u00f3n \u201cel programa enlaces comenz\u00f3 en La Araucan\u00eda y posterior a esto se expandi\u00f3 a todo el pa\u00eds. Hoy podemos decir que hemos avanzado y mucho, pero sin duda siguen habiendo brechas, otras, distintas a las de ayer, pero sin duda la articulaci\u00f3n de la sociedad civil, de la seremi de educaci\u00f3n y las universidades es fundamental para seguir avanzando\u201d, dijo Mart\u00edn C\u00e1ceres, Doctor en Ciencias de la Ingenier\u00eda y Director del Centro de Innovaci\u00f3n del Mineduc.<\/p>\n\n\n\n<figure class=\"wp-block-image size-full\"><img loading=\"lazy\" decoding=\"async\" width=\"1024\" height=\"768\" src=\"https:\/\/temucotelevision.cl\/web\/wp-content\/uploads\/2022\/11\/Innpvacion3.jpg\" alt=\"\" class=\"wp-image-36666\" srcset=\"https:\/\/temucotelevision.cl\/web\/wp-content\/uploads\/2022\/11\/Innpvacion3.jpg 1024w, https:\/\/temucotelevision.cl\/web\/wp-content\/uploads\/2022\/11\/Innpvacion3-768x576.jpg 768w\" sizes=\"auto, (max-width: 1024px) 100vw, 1024px\" \/><\/figure>\n","protected":false},"excerpt":{"rendered":"<div class=\"pvc_clear\"><\/div>\n<p id=\"pvc_stats_36664\" class=\"pvc_stats total_only  \" data-element-id=\"36664\" style=\"\"><i class=\"pvc-stats-icon large\" aria-hidden=\"true\"><svg aria-hidden=\"true\" focusable=\"false\" data-prefix=\"far\" data-icon=\"chart-bar\" role=\"img\" xmlns=\"http:\/\/www.w3.org\/2000\/svg\" viewBox=\"0 0 512 512\" class=\"svg-inline--fa fa-chart-bar fa-w-16 fa-2x\"><path fill=\"currentColor\" d=\"M396.8 352h22.4c6.4 0 12.8-6.4 12.8-12.8V108.8c0-6.4-6.4-12.8-12.8-12.8h-22.4c-6.4 0-12.8 6.4-12.8 12.8v230.4c0 6.4 6.4 12.8 12.8 12.8zm-192 0h22.4c6.4 0 12.8-6.4 12.8-12.8V140.8c0-6.4-6.4-12.8-12.8-12.8h-22.4c-6.4 0-12.8 6.4-12.8 12.8v198.4c0 6.4 6.4 12.8 12.8 12.8zm96 0h22.4c6.4 0 12.8-6.4 12.8-12.8V204.8c0-6.4-6.4-12.8-12.8-12.8h-22.4c-6.4 0-12.8 6.4-12.8 12.8v134.4c0 6.4 6.4 12.8 12.8 12.8zM496 400H48V80c0-8.84-7.16-16-16-16H16C7.16 64 0 71.16 0 80v336c0 17.67 14.33 32 32 32h464c8.84 0 16-7.16 16-16v-16c0-8.84-7.16-16-16-16zm-387.2-48h22.4c6.4 0 12.8-6.4 12.8-12.8v-70.4c0-6.4-6.4-12.8-12.8-12.8h-22.4c-6.4 0-12.8 6.4-12.8 12.8v70.4c0 6.4 6.4 12.8 12.8 12.8z\" class=\"\"><\/path><\/svg><\/i> <img loading=\"lazy\" decoding=\"async\" width=\"16\" height=\"16\" alt=\"Loading\" src=\"https:\/\/temucotelevision.cl\/web\/wp-content\/plugins\/page-views-count\/ajax-loader-2x.gif\" border=0 \/><\/p>\n<div class=\"pvc_clear\"><\/div>\n<p>Desde el 08 hasta el 10 de noviembre, se lleva a cabo en dependencias de la Universidad Cat\u00f3lica de Temuco<\/p>\n","protected":false},"author":1,"featured_media":36665,"comment_status":"open","ping_status":"open","sticky":false,"template":"","format":"standard","meta":{"colormag_page_container_layout":"default_layout","colormag_page_sidebar_layout":"default_layout","footnotes":""},"categories":[14],"tags":[3077,5948,2134,1154],"class_list":["post-36664","post","type-post","status-publish","format-standard","has-post-thumbnail","hentry","category-temuco","tag-innovacion","tag-lecciones","tag-online","tag-seminario"],"a3_pvc":{"activated":true,"total_views":56,"today_views":0},"_links":{"self":[{"href":"https:\/\/temucotelevision.cl\/web\/wp-json\/wp\/v2\/posts\/36664","targetHints":{"allow":["GET"]}}],"collection":[{"href":"https:\/\/temucotelevision.cl\/web\/wp-json\/wp\/v2\/posts"}],"about":[{"href":"https:\/\/temucotelevision.cl\/web\/wp-json\/wp\/v2\/types\/post"}],"author":[{"embeddable":true,"href":"https:\/\/temucotelevision.cl\/web\/wp-json\/wp\/v2\/users\/1"}],"replies":[{"embeddable":true,"href":"https:\/\/temucotelevision.cl\/web\/wp-json\/wp\/v2\/comments?post=36664"}],"version-history":[{"count":1,"href":"https:\/\/temucotelevision.cl\/web\/wp-json\/wp\/v2\/posts\/36664\/revisions"}],"predecessor-version":[{"id":36667,"href":"https:\/\/temucotelevision.cl\/web\/wp-json\/wp\/v2\/posts\/36664\/revisions\/36667"}],"wp:featuredmedia":[{"embeddable":true,"href":"https:\/\/temucotelevision.cl\/web\/wp-json\/wp\/v2\/media\/36665"}],"wp:attachment":[{"href":"https:\/\/temucotelevision.cl\/web\/wp-json\/wp\/v2\/media?parent=36664"}],"wp:term":[{"taxonomy":"category","embeddable":true,"href":"https:\/\/temucotelevision.cl\/web\/wp-json\/wp\/v2\/categories?post=36664"},{"taxonomy":"post_tag","embeddable":true,"href":"https:\/\/temucotelevision.cl\/web\/wp-json\/wp\/v2\/tags?post=36664"}],"curies":[{"name":"wp","href":"https:\/\/api.w.org\/{rel}","templated":true}]}}