{"id":3657,"date":"2019-05-12T19:47:58","date_gmt":"2019-05-12T22:47:58","guid":{"rendered":"https:\/\/temucotelevision.cl\/web\/?p=3657"},"modified":"2019-05-12T19:47:58","modified_gmt":"2019-05-12T22:47:58","slug":"sml-logra-identificar-a-las-victimas-de-fatal-accidente-carretero-en-ercilla","status":"publish","type":"post","link":"https:\/\/temucotelevision.cl\/web\/2019\/05\/12\/sml-logra-identificar-a-las-victimas-de-fatal-accidente-carretero-en-ercilla\/","title":{"rendered":"SML logra identificar a las v\u00edctimas de fatal accidente carretero en Ercilla"},"content":{"rendered":"<div class=\"pvc_clear\"><\/div>\n<p id=\"pvc_stats_3657\" class=\"pvc_stats total_only  \" data-element-id=\"3657\" style=\"\"><i class=\"pvc-stats-icon large\" aria-hidden=\"true\"><svg aria-hidden=\"true\" focusable=\"false\" data-prefix=\"far\" data-icon=\"chart-bar\" role=\"img\" xmlns=\"http:\/\/www.w3.org\/2000\/svg\" viewBox=\"0 0 512 512\" class=\"svg-inline--fa fa-chart-bar fa-w-16 fa-2x\"><path fill=\"currentColor\" d=\"M396.8 352h22.4c6.4 0 12.8-6.4 12.8-12.8V108.8c0-6.4-6.4-12.8-12.8-12.8h-22.4c-6.4 0-12.8 6.4-12.8 12.8v230.4c0 6.4 6.4 12.8 12.8 12.8zm-192 0h22.4c6.4 0 12.8-6.4 12.8-12.8V140.8c0-6.4-6.4-12.8-12.8-12.8h-22.4c-6.4 0-12.8 6.4-12.8 12.8v198.4c0 6.4 6.4 12.8 12.8 12.8zm96 0h22.4c6.4 0 12.8-6.4 12.8-12.8V204.8c0-6.4-6.4-12.8-12.8-12.8h-22.4c-6.4 0-12.8 6.4-12.8 12.8v134.4c0 6.4 6.4 12.8 12.8 12.8zM496 400H48V80c0-8.84-7.16-16-16-16H16C7.16 64 0 71.16 0 80v336c0 17.67 14.33 32 32 32h464c8.84 0 16-7.16 16-16v-16c0-8.84-7.16-16-16-16zm-387.2-48h22.4c6.4 0 12.8-6.4 12.8-12.8v-70.4c0-6.4-6.4-12.8-12.8-12.8h-22.4c-6.4 0-12.8 6.4-12.8 12.8v70.4c0 6.4 6.4 12.8 12.8 12.8z\" class=\"\"><\/path><\/svg><\/i> <img loading=\"lazy\" decoding=\"async\" width=\"16\" height=\"16\" alt=\"Loading\" src=\"https:\/\/temucotelevision.cl\/web\/wp-content\/plugins\/page-views-count\/ajax-loader-2x.gif\" border=0 \/><\/p>\n<div class=\"pvc_clear\"><\/div>\n<p>Se trata de\u00a0Susana del Pilar Aguayo Fern\u00e1ndez (48), Mar\u00eda Haydee Pereira (52), Bernardita Perello y Claudio Mu\u00f1oz Yucra. Todos de la ciudad de Osorno.<\/p>\n<p>Adem\u00e1s se identific\u00f3 a Rosa Pacheco y al ciudadano paraguayo que viajaba en el bus, Orlando Camacho, v\u00edctimas identificadas por el SML del fatal accidente que ocurri\u00f3 el pasado d\u00eda s\u00e1bado a las 06:20 de la ma\u00f1ana, en la comuna de Ercilla.<\/p>\n<p style=\"text-align: justify;\">El gobernador de Malleco, Victor Manolli, indic\u00f3 que la mayor\u00eda de los pasajeros continuaron el viaje hacia las ciudades de Osorno, Purranque, Puerto Varas y Puerto Montt. Mientras que a\u00fan quedan nueve lesionados de gravedad.<\/p>\n<p style=\"text-align: justify;\">El seremi de Justicia y Derechos Humanos de La Araucan\u00eda, Ignacio Malig, se\u00f1al\u00f3 que &#8220;esperamos tener las autopsias listas para hacer el cruce de informaci\u00f3n con el Registro Civil e Identificaci\u00f3n, queremos ser muy rigurosos en este procedimiento para darles tranquilidad a las familias&#8221;.<\/p>\n<p style=\"text-align: justify;\">La m\u00e1quina de la empresa Los Corsarios, sali\u00f3 desde Santiago con destino a Puerto Montt, cuando \u00a0por causas que est\u00e1n siendo investigadas, la m\u00e1quina impact\u00f3 la barrera de contenci\u00f3n, cruzando \u00a0hasta la pista contraria, quedando volcada con seis pasajeros fallecidos.<\/p>\n<p style=\"text-align: justify;\">\n","protected":false},"excerpt":{"rendered":"<div class=\"pvc_clear\"><\/div>\n<p id=\"pvc_stats_3657\" class=\"pvc_stats total_only  \" data-element-id=\"3657\" style=\"\"><i class=\"pvc-stats-icon large\" aria-hidden=\"true\"><svg aria-hidden=\"true\" focusable=\"false\" data-prefix=\"far\" data-icon=\"chart-bar\" role=\"img\" xmlns=\"http:\/\/www.w3.org\/2000\/svg\" viewBox=\"0 0 512 512\" class=\"svg-inline--fa fa-chart-bar fa-w-16 fa-2x\"><path fill=\"currentColor\" d=\"M396.8 352h22.4c6.4 0 12.8-6.4 12.8-12.8V108.8c0-6.4-6.4-12.8-12.8-12.8h-22.4c-6.4 0-12.8 6.4-12.8 12.8v230.4c0 6.4 6.4 12.8 12.8 12.8zm-192 0h22.4c6.4 0 12.8-6.4 12.8-12.8V140.8c0-6.4-6.4-12.8-12.8-12.8h-22.4c-6.4 0-12.8 6.4-12.8 12.8v198.4c0 6.4 6.4 12.8 12.8 12.8zm96 0h22.4c6.4 0 12.8-6.4 12.8-12.8V204.8c0-6.4-6.4-12.8-12.8-12.8h-22.4c-6.4 0-12.8 6.4-12.8 12.8v134.4c0 6.4 6.4 12.8 12.8 12.8zM496 400H48V80c0-8.84-7.16-16-16-16H16C7.16 64 0 71.16 0 80v336c0 17.67 14.33 32 32 32h464c8.84 0 16-7.16 16-16v-16c0-8.84-7.16-16-16-16zm-387.2-48h22.4c6.4 0 12.8-6.4 12.8-12.8v-70.4c0-6.4-6.4-12.8-12.8-12.8h-22.4c-6.4 0-12.8 6.4-12.8 12.8v70.4c0 6.4 6.4 12.8 12.8 12.8z\" class=\"\"><\/path><\/svg><\/i> <img loading=\"lazy\" decoding=\"async\" width=\"16\" height=\"16\" alt=\"Loading\" src=\"https:\/\/temucotelevision.cl\/web\/wp-content\/plugins\/page-views-count\/ajax-loader-2x.gif\" border=0 \/><\/p>\n<div class=\"pvc_clear\"><\/div>\n<p>Se trata de\u00a0Susana del Pilar Aguayo Fern\u00e1ndez (48), Mar\u00eda Haydee Pereira (52), Bernardita Perello y Claudio Mu\u00f1oz Yucra. Todos de<\/p>\n","protected":false},"author":1,"featured_media":3639,"comment_status":"open","ping_status":"open","sticky":false,"template":"","format":"standard","meta":{"colormag_page_container_layout":"default_layout","colormag_page_sidebar_layout":"default_layout","footnotes":""},"categories":[15],"tags":[197,712,1402,1405],"class_list":["post-3657","post","type-post","status-publish","format-standard","has-post-thumbnail","hentry","category-la-araucania","tag-bus","tag-ercilla","tag-pasajeros","tag-victimas"],"a3_pvc":{"activated":true,"total_views":35,"today_views":0},"_links":{"self":[{"href":"https:\/\/temucotelevision.cl\/web\/wp-json\/wp\/v2\/posts\/3657","targetHints":{"allow":["GET"]}}],"collection":[{"href":"https:\/\/temucotelevision.cl\/web\/wp-json\/wp\/v2\/posts"}],"about":[{"href":"https:\/\/temucotelevision.cl\/web\/wp-json\/wp\/v2\/types\/post"}],"author":[{"embeddable":true,"href":"https:\/\/temucotelevision.cl\/web\/wp-json\/wp\/v2\/users\/1"}],"replies":[{"embeddable":true,"href":"https:\/\/temucotelevision.cl\/web\/wp-json\/wp\/v2\/comments?post=3657"}],"version-history":[{"count":1,"href":"https:\/\/temucotelevision.cl\/web\/wp-json\/wp\/v2\/posts\/3657\/revisions"}],"predecessor-version":[{"id":3658,"href":"https:\/\/temucotelevision.cl\/web\/wp-json\/wp\/v2\/posts\/3657\/revisions\/3658"}],"wp:featuredmedia":[{"embeddable":true,"href":"https:\/\/temucotelevision.cl\/web\/wp-json\/wp\/v2\/media\/3639"}],"wp:attachment":[{"href":"https:\/\/temucotelevision.cl\/web\/wp-json\/wp\/v2\/media?parent=3657"}],"wp:term":[{"taxonomy":"category","embeddable":true,"href":"https:\/\/temucotelevision.cl\/web\/wp-json\/wp\/v2\/categories?post=3657"},{"taxonomy":"post_tag","embeddable":true,"href":"https:\/\/temucotelevision.cl\/web\/wp-json\/wp\/v2\/tags?post=3657"}],"curies":[{"name":"wp","href":"https:\/\/api.w.org\/{rel}","templated":true}]}}