{"id":3654,"date":"2019-05-12T19:34:42","date_gmt":"2019-05-12T22:34:42","guid":{"rendered":"https:\/\/temucotelevision.cl\/web\/?p=3654"},"modified":"2019-05-12T19:34:42","modified_gmt":"2019-05-12T22:34:42","slug":"minvu-traslada-hasta-el-hospital-de-temuco-con-su-oferta-en-subsidios-y-servicios-para-la-comunidad","status":"publish","type":"post","link":"https:\/\/temucotelevision.cl\/web\/2019\/05\/12\/minvu-traslada-hasta-el-hospital-de-temuco-con-su-oferta-en-subsidios-y-servicios-para-la-comunidad\/","title":{"rendered":"Minvu traslada hasta el Hospital de Temuco con su oferta en subsidios y servicios para la comunidad"},"content":{"rendered":"<div class=\"pvc_clear\"><\/div>\n<p id=\"pvc_stats_3654\" class=\"pvc_stats total_only  \" data-element-id=\"3654\" style=\"\"><i class=\"pvc-stats-icon large\" aria-hidden=\"true\"><svg aria-hidden=\"true\" focusable=\"false\" data-prefix=\"far\" data-icon=\"chart-bar\" role=\"img\" xmlns=\"http:\/\/www.w3.org\/2000\/svg\" viewBox=\"0 0 512 512\" class=\"svg-inline--fa fa-chart-bar fa-w-16 fa-2x\"><path fill=\"currentColor\" d=\"M396.8 352h22.4c6.4 0 12.8-6.4 12.8-12.8V108.8c0-6.4-6.4-12.8-12.8-12.8h-22.4c-6.4 0-12.8 6.4-12.8 12.8v230.4c0 6.4 6.4 12.8 12.8 12.8zm-192 0h22.4c6.4 0 12.8-6.4 12.8-12.8V140.8c0-6.4-6.4-12.8-12.8-12.8h-22.4c-6.4 0-12.8 6.4-12.8 12.8v198.4c0 6.4 6.4 12.8 12.8 12.8zm96 0h22.4c6.4 0 12.8-6.4 12.8-12.8V204.8c0-6.4-6.4-12.8-12.8-12.8h-22.4c-6.4 0-12.8 6.4-12.8 12.8v134.4c0 6.4 6.4 12.8 12.8 12.8zM496 400H48V80c0-8.84-7.16-16-16-16H16C7.16 64 0 71.16 0 80v336c0 17.67 14.33 32 32 32h464c8.84 0 16-7.16 16-16v-16c0-8.84-7.16-16-16-16zm-387.2-48h22.4c6.4 0 12.8-6.4 12.8-12.8v-70.4c0-6.4-6.4-12.8-12.8-12.8h-22.4c-6.4 0-12.8 6.4-12.8 12.8v70.4c0 6.4 6.4 12.8 12.8 12.8z\" class=\"\"><\/path><\/svg><\/i> <img loading=\"lazy\" decoding=\"async\" width=\"16\" height=\"16\" alt=\"Loading\" src=\"https:\/\/temucotelevision.cl\/web\/wp-content\/plugins\/page-views-count\/ajax-loader-2x.gif\" border=0 \/><\/p>\n<div class=\"pvc_clear\"><\/div>\n<p style=\"text-align: justify;\">El pr\u00f3ximo lunes 13 de mayo, a partir de las 15.30 horas, el Ministerio de Vivienda y Urbanismo, estar\u00e1 presente en el Hospital Dr. Hern\u00e1n Henr\u00edquez Aravena de Temuco, oportunidad con la cual buscan acercar los distintos subsidios y servicios a la comunidad.<\/p>\n<p style=\"text-align: justify;\">Qu\u00e9 subsidios existen, c\u00f3mo postular, c\u00f3mo mejorar y\/o aislar una propiedad, son parte de las dudas y preguntas que resolver\u00e1n los funcionarios, en un nuevo Minvu en Terreno, iniciativa que est\u00e1 dirigida a trabajadores de la salud, pero abierta al p\u00fablico, para as\u00ed dar a conocer los beneficios hoy existentes.<\/p>\n<p style=\"text-align: justify;\">Entre ellos, destacan la recuperaci\u00f3n de barrios, parques y obras que impactan positivamente a la comunidad, adem\u00e1s de toda la oferta program\u00e1tica en materia habitacional como el Fondo Solidario de Elecci\u00f3n de Vivienda, el de Integraci\u00f3n Social y Territorial, el de Mejoramiento de Vivienda, Acondicionamiento T\u00e9rmico, Condominios Sociales, el Focalizado en Personas en Situaci\u00f3n de Discapacidad, entre otros.<\/p>\n<p style=\"text-align: justify;\">\u201cQueremos que la comunidad tenga los espacios necesarios para interiorizarse respecto a las diversas pol\u00edticas p\u00fablicas, que hoy llevamos adelante como Ministerio. Queremos llegar a todos los rincones, apoyar a los m\u00e1s vulnerables y a los sectores medios, y as\u00ed colaborar, como Gobierno, a mejorar la calidad de vida de nuestra Araucan\u00eda\u201d, destac\u00f3 Pablo Artigas, Seremi de Vivienda y Urbanismo.<\/p>\n<p style=\"text-align: justify;\">La jornada, comenzar\u00e1 a las 15.30 horas, en el Auditorio Dr. Gonzalo Ossa, ubicado en el z\u00f3calo del antiguo edificio del Hospital Dr. Hern\u00e1n Henr\u00edquez Aravena de Temuco. Un operativo, que se volver\u00e1 a repetir, el pr\u00f3ximo lunes 20, a la misma hora, en el reci\u00e9n citado recinto asistencial.<\/p>\n<p style=\"text-align: justify;\">Posteriormente, Minvu en Terreno, se trasladar\u00e1 el mi\u00e9rcoles 22 de mayo, a la Junta de Vecinos de Villa Alameda del Sector Amanecer, donde desde las 18 horas, los vecinos y vecinas, podr\u00e1n participar de esta instancia.<\/p>\n","protected":false},"excerpt":{"rendered":"<div class=\"pvc_clear\"><\/div>\n<p id=\"pvc_stats_3654\" class=\"pvc_stats total_only  \" data-element-id=\"3654\" style=\"\"><i class=\"pvc-stats-icon large\" aria-hidden=\"true\"><svg aria-hidden=\"true\" focusable=\"false\" data-prefix=\"far\" data-icon=\"chart-bar\" role=\"img\" xmlns=\"http:\/\/www.w3.org\/2000\/svg\" viewBox=\"0 0 512 512\" class=\"svg-inline--fa fa-chart-bar fa-w-16 fa-2x\"><path fill=\"currentColor\" d=\"M396.8 352h22.4c6.4 0 12.8-6.4 12.8-12.8V108.8c0-6.4-6.4-12.8-12.8-12.8h-22.4c-6.4 0-12.8 6.4-12.8 12.8v230.4c0 6.4 6.4 12.8 12.8 12.8zm-192 0h22.4c6.4 0 12.8-6.4 12.8-12.8V140.8c0-6.4-6.4-12.8-12.8-12.8h-22.4c-6.4 0-12.8 6.4-12.8 12.8v198.4c0 6.4 6.4 12.8 12.8 12.8zm96 0h22.4c6.4 0 12.8-6.4 12.8-12.8V204.8c0-6.4-6.4-12.8-12.8-12.8h-22.4c-6.4 0-12.8 6.4-12.8 12.8v134.4c0 6.4 6.4 12.8 12.8 12.8zM496 400H48V80c0-8.84-7.16-16-16-16H16C7.16 64 0 71.16 0 80v336c0 17.67 14.33 32 32 32h464c8.84 0 16-7.16 16-16v-16c0-8.84-7.16-16-16-16zm-387.2-48h22.4c6.4 0 12.8-6.4 12.8-12.8v-70.4c0-6.4-6.4-12.8-12.8-12.8h-22.4c-6.4 0-12.8 6.4-12.8 12.8v70.4c0 6.4 6.4 12.8 12.8 12.8z\" class=\"\"><\/path><\/svg><\/i> <img loading=\"lazy\" decoding=\"async\" width=\"16\" height=\"16\" alt=\"Loading\" src=\"https:\/\/temucotelevision.cl\/web\/wp-content\/plugins\/page-views-count\/ajax-loader-2x.gif\" border=0 \/><\/p>\n<div class=\"pvc_clear\"><\/div>\n<p>El pr\u00f3ximo lunes 13 de mayo, a partir de las 15.30 horas, el Ministerio de Vivienda y Urbanismo, estar\u00e1 presente<\/p>\n","protected":false},"author":1,"featured_media":3655,"comment_status":"open","ping_status":"open","sticky":false,"template":"","format":"standard","meta":{"colormag_page_container_layout":"default_layout","colormag_page_sidebar_layout":"default_layout","footnotes":""},"categories":[15],"tags":[1038,128,509,920,1404],"class_list":["post-3654","post","type-post","status-publish","format-standard","has-post-thumbnail","hentry","category-la-araucania","tag-comunidad","tag-hospital","tag-minvu","tag-servicios","tag-subsidios"],"a3_pvc":{"activated":true,"total_views":48,"today_views":0},"_links":{"self":[{"href":"https:\/\/temucotelevision.cl\/web\/wp-json\/wp\/v2\/posts\/3654","targetHints":{"allow":["GET"]}}],"collection":[{"href":"https:\/\/temucotelevision.cl\/web\/wp-json\/wp\/v2\/posts"}],"about":[{"href":"https:\/\/temucotelevision.cl\/web\/wp-json\/wp\/v2\/types\/post"}],"author":[{"embeddable":true,"href":"https:\/\/temucotelevision.cl\/web\/wp-json\/wp\/v2\/users\/1"}],"replies":[{"embeddable":true,"href":"https:\/\/temucotelevision.cl\/web\/wp-json\/wp\/v2\/comments?post=3654"}],"version-history":[{"count":1,"href":"https:\/\/temucotelevision.cl\/web\/wp-json\/wp\/v2\/posts\/3654\/revisions"}],"predecessor-version":[{"id":3656,"href":"https:\/\/temucotelevision.cl\/web\/wp-json\/wp\/v2\/posts\/3654\/revisions\/3656"}],"wp:featuredmedia":[{"embeddable":true,"href":"https:\/\/temucotelevision.cl\/web\/wp-json\/wp\/v2\/media\/3655"}],"wp:attachment":[{"href":"https:\/\/temucotelevision.cl\/web\/wp-json\/wp\/v2\/media?parent=3654"}],"wp:term":[{"taxonomy":"category","embeddable":true,"href":"https:\/\/temucotelevision.cl\/web\/wp-json\/wp\/v2\/categories?post=3654"},{"taxonomy":"post_tag","embeddable":true,"href":"https:\/\/temucotelevision.cl\/web\/wp-json\/wp\/v2\/tags?post=3654"}],"curies":[{"name":"wp","href":"https:\/\/api.w.org\/{rel}","templated":true}]}}