{"id":3651,"date":"2019-05-12T12:13:27","date_gmt":"2019-05-12T15:13:27","guid":{"rendered":"https:\/\/temucotelevision.cl\/web\/?p=3651"},"modified":"2019-05-12T12:13:27","modified_gmt":"2019-05-12T15:13:27","slug":"justicia-amplia-detencion-de-chofer-de-bus-que-se-volco-en-ercilla","status":"publish","type":"post","link":"https:\/\/temucotelevision.cl\/web\/2019\/05\/12\/justicia-amplia-detencion-de-chofer-de-bus-que-se-volco-en-ercilla\/","title":{"rendered":"Justicia ampl\u00eda detenci\u00f3n de chofer de bus que se volc\u00f3 en Ercilla"},"content":{"rendered":"<div class=\"pvc_clear\"><\/div>\n<p id=\"pvc_stats_3651\" class=\"pvc_stats total_only  \" data-element-id=\"3651\" style=\"\"><i class=\"pvc-stats-icon large\" aria-hidden=\"true\"><svg aria-hidden=\"true\" focusable=\"false\" data-prefix=\"far\" data-icon=\"chart-bar\" role=\"img\" xmlns=\"http:\/\/www.w3.org\/2000\/svg\" viewBox=\"0 0 512 512\" class=\"svg-inline--fa fa-chart-bar fa-w-16 fa-2x\"><path fill=\"currentColor\" d=\"M396.8 352h22.4c6.4 0 12.8-6.4 12.8-12.8V108.8c0-6.4-6.4-12.8-12.8-12.8h-22.4c-6.4 0-12.8 6.4-12.8 12.8v230.4c0 6.4 6.4 12.8 12.8 12.8zm-192 0h22.4c6.4 0 12.8-6.4 12.8-12.8V140.8c0-6.4-6.4-12.8-12.8-12.8h-22.4c-6.4 0-12.8 6.4-12.8 12.8v198.4c0 6.4 6.4 12.8 12.8 12.8zm96 0h22.4c6.4 0 12.8-6.4 12.8-12.8V204.8c0-6.4-6.4-12.8-12.8-12.8h-22.4c-6.4 0-12.8 6.4-12.8 12.8v134.4c0 6.4 6.4 12.8 12.8 12.8zM496 400H48V80c0-8.84-7.16-16-16-16H16C7.16 64 0 71.16 0 80v336c0 17.67 14.33 32 32 32h464c8.84 0 16-7.16 16-16v-16c0-8.84-7.16-16-16-16zm-387.2-48h22.4c6.4 0 12.8-6.4 12.8-12.8v-70.4c0-6.4-6.4-12.8-12.8-12.8h-22.4c-6.4 0-12.8 6.4-12.8 12.8v70.4c0 6.4 6.4 12.8 12.8 12.8z\" class=\"\"><\/path><\/svg><\/i> <img loading=\"lazy\" decoding=\"async\" width=\"16\" height=\"16\" alt=\"Loading\" src=\"https:\/\/temucotelevision.cl\/web\/wp-content\/plugins\/page-views-count\/ajax-loader-2x.gif\" border=0 \/><\/p>\n<div class=\"pvc_clear\"><\/div>\n<p style=\"text-align: justify;\">La jornada del pasado d\u00eda s\u00e1bado la Justicia ampli\u00f3 la detenci\u00f3n de Jorge Ibarra, conductor del bus de la empresa Los Corsarios se volc\u00f3 en la comuna de Ercilla dejando a seis personas fallecidas y m\u00faltiples heridos.<\/p>\n<p style=\"text-align: justify;\">&#8220;El control de detenci\u00f3n fue realizado el d\u00eda de hoy (s\u00e1bado) en el Juzgado de garant\u00eda de Collipulli, donde el Ministerio P\u00fablico solicit\u00f3 la ampliaci\u00f3n de la detenci\u00f3n por tres d\u00edas, debido a que existen diligencias relevantes para el esclarecimiento de este hecho, especialmente los peritajes de SIAT, las declaraciones de testigos y tambi\u00e9n el an\u00e1lisis de diversas c\u00e1maras de grabaci\u00f3n&#8221;, se\u00f1al\u00f3 el fiscal de Collipulli, Nelson Moreno.<\/p>\n<p style=\"text-align: justify;\">Por solicitud del Ministerio P\u00fablico, el Juzgado de Garant\u00eda de Collipulli acept\u00f3 extender la aprehensi\u00f3n de Ibarra hasta el martes, para lograr realizar todas las diligencias pertinentes antes de proceder con la formalizaci\u00f3n por cuasidelito de homicidio y lesiones.<\/p>\n<p style=\"text-align: justify;\">El d\u00eda martes se determin\u00f3 la audiencia de formalizaci\u00f3n del conductor a las 10:00 de la ma\u00f1ana.<\/p>\n<p style=\"text-align: justify;\">Cabe se\u00f1alar que de los 47 heridos, nueve presentan lesiones de car\u00e1cter grave -tres de ellos fueron trasladados hasta el Hospital Regional de Temuco-; los restantes, est\u00e1n internados en diversos centros asistenciales de La Araucan\u00eda.<\/p>\n","protected":false},"excerpt":{"rendered":"<div class=\"pvc_clear\"><\/div>\n<p id=\"pvc_stats_3651\" class=\"pvc_stats total_only  \" data-element-id=\"3651\" style=\"\"><i class=\"pvc-stats-icon large\" aria-hidden=\"true\"><svg aria-hidden=\"true\" focusable=\"false\" data-prefix=\"far\" data-icon=\"chart-bar\" role=\"img\" xmlns=\"http:\/\/www.w3.org\/2000\/svg\" viewBox=\"0 0 512 512\" class=\"svg-inline--fa fa-chart-bar fa-w-16 fa-2x\"><path fill=\"currentColor\" d=\"M396.8 352h22.4c6.4 0 12.8-6.4 12.8-12.8V108.8c0-6.4-6.4-12.8-12.8-12.8h-22.4c-6.4 0-12.8 6.4-12.8 12.8v230.4c0 6.4 6.4 12.8 12.8 12.8zm-192 0h22.4c6.4 0 12.8-6.4 12.8-12.8V140.8c0-6.4-6.4-12.8-12.8-12.8h-22.4c-6.4 0-12.8 6.4-12.8 12.8v198.4c0 6.4 6.4 12.8 12.8 12.8zm96 0h22.4c6.4 0 12.8-6.4 12.8-12.8V204.8c0-6.4-6.4-12.8-12.8-12.8h-22.4c-6.4 0-12.8 6.4-12.8 12.8v134.4c0 6.4 6.4 12.8 12.8 12.8zM496 400H48V80c0-8.84-7.16-16-16-16H16C7.16 64 0 71.16 0 80v336c0 17.67 14.33 32 32 32h464c8.84 0 16-7.16 16-16v-16c0-8.84-7.16-16-16-16zm-387.2-48h22.4c6.4 0 12.8-6.4 12.8-12.8v-70.4c0-6.4-6.4-12.8-12.8-12.8h-22.4c-6.4 0-12.8 6.4-12.8 12.8v70.4c0 6.4 6.4 12.8 12.8 12.8z\" class=\"\"><\/path><\/svg><\/i> <img loading=\"lazy\" decoding=\"async\" width=\"16\" height=\"16\" alt=\"Loading\" src=\"https:\/\/temucotelevision.cl\/web\/wp-content\/plugins\/page-views-count\/ajax-loader-2x.gif\" border=0 \/><\/p>\n<div class=\"pvc_clear\"><\/div>\n<p>La jornada del pasado d\u00eda s\u00e1bado la Justicia ampli\u00f3 la detenci\u00f3n de Jorge Ibarra, conductor del bus de la empresa<\/p>\n","protected":false},"author":1,"featured_media":3652,"comment_status":"open","ping_status":"open","sticky":false,"template":"","format":"standard","meta":{"colormag_page_container_layout":"default_layout","colormag_page_sidebar_layout":"default_layout","footnotes":""},"categories":[15],"tags":[1358,197,1403,549,712],"class_list":["post-3651","post","type-post","status-publish","format-standard","has-post-thumbnail","hentry","category-la-araucania","tag-accidente","tag-bus","tag-chofer","tag-empresa","tag-ercilla"],"a3_pvc":{"activated":true,"total_views":25,"today_views":0},"_links":{"self":[{"href":"https:\/\/temucotelevision.cl\/web\/wp-json\/wp\/v2\/posts\/3651","targetHints":{"allow":["GET"]}}],"collection":[{"href":"https:\/\/temucotelevision.cl\/web\/wp-json\/wp\/v2\/posts"}],"about":[{"href":"https:\/\/temucotelevision.cl\/web\/wp-json\/wp\/v2\/types\/post"}],"author":[{"embeddable":true,"href":"https:\/\/temucotelevision.cl\/web\/wp-json\/wp\/v2\/users\/1"}],"replies":[{"embeddable":true,"href":"https:\/\/temucotelevision.cl\/web\/wp-json\/wp\/v2\/comments?post=3651"}],"version-history":[{"count":1,"href":"https:\/\/temucotelevision.cl\/web\/wp-json\/wp\/v2\/posts\/3651\/revisions"}],"predecessor-version":[{"id":3653,"href":"https:\/\/temucotelevision.cl\/web\/wp-json\/wp\/v2\/posts\/3651\/revisions\/3653"}],"wp:featuredmedia":[{"embeddable":true,"href":"https:\/\/temucotelevision.cl\/web\/wp-json\/wp\/v2\/media\/3652"}],"wp:attachment":[{"href":"https:\/\/temucotelevision.cl\/web\/wp-json\/wp\/v2\/media?parent=3651"}],"wp:term":[{"taxonomy":"category","embeddable":true,"href":"https:\/\/temucotelevision.cl\/web\/wp-json\/wp\/v2\/categories?post=3651"},{"taxonomy":"post_tag","embeddable":true,"href":"https:\/\/temucotelevision.cl\/web\/wp-json\/wp\/v2\/tags?post=3651"}],"curies":[{"name":"wp","href":"https:\/\/api.w.org\/{rel}","templated":true}]}}