{"id":35806,"date":"2022-10-06T11:10:33","date_gmt":"2022-10-06T14:10:33","guid":{"rendered":"https:\/\/temucotelevision.cl\/web\/?p=35806"},"modified":"2022-10-06T11:10:34","modified_gmt":"2022-10-06T14:10:34","slug":"senadora-carmen-gloria-aravena-antes-de-avanzar-y-definir-un-nuevo-proceso-constituyente-se-le-debe-preguntar-a-los-chilenos-a-traves-de-un-plebiscito-de-entrada-cual-es-el-camino-que-quiere","status":"publish","type":"post","link":"https:\/\/temucotelevision.cl\/web\/2022\/10\/06\/senadora-carmen-gloria-aravena-antes-de-avanzar-y-definir-un-nuevo-proceso-constituyente-se-le-debe-preguntar-a-los-chilenos-a-traves-de-un-plebiscito-de-entrada-cual-es-el-camino-que-quiere\/","title":{"rendered":"Senadora Carmen Gloria Aravena: \u201cAntes de avanzar y definir un nuevo proceso constituyente se le debe preguntar a los chilenos a trav\u00e9s de un plebiscito de entrada cu\u00e1l es el camino que quieren seguir\u201d"},"content":{"rendered":"<div class=\"pvc_clear\"><\/div><p id=\"pvc_stats_35806\" class=\"pvc_stats total_only  \" data-element-id=\"35806\" style=\"\"><i class=\"pvc-stats-icon large\" aria-hidden=\"true\"><svg aria-hidden=\"true\" focusable=\"false\" data-prefix=\"far\" data-icon=\"chart-bar\" role=\"img\" xmlns=\"http:\/\/www.w3.org\/2000\/svg\" viewBox=\"0 0 512 512\" class=\"svg-inline--fa fa-chart-bar fa-w-16 fa-2x\"><path fill=\"currentColor\" d=\"M396.8 352h22.4c6.4 0 12.8-6.4 12.8-12.8V108.8c0-6.4-6.4-12.8-12.8-12.8h-22.4c-6.4 0-12.8 6.4-12.8 12.8v230.4c0 6.4 6.4 12.8 12.8 12.8zm-192 0h22.4c6.4 0 12.8-6.4 12.8-12.8V140.8c0-6.4-6.4-12.8-12.8-12.8h-22.4c-6.4 0-12.8 6.4-12.8 12.8v198.4c0 6.4 6.4 12.8 12.8 12.8zm96 0h22.4c6.4 0 12.8-6.4 12.8-12.8V204.8c0-6.4-6.4-12.8-12.8-12.8h-22.4c-6.4 0-12.8 6.4-12.8 12.8v134.4c0 6.4 6.4 12.8 12.8 12.8zM496 400H48V80c0-8.84-7.16-16-16-16H16C7.16 64 0 71.16 0 80v336c0 17.67 14.33 32 32 32h464c8.84 0 16-7.16 16-16v-16c0-8.84-7.16-16-16-16zm-387.2-48h22.4c6.4 0 12.8-6.4 12.8-12.8v-70.4c0-6.4-6.4-12.8-12.8-12.8h-22.4c-6.4 0-12.8 6.4-12.8 12.8v70.4c0 6.4 6.4 12.8 12.8 12.8z\" class=\"\"><\/path><\/svg><\/i> <img loading=\"lazy\" decoding=\"async\" width=\"16\" height=\"16\" alt=\"Loading\" src=\"https:\/\/temucotelevision.cl\/web\/wp-content\/plugins\/page-views-count\/ajax-loader-2x.gif\" border=0 \/><\/p><div class=\"pvc_clear\"><\/div>\n<ul class=\"wp-block-list\"><li><em>La legisladora por La Araucan\u00eda afirm\u00f3 que \u201cel debate sobre qu\u00e9 camino tomar en materia constitucional se debiese estar haciendo en el Congreso, con apoyo de expertos, ya que ah\u00ed est\u00e1n representadas todas las fuerzas pol\u00edticas, y no a partir de un acuerdo cupular entre algunos partidos\u201d. Adem\u00e1s, agreg\u00f3 que es \u201cfundamental reponer el voto obligatorio\u201d, ya que, a su juicio, fortalece el sistema pol\u00edtico y la democracia.<\/em><\/li><\/ul>\n\n\n\n<p>En medio del intenso debate constitucional y de cu\u00e1l es el camino que debe adoptar el pa\u00eds tras el amplio triunfo del rechazo en el plebiscito de salida, la Senadora Carmen Gloria Aravena plantea la necesidad de abrir la discusi\u00f3n y que esta se centre en el Congreso, \u201cporque es ah\u00ed donde est\u00e1n representadas todas las fuerzas pol\u00edticas y permitir\u00eda llegar a acuerdos transversales\u201d. Lineamientos al que tambi\u00e9n han adherido senadores y diputados de distintas bancadas en los \u00faltimos d\u00edas.<\/p>\n\n\n\n<p>Esto, en contraste con las negociaciones que vienen llevando hace semanas las directivas de los partidos oficialistas con Chile Vamos y la Democracia Cristiana, colectividades que buscan alcanzar un acuerdo que permita establecer lo que denominan \u201clos bordes\u201d de un nuevo proceso constituyente.<\/p>\n\n\n\n<p>Para la Senadora Aravena, \u201ces un error que las definiciones en materia constitucional se est\u00e9n acordando por un grupo reducido de partidos a nivel de directivas, porque eso le resta legitimidad al proceso, sobre todo considerando la desconfianza que este tipo de negociaciones a puertas cerradas provoca en la ciudadan\u00eda. A mi parecer, lo que corresponde es que ese debate constitucional se lleve adelante en el Congreso, con el apoyo de expertos pues la labor de esta instituci\u00f3n es precisamente deliberar y legislar. Se ve muy mal a ojos de los chilenos que estas definiciones tan relevantes aparezcan tom\u00e1ndose entre cuatro paredes\u201d.<\/p>\n\n\n\n<p>La congresista agreg\u00f3 tambi\u00e9n que \u201cresulta incomprensible que el proceso lo est\u00e9n liderando algunos sectores del oficialismo, como el PC, que no firm\u00f3 el acuerdo del 15 de noviembre de 2019, que estuvo a favor del proyecto que fracas\u00f3 y que contin\u00faan en una l\u00f3gica refundacional, sin siquiera haber hecho alguna reflexi\u00f3n por la derrota que tuvieron en el plebiscito de salida, manteniendo un discurso que divide a los chilenos\u201d.<\/p>\n\n\n\n<p>\u201cAqu\u00ed no se puede cometer el mismo error del proceso anterior, precisamente porque los chilenos no se sintieron parte ni representados por quienes estuvieron a cargo de elaborar la propuesta ni tampoco por el texto que redactaron. No se puede realizar un proceso constituyente disfrazado, pero que ser\u00e1 en los mismos t\u00e9rminos y condiciones del que fracas\u00f3, y eso es lo que se debe evitar, pero no veo al oficialismo en esa l\u00ednea, ya que en su gran mayor\u00eda, de los que est\u00e1n negociando un acuerdo, est\u00e1n por repetir la misma f\u00f3rmula que los chilenos rechazaron abrumadoramente\u201d, puntualiz\u00f3 la Senadora Aravena.<\/p>\n\n\n\n<p>La legisladora finaliz\u00f3 se\u00f1alando que \u201cestamos en un momento muy complejo como pa\u00eds y no nos podemos dar el lujo de hacer las cosas mal. Esta discusi\u00f3n constitucional se debe dar de forma amplia, participativa y de cara a la ciudadan\u00eda\u201d.<\/p>\n","protected":false},"excerpt":{"rendered":"<div class=\"pvc_clear\"><\/div>\n<p id=\"pvc_stats_35806\" class=\"pvc_stats total_only  \" data-element-id=\"35806\" style=\"\"><i class=\"pvc-stats-icon large\" aria-hidden=\"true\"><svg aria-hidden=\"true\" focusable=\"false\" data-prefix=\"far\" data-icon=\"chart-bar\" role=\"img\" xmlns=\"http:\/\/www.w3.org\/2000\/svg\" viewBox=\"0 0 512 512\" class=\"svg-inline--fa fa-chart-bar fa-w-16 fa-2x\"><path fill=\"currentColor\" d=\"M396.8 352h22.4c6.4 0 12.8-6.4 12.8-12.8V108.8c0-6.4-6.4-12.8-12.8-12.8h-22.4c-6.4 0-12.8 6.4-12.8 12.8v230.4c0 6.4 6.4 12.8 12.8 12.8zm-192 0h22.4c6.4 0 12.8-6.4 12.8-12.8V140.8c0-6.4-6.4-12.8-12.8-12.8h-22.4c-6.4 0-12.8 6.4-12.8 12.8v198.4c0 6.4 6.4 12.8 12.8 12.8zm96 0h22.4c6.4 0 12.8-6.4 12.8-12.8V204.8c0-6.4-6.4-12.8-12.8-12.8h-22.4c-6.4 0-12.8 6.4-12.8 12.8v134.4c0 6.4 6.4 12.8 12.8 12.8zM496 400H48V80c0-8.84-7.16-16-16-16H16C7.16 64 0 71.16 0 80v336c0 17.67 14.33 32 32 32h464c8.84 0 16-7.16 16-16v-16c0-8.84-7.16-16-16-16zm-387.2-48h22.4c6.4 0 12.8-6.4 12.8-12.8v-70.4c0-6.4-6.4-12.8-12.8-12.8h-22.4c-6.4 0-12.8 6.4-12.8 12.8v70.4c0 6.4 6.4 12.8 12.8 12.8z\" class=\"\"><\/path><\/svg><\/i> <img loading=\"lazy\" decoding=\"async\" width=\"16\" height=\"16\" alt=\"Loading\" src=\"https:\/\/temucotelevision.cl\/web\/wp-content\/plugins\/page-views-count\/ajax-loader-2x.gif\" border=0 \/><\/p>\n<div class=\"pvc_clear\"><\/div>\n<p>La legisladora por La Araucan\u00eda afirm\u00f3 que \u201cel debate sobre qu\u00e9 camino tomar en materia constitucional se debiese estar haciendo<\/p>\n","protected":false},"author":1,"featured_media":34081,"comment_status":"open","ping_status":"open","sticky":false,"template":"","format":"standard","meta":{"colormag_page_container_layout":"default_layout","colormag_page_sidebar_layout":"default_layout","footnotes":""},"categories":[84],"tags":[2513,3127,2184,2065],"class_list":["post-35806","post","type-post","status-publish","format-standard","has-post-thumbnail","hentry","category-politica","tag-chilenos","tag-constituyente","tag-proceso","tag-senadora"],"a3_pvc":{"activated":true,"total_views":58,"today_views":0},"_links":{"self":[{"href":"https:\/\/temucotelevision.cl\/web\/wp-json\/wp\/v2\/posts\/35806","targetHints":{"allow":["GET"]}}],"collection":[{"href":"https:\/\/temucotelevision.cl\/web\/wp-json\/wp\/v2\/posts"}],"about":[{"href":"https:\/\/temucotelevision.cl\/web\/wp-json\/wp\/v2\/types\/post"}],"author":[{"embeddable":true,"href":"https:\/\/temucotelevision.cl\/web\/wp-json\/wp\/v2\/users\/1"}],"replies":[{"embeddable":true,"href":"https:\/\/temucotelevision.cl\/web\/wp-json\/wp\/v2\/comments?post=35806"}],"version-history":[{"count":1,"href":"https:\/\/temucotelevision.cl\/web\/wp-json\/wp\/v2\/posts\/35806\/revisions"}],"predecessor-version":[{"id":35807,"href":"https:\/\/temucotelevision.cl\/web\/wp-json\/wp\/v2\/posts\/35806\/revisions\/35807"}],"wp:featuredmedia":[{"embeddable":true,"href":"https:\/\/temucotelevision.cl\/web\/wp-json\/wp\/v2\/media\/34081"}],"wp:attachment":[{"href":"https:\/\/temucotelevision.cl\/web\/wp-json\/wp\/v2\/media?parent=35806"}],"wp:term":[{"taxonomy":"category","embeddable":true,"href":"https:\/\/temucotelevision.cl\/web\/wp-json\/wp\/v2\/categories?post=35806"},{"taxonomy":"post_tag","embeddable":true,"href":"https:\/\/temucotelevision.cl\/web\/wp-json\/wp\/v2\/tags?post=35806"}],"curies":[{"name":"wp","href":"https:\/\/api.w.org\/{rel}","templated":true}]}}