{"id":35694,"date":"2022-10-01T17:48:52","date_gmt":"2022-10-01T20:48:52","guid":{"rendered":"https:\/\/temucotelevision.cl\/web\/?p=35694"},"modified":"2022-10-01T17:59:23","modified_gmt":"2022-10-01T20:59:23","slug":"alcalde-alexis-pineda-entrega-claro-mensaje-a-nuevo-delegado-presidencial-y-ministra-del-interior","status":"publish","type":"post","link":"https:\/\/temucotelevision.cl\/web\/2022\/10\/01\/alcalde-alexis-pineda-entrega-claro-mensaje-a-nuevo-delegado-presidencial-y-ministra-del-interior\/","title":{"rendered":"Alcalde Alexis Pineda entrega claro mensaje a nuevo Delegado Presidencial y Ministra del Interior"},"content":{"rendered":"<div class=\"pvc_clear\"><\/div><p id=\"pvc_stats_35694\" class=\"pvc_stats total_only  \" data-element-id=\"35694\" style=\"\"><i class=\"pvc-stats-icon large\" aria-hidden=\"true\"><svg aria-hidden=\"true\" focusable=\"false\" data-prefix=\"far\" data-icon=\"chart-bar\" role=\"img\" xmlns=\"http:\/\/www.w3.org\/2000\/svg\" viewBox=\"0 0 512 512\" class=\"svg-inline--fa fa-chart-bar fa-w-16 fa-2x\"><path fill=\"currentColor\" d=\"M396.8 352h22.4c6.4 0 12.8-6.4 12.8-12.8V108.8c0-6.4-6.4-12.8-12.8-12.8h-22.4c-6.4 0-12.8 6.4-12.8 12.8v230.4c0 6.4 6.4 12.8 12.8 12.8zm-192 0h22.4c6.4 0 12.8-6.4 12.8-12.8V140.8c0-6.4-6.4-12.8-12.8-12.8h-22.4c-6.4 0-12.8 6.4-12.8 12.8v198.4c0 6.4 6.4 12.8 12.8 12.8zm96 0h22.4c6.4 0 12.8-6.4 12.8-12.8V204.8c0-6.4-6.4-12.8-12.8-12.8h-22.4c-6.4 0-12.8 6.4-12.8 12.8v134.4c0 6.4 6.4 12.8 12.8 12.8zM496 400H48V80c0-8.84-7.16-16-16-16H16C7.16 64 0 71.16 0 80v336c0 17.67 14.33 32 32 32h464c8.84 0 16-7.16 16-16v-16c0-8.84-7.16-16-16-16zm-387.2-48h22.4c6.4 0 12.8-6.4 12.8-12.8v-70.4c0-6.4-6.4-12.8-12.8-12.8h-22.4c-6.4 0-12.8 6.4-12.8 12.8v70.4c0 6.4 6.4 12.8 12.8 12.8z\" class=\"\"><\/path><\/svg><\/i> <img loading=\"lazy\" decoding=\"async\" width=\"16\" height=\"16\" alt=\"Loading\" src=\"https:\/\/temucotelevision.cl\/web\/wp-content\/plugins\/page-views-count\/ajax-loader-2x.gif\" border=0 \/><\/p><div class=\"pvc_clear\"><\/div>\n<p>Ante la renuncia del ex Delegado Presidencial en La Araucan\u00eda; Raul Allard, se dieron cita en la ciudad de Temuco, los alcaldes de la provincia de Caut\u00edn, con el fin de reunirse con el nuevo delegado presidencial; Jos\u00e9 Montalva junto a la Ministra del Interior Carolina Toha y el Subsecretario del Interior; Manuel Monsalves, donde el Edil Loncochense; Alexis Pineda Ruiz estuvo presente.<\/p>\n\n\n\n<p>Dentro de los principales temas que abordaron como: seguridad, caminos, infraestructura, entre otros, el Alcalde Pineda tuvo la oportunidad de entregar un claro y fuerte mensaje a las autoridades.<\/p>\n\n\n\n<p>En su intervenci\u00f3n destac\u00f3 la necesidad de un trabajo entre el Gobierno y los alcaldes de La Araucan\u00eda, que servir\u00e1 para descentralizar la asignaci\u00f3n de los recursos que lleguen a los municipios de la regi\u00f3n m\u00e1s pobre del pa\u00eds.<\/p>\n\n\n\n<p>Adem\u00e1s, enfatiz\u00f3 el menester de dejar de enfocar los problemas de la Araucan\u00eda en el tema de la violencia rural, con el fin de no seguir invisibilizando a las dem\u00e1s comunas de la regi\u00f3n.<\/p>\n\n\n\n<figure class=\"wp-block-image size-large\"><img loading=\"lazy\" decoding=\"async\" width=\"853\" height=\"568\" src=\"https:\/\/temucotelevision.cl\/web\/wp-content\/uploads\/2022\/10\/94d0e70a-12cc-4c7a-aded-f27decebebab.jpg\" class=\"wp-image-35699\" srcset=\"https:\/\/temucotelevision.cl\/web\/wp-content\/uploads\/2022\/10\/94d0e70a-12cc-4c7a-aded-f27decebebab.jpg 853w, https:\/\/temucotelevision.cl\/web\/wp-content\/uploads\/2022\/10\/94d0e70a-12cc-4c7a-aded-f27decebebab-768x511.jpg 768w\" sizes=\"auto, (max-width: 853px) 100vw, 853px\" \/><\/figure>\n","protected":false},"excerpt":{"rendered":"<div class=\"pvc_clear\"><\/div>\n<p id=\"pvc_stats_35694\" class=\"pvc_stats total_only  \" data-element-id=\"35694\" style=\"\"><i class=\"pvc-stats-icon large\" aria-hidden=\"true\"><svg aria-hidden=\"true\" focusable=\"false\" data-prefix=\"far\" data-icon=\"chart-bar\" role=\"img\" xmlns=\"http:\/\/www.w3.org\/2000\/svg\" viewBox=\"0 0 512 512\" class=\"svg-inline--fa fa-chart-bar fa-w-16 fa-2x\"><path fill=\"currentColor\" d=\"M396.8 352h22.4c6.4 0 12.8-6.4 12.8-12.8V108.8c0-6.4-6.4-12.8-12.8-12.8h-22.4c-6.4 0-12.8 6.4-12.8 12.8v230.4c0 6.4 6.4 12.8 12.8 12.8zm-192 0h22.4c6.4 0 12.8-6.4 12.8-12.8V140.8c0-6.4-6.4-12.8-12.8-12.8h-22.4c-6.4 0-12.8 6.4-12.8 12.8v198.4c0 6.4 6.4 12.8 12.8 12.8zm96 0h22.4c6.4 0 12.8-6.4 12.8-12.8V204.8c0-6.4-6.4-12.8-12.8-12.8h-22.4c-6.4 0-12.8 6.4-12.8 12.8v134.4c0 6.4 6.4 12.8 12.8 12.8zM496 400H48V80c0-8.84-7.16-16-16-16H16C7.16 64 0 71.16 0 80v336c0 17.67 14.33 32 32 32h464c8.84 0 16-7.16 16-16v-16c0-8.84-7.16-16-16-16zm-387.2-48h22.4c6.4 0 12.8-6.4 12.8-12.8v-70.4c0-6.4-6.4-12.8-12.8-12.8h-22.4c-6.4 0-12.8 6.4-12.8 12.8v70.4c0 6.4 6.4 12.8 12.8 12.8z\" class=\"\"><\/path><\/svg><\/i> <img loading=\"lazy\" decoding=\"async\" width=\"16\" height=\"16\" alt=\"Loading\" src=\"https:\/\/temucotelevision.cl\/web\/wp-content\/plugins\/page-views-count\/ajax-loader-2x.gif\" border=0 \/><\/p>\n<div class=\"pvc_clear\"><\/div>\n<p>Ante la renuncia del ex Delegado Presidencial en La Araucan\u00eda; Raul Allard, se dieron cita en la ciudad de Temuco,<\/p>\n","protected":false},"author":1,"featured_media":35693,"comment_status":"open","ping_status":"open","sticky":false,"template":"","format":"standard","meta":{"colormag_page_container_layout":"default_layout","colormag_page_sidebar_layout":"default_layout","footnotes":""},"categories":[84,14],"tags":[],"class_list":["post-35694","post","type-post","status-publish","format-standard","has-post-thumbnail","hentry","category-politica","category-temuco"],"a3_pvc":{"activated":true,"total_views":32,"today_views":0},"_links":{"self":[{"href":"https:\/\/temucotelevision.cl\/web\/wp-json\/wp\/v2\/posts\/35694","targetHints":{"allow":["GET"]}}],"collection":[{"href":"https:\/\/temucotelevision.cl\/web\/wp-json\/wp\/v2\/posts"}],"about":[{"href":"https:\/\/temucotelevision.cl\/web\/wp-json\/wp\/v2\/types\/post"}],"author":[{"embeddable":true,"href":"https:\/\/temucotelevision.cl\/web\/wp-json\/wp\/v2\/users\/1"}],"replies":[{"embeddable":true,"href":"https:\/\/temucotelevision.cl\/web\/wp-json\/wp\/v2\/comments?post=35694"}],"version-history":[{"count":3,"href":"https:\/\/temucotelevision.cl\/web\/wp-json\/wp\/v2\/posts\/35694\/revisions"}],"predecessor-version":[{"id":35700,"href":"https:\/\/temucotelevision.cl\/web\/wp-json\/wp\/v2\/posts\/35694\/revisions\/35700"}],"wp:featuredmedia":[{"embeddable":true,"href":"https:\/\/temucotelevision.cl\/web\/wp-json\/wp\/v2\/media\/35693"}],"wp:attachment":[{"href":"https:\/\/temucotelevision.cl\/web\/wp-json\/wp\/v2\/media?parent=35694"}],"wp:term":[{"taxonomy":"category","embeddable":true,"href":"https:\/\/temucotelevision.cl\/web\/wp-json\/wp\/v2\/categories?post=35694"},{"taxonomy":"post_tag","embeddable":true,"href":"https:\/\/temucotelevision.cl\/web\/wp-json\/wp\/v2\/tags?post=35694"}],"curies":[{"name":"wp","href":"https:\/\/api.w.org\/{rel}","templated":true}]}}