{"id":35690,"date":"2022-10-01T10:54:57","date_gmt":"2022-10-01T13:54:57","guid":{"rendered":"https:\/\/temucotelevision.cl\/web\/?p=35690"},"modified":"2022-10-01T10:54:58","modified_gmt":"2022-10-01T13:54:58","slug":"senador-kast-por-visita-de-la-ministra-toha-espero-que-pueda-mostrar-un-giro-en-las-prioridades-del-gobierno-y-poner-a-las-victimas-del-terrorismo-de-la-region-en-primer-lugar","status":"publish","type":"post","link":"https:\/\/temucotelevision.cl\/web\/2022\/10\/01\/senador-kast-por-visita-de-la-ministra-toha-espero-que-pueda-mostrar-un-giro-en-las-prioridades-del-gobierno-y-poner-a-las-victimas-del-terrorismo-de-la-region-en-primer-lugar\/","title":{"rendered":"Senador Kast por visita de la ministra Toh\u00e1: &#8220;espero que pueda mostrar un giro en las prioridades del gobierno y poner a las v\u00edctimas del terrorismo de la regi\u00f3n en primer lugar&#8221;"},"content":{"rendered":"<div class=\"pvc_clear\"><\/div><p id=\"pvc_stats_35690\" class=\"pvc_stats total_only  \" data-element-id=\"35690\" style=\"\"><i class=\"pvc-stats-icon large\" aria-hidden=\"true\"><svg aria-hidden=\"true\" focusable=\"false\" data-prefix=\"far\" data-icon=\"chart-bar\" role=\"img\" xmlns=\"http:\/\/www.w3.org\/2000\/svg\" viewBox=\"0 0 512 512\" class=\"svg-inline--fa fa-chart-bar fa-w-16 fa-2x\"><path fill=\"currentColor\" d=\"M396.8 352h22.4c6.4 0 12.8-6.4 12.8-12.8V108.8c0-6.4-6.4-12.8-12.8-12.8h-22.4c-6.4 0-12.8 6.4-12.8 12.8v230.4c0 6.4 6.4 12.8 12.8 12.8zm-192 0h22.4c6.4 0 12.8-6.4 12.8-12.8V140.8c0-6.4-6.4-12.8-12.8-12.8h-22.4c-6.4 0-12.8 6.4-12.8 12.8v198.4c0 6.4 6.4 12.8 12.8 12.8zm96 0h22.4c6.4 0 12.8-6.4 12.8-12.8V204.8c0-6.4-6.4-12.8-12.8-12.8h-22.4c-6.4 0-12.8 6.4-12.8 12.8v134.4c0 6.4 6.4 12.8 12.8 12.8zM496 400H48V80c0-8.84-7.16-16-16-16H16C7.16 64 0 71.16 0 80v336c0 17.67 14.33 32 32 32h464c8.84 0 16-7.16 16-16v-16c0-8.84-7.16-16-16-16zm-387.2-48h22.4c6.4 0 12.8-6.4 12.8-12.8v-70.4c0-6.4-6.4-12.8-12.8-12.8h-22.4c-6.4 0-12.8 6.4-12.8 12.8v70.4c0 6.4 6.4 12.8 12.8 12.8z\" class=\"\"><\/path><\/svg><\/i> <img loading=\"lazy\" decoding=\"async\" width=\"16\" height=\"16\" alt=\"Loading\" src=\"https:\/\/temucotelevision.cl\/web\/wp-content\/plugins\/page-views-count\/ajax-loader-2x.gif\" border=0 \/><\/p><div class=\"pvc_clear\"><\/div>\n<p>Luego de que se conociera que la ministra del Interior, Carolina Toh\u00e1, realizar\u00e1 este viernes su primer viaje a La Araucan\u00eda desde que asumi\u00f3 el cargo, el senador por la regi\u00f3n, Felipe Kast, se refiri\u00f3 a visita de la autoridad, se\u00f1alando que espera que \u201cno cometa el error que han cometido siempre, que es visitar a los terroristas, si no que visite a las v\u00edctimas\u201d.<\/p>\n\n\n\n<p>\u201cQue vaya primero donde las personas que se sienten ignoradas, que ven con impotencia la impunidad del terrorismo en nuestra regi\u00f3n, eso es lo que uno esperar\u00eda\u201d, complement\u00f3 Kast.<\/p>\n\n\n\n<p>Al mismo tiempo, el legislador hizo un llamado al gobierno a un cambio de estrategia, \u201cque separe el terrorismo de la agenda ind\u00edgena, porque los terroristas no representan al pueblo mapuche, solo son una organizaci\u00f3n criminal que busca lucrar\u201d.<\/p>\n\n\n\n<p>Por \u00faltimo, el parlamentario expres\u00f3 que \u201cespero que la ministra Toh\u00e1 pueda mostrar un giro en las prioridades del gobierno y poner a las v\u00edctimas del terrorismo en nuestra regi\u00f3n como primera prioridad nacional\u201d.<\/p>\n","protected":false},"excerpt":{"rendered":"<div class=\"pvc_clear\"><\/div>\n<p id=\"pvc_stats_35690\" class=\"pvc_stats total_only  \" data-element-id=\"35690\" style=\"\"><i class=\"pvc-stats-icon large\" aria-hidden=\"true\"><svg aria-hidden=\"true\" focusable=\"false\" data-prefix=\"far\" data-icon=\"chart-bar\" role=\"img\" xmlns=\"http:\/\/www.w3.org\/2000\/svg\" viewBox=\"0 0 512 512\" class=\"svg-inline--fa fa-chart-bar fa-w-16 fa-2x\"><path fill=\"currentColor\" d=\"M396.8 352h22.4c6.4 0 12.8-6.4 12.8-12.8V108.8c0-6.4-6.4-12.8-12.8-12.8h-22.4c-6.4 0-12.8 6.4-12.8 12.8v230.4c0 6.4 6.4 12.8 12.8 12.8zm-192 0h22.4c6.4 0 12.8-6.4 12.8-12.8V140.8c0-6.4-6.4-12.8-12.8-12.8h-22.4c-6.4 0-12.8 6.4-12.8 12.8v198.4c0 6.4 6.4 12.8 12.8 12.8zm96 0h22.4c6.4 0 12.8-6.4 12.8-12.8V204.8c0-6.4-6.4-12.8-12.8-12.8h-22.4c-6.4 0-12.8 6.4-12.8 12.8v134.4c0 6.4 6.4 12.8 12.8 12.8zM496 400H48V80c0-8.84-7.16-16-16-16H16C7.16 64 0 71.16 0 80v336c0 17.67 14.33 32 32 32h464c8.84 0 16-7.16 16-16v-16c0-8.84-7.16-16-16-16zm-387.2-48h22.4c6.4 0 12.8-6.4 12.8-12.8v-70.4c0-6.4-6.4-12.8-12.8-12.8h-22.4c-6.4 0-12.8 6.4-12.8 12.8v70.4c0 6.4 6.4 12.8 12.8 12.8z\" class=\"\"><\/path><\/svg><\/i> <img loading=\"lazy\" decoding=\"async\" width=\"16\" height=\"16\" alt=\"Loading\" src=\"https:\/\/temucotelevision.cl\/web\/wp-content\/plugins\/page-views-count\/ajax-loader-2x.gif\" border=0 \/><\/p>\n<div class=\"pvc_clear\"><\/div>\n<p>Luego de que se conociera que la ministra del Interior, Carolina Toh\u00e1, realizar\u00e1 este viernes su primer viaje a La<\/p>\n","protected":false},"author":1,"featured_media":30589,"comment_status":"open","ping_status":"open","sticky":false,"template":"","format":"standard","meta":{"colormag_page_container_layout":"default_layout","colormag_page_sidebar_layout":"default_layout","footnotes":""},"categories":[84],"tags":[1877,206,730,5829,1405,617],"class_list":["post-35690","post","type-post","status-publish","format-standard","has-post-thumbnail","hentry","category-politica","tag-araucania-2","tag-gobierno","tag-ministra","tag-toha","tag-victimas","tag-visita"],"a3_pvc":{"activated":true,"total_views":49,"today_views":0},"_links":{"self":[{"href":"https:\/\/temucotelevision.cl\/web\/wp-json\/wp\/v2\/posts\/35690","targetHints":{"allow":["GET"]}}],"collection":[{"href":"https:\/\/temucotelevision.cl\/web\/wp-json\/wp\/v2\/posts"}],"about":[{"href":"https:\/\/temucotelevision.cl\/web\/wp-json\/wp\/v2\/types\/post"}],"author":[{"embeddable":true,"href":"https:\/\/temucotelevision.cl\/web\/wp-json\/wp\/v2\/users\/1"}],"replies":[{"embeddable":true,"href":"https:\/\/temucotelevision.cl\/web\/wp-json\/wp\/v2\/comments?post=35690"}],"version-history":[{"count":1,"href":"https:\/\/temucotelevision.cl\/web\/wp-json\/wp\/v2\/posts\/35690\/revisions"}],"predecessor-version":[{"id":35691,"href":"https:\/\/temucotelevision.cl\/web\/wp-json\/wp\/v2\/posts\/35690\/revisions\/35691"}],"wp:featuredmedia":[{"embeddable":true,"href":"https:\/\/temucotelevision.cl\/web\/wp-json\/wp\/v2\/media\/30589"}],"wp:attachment":[{"href":"https:\/\/temucotelevision.cl\/web\/wp-json\/wp\/v2\/media?parent=35690"}],"wp:term":[{"taxonomy":"category","embeddable":true,"href":"https:\/\/temucotelevision.cl\/web\/wp-json\/wp\/v2\/categories?post=35690"},{"taxonomy":"post_tag","embeddable":true,"href":"https:\/\/temucotelevision.cl\/web\/wp-json\/wp\/v2\/tags?post=35690"}],"curies":[{"name":"wp","href":"https:\/\/api.w.org\/{rel}","templated":true}]}}