{"id":35681,"date":"2022-10-01T10:40:08","date_gmt":"2022-10-01T13:40:08","guid":{"rendered":"https:\/\/temucotelevision.cl\/web\/?p=35681"},"modified":"2022-10-01T10:40:44","modified_gmt":"2022-10-01T13:40:44","slug":"ciclo-de-titeres-se-presentara-en-el-pabellon-araucania-este-fin-de-semana","status":"publish","type":"post","link":"https:\/\/temucotelevision.cl\/web\/2022\/10\/01\/ciclo-de-titeres-se-presentara-en-el-pabellon-araucania-este-fin-de-semana\/","title":{"rendered":"Ciclo de t\u00edteres se presentar\u00e1 en el Pabell\u00f3n Araucan\u00eda este fin de semana"},"content":{"rendered":"<div class=\"pvc_clear\"><\/div><p id=\"pvc_stats_35681\" class=\"pvc_stats total_only  \" data-element-id=\"35681\" style=\"\"><i class=\"pvc-stats-icon large\" aria-hidden=\"true\"><svg aria-hidden=\"true\" focusable=\"false\" data-prefix=\"far\" data-icon=\"chart-bar\" role=\"img\" xmlns=\"http:\/\/www.w3.org\/2000\/svg\" viewBox=\"0 0 512 512\" class=\"svg-inline--fa fa-chart-bar fa-w-16 fa-2x\"><path fill=\"currentColor\" d=\"M396.8 352h22.4c6.4 0 12.8-6.4 12.8-12.8V108.8c0-6.4-6.4-12.8-12.8-12.8h-22.4c-6.4 0-12.8 6.4-12.8 12.8v230.4c0 6.4 6.4 12.8 12.8 12.8zm-192 0h22.4c6.4 0 12.8-6.4 12.8-12.8V140.8c0-6.4-6.4-12.8-12.8-12.8h-22.4c-6.4 0-12.8 6.4-12.8 12.8v198.4c0 6.4 6.4 12.8 12.8 12.8zm96 0h22.4c6.4 0 12.8-6.4 12.8-12.8V204.8c0-6.4-6.4-12.8-12.8-12.8h-22.4c-6.4 0-12.8 6.4-12.8 12.8v134.4c0 6.4 6.4 12.8 12.8 12.8zM496 400H48V80c0-8.84-7.16-16-16-16H16C7.16 64 0 71.16 0 80v336c0 17.67 14.33 32 32 32h464c8.84 0 16-7.16 16-16v-16c0-8.84-7.16-16-16-16zm-387.2-48h22.4c6.4 0 12.8-6.4 12.8-12.8v-70.4c0-6.4-6.4-12.8-12.8-12.8h-22.4c-6.4 0-12.8 6.4-12.8 12.8v70.4c0 6.4 6.4 12.8 12.8 12.8z\" class=\"\"><\/path><\/svg><\/i> <img loading=\"lazy\" decoding=\"async\" width=\"16\" height=\"16\" alt=\"Loading\" src=\"https:\/\/temucotelevision.cl\/web\/wp-content\/plugins\/page-views-count\/ajax-loader-2x.gif\" border=0 \/><\/p><div class=\"pvc_clear\"><\/div>\n<p><strong><em>La invitaci\u00f3n es a inscribirse y participar de este panorama gratuito que se llevar\u00e1 a cabo los d\u00edas s\u00e1bado 1 y domingo 2 de octubre, desde las 15:30 hasta las 19:00 horas.&nbsp;<\/em><\/strong><\/p>\n\n\n\n<p>Un entretenido panorama para este fin de semana, con seis obras de t\u00edteres para los m\u00e1s peque\u00f1os, se llevar\u00e1 a cabo en el Pabell\u00f3n Araucan\u00eda, \u00edcono arquitect\u00f3nico de la capital regional, ubicado a los pies del Cerro \u00d1ielol.&nbsp;<\/p>\n\n\n\n<p>Entre las 15:30 y las 19 horas, los d\u00edas 1 y 2 de octubre, las familias podr\u00e1n disfrutar de este espect\u00e1culo organizado por el Gobierno Regional, en conjunto con la Corporaci\u00f3n Desarrolla Araucan\u00eda y la Asociaci\u00f3n de Titiriteros y Titiriteras ATTICH, a trav\u00e9s del cual se busca contribuir al desarrollo de las artes esc\u00e9nicas, como una plataforma de difusi\u00f3n e innovaci\u00f3n cultural en la regi\u00f3n.<\/p>\n\n\n\n<p>El evento tendr\u00e1 como protagonista a cinco compa\u00f1\u00edas de titiriteros, pertenecientes a las ciudades de Concepci\u00f3n, Chill\u00e1n, Castro, Temuco y de la localidad de Licanray, en Villarrica, que entregar\u00e1n entretenci\u00f3n a los espectadores, adem\u00e1s de abordar \u2013a trav\u00e9s de este arte\u2013 tem\u00e1ticas actuales como ecolog\u00eda y relatos culturales.&nbsp;<\/p>\n\n\n\n<p>El s\u00e1bado 1 de octubre, inicia la jornada a las 15:30 horas la Compa\u00f1\u00eda Titirycuentos de Licanray con \u201cLa vaca Margarita\u201d; luego a las 17 horas es el turno de la Compa\u00f1\u00eda Fantoche de Concepci\u00f3n, que presentar\u00e1 en funci\u00f3n doble la obra \u201cJuan sin miedo\u201d. La tarde finalizar\u00e1, a las 18:30 horas, con \u201cBrotes, sol y luna\u201d, de la Compa\u00f1\u00eda de T\u00edteres y M\u00e1scaras Okliria, de Chilo\u00e9.<\/p>\n\n\n\n<p>El domingo 2, a las 15:30 horas, la Compa\u00f1\u00eda Titirycuentos de Licanray con \u201cLa vaca Margarita\u201d inicia nuevamente la jornada, para continuar a las 17:00 horas con la Compa\u00f1\u00eda de T\u00edteres Pelafust\u00e1n de Chill\u00e1n, que presentar\u00e1 la obra \u201cCuentacuentos\u201d, tambi\u00e9n en funci\u00f3n doble. Finaliza el ciclo, a las 18:30 horas, la Compa\u00f1\u00eda Mu\u00f1eca e\u00b4Lana T\u00edteres, de Temuco, con la obra \u201cEl zorro que quer\u00eda ser Machi\u201d.&nbsp;&nbsp;<\/p>\n\n\n\n<p>Cabe destacar, que cada jornada se dividir\u00e1 en tres shows diarios. Para poder asistir a estas presentaciones gratuitas se requiere de una inscripci\u00f3n previa en\u00a0<a rel=\"noreferrer noopener\" href=\"http:\/\/www.pabellonaraucania.cl\/\" target=\"_blank\">www.pabellonaraucania.cl<\/a>, web en la cual se podr\u00e1 escoger las funciones y sus horarios de presentaci\u00f3n.<\/p>\n\n\n\n<figure class=\"wp-block-image size-large\"><img loading=\"lazy\" decoding=\"async\" width=\"819\" height=\"1024\" src=\"https:\/\/temucotelevision.cl\/web\/wp-content\/uploads\/2022\/10\/Titeres1-819x1024.jpeg\" alt=\"\" class=\"wp-image-35684\" srcset=\"https:\/\/temucotelevision.cl\/web\/wp-content\/uploads\/2022\/10\/Titeres1-819x1024.jpeg 819w, https:\/\/temucotelevision.cl\/web\/wp-content\/uploads\/2022\/10\/Titeres1-768x960.jpeg 768w, https:\/\/temucotelevision.cl\/web\/wp-content\/uploads\/2022\/10\/Titeres1.jpeg 1024w\" sizes=\"auto, (max-width: 819px) 100vw, 819px\" \/><\/figure>\n\n\n\n<figure class=\"wp-block-image size-large\"><img loading=\"lazy\" decoding=\"async\" width=\"819\" height=\"1024\" src=\"https:\/\/temucotelevision.cl\/web\/wp-content\/uploads\/2022\/10\/Titeres2-819x1024.jpeg\" alt=\"\" class=\"wp-image-35683\" srcset=\"https:\/\/temucotelevision.cl\/web\/wp-content\/uploads\/2022\/10\/Titeres2-819x1024.jpeg 819w, https:\/\/temucotelevision.cl\/web\/wp-content\/uploads\/2022\/10\/Titeres2-768x960.jpeg 768w, https:\/\/temucotelevision.cl\/web\/wp-content\/uploads\/2022\/10\/Titeres2.jpeg 1024w\" sizes=\"auto, (max-width: 819px) 100vw, 819px\" \/><\/figure>\n","protected":false},"excerpt":{"rendered":"<div class=\"pvc_clear\"><\/div>\n<p id=\"pvc_stats_35681\" class=\"pvc_stats total_only  \" data-element-id=\"35681\" style=\"\"><i class=\"pvc-stats-icon large\" aria-hidden=\"true\"><svg aria-hidden=\"true\" focusable=\"false\" data-prefix=\"far\" data-icon=\"chart-bar\" role=\"img\" xmlns=\"http:\/\/www.w3.org\/2000\/svg\" viewBox=\"0 0 512 512\" class=\"svg-inline--fa fa-chart-bar fa-w-16 fa-2x\"><path fill=\"currentColor\" d=\"M396.8 352h22.4c6.4 0 12.8-6.4 12.8-12.8V108.8c0-6.4-6.4-12.8-12.8-12.8h-22.4c-6.4 0-12.8 6.4-12.8 12.8v230.4c0 6.4 6.4 12.8 12.8 12.8zm-192 0h22.4c6.4 0 12.8-6.4 12.8-12.8V140.8c0-6.4-6.4-12.8-12.8-12.8h-22.4c-6.4 0-12.8 6.4-12.8 12.8v198.4c0 6.4 6.4 12.8 12.8 12.8zm96 0h22.4c6.4 0 12.8-6.4 12.8-12.8V204.8c0-6.4-6.4-12.8-12.8-12.8h-22.4c-6.4 0-12.8 6.4-12.8 12.8v134.4c0 6.4 6.4 12.8 12.8 12.8zM496 400H48V80c0-8.84-7.16-16-16-16H16C7.16 64 0 71.16 0 80v336c0 17.67 14.33 32 32 32h464c8.84 0 16-7.16 16-16v-16c0-8.84-7.16-16-16-16zm-387.2-48h22.4c6.4 0 12.8-6.4 12.8-12.8v-70.4c0-6.4-6.4-12.8-12.8-12.8h-22.4c-6.4 0-12.8 6.4-12.8 12.8v70.4c0 6.4 6.4 12.8 12.8 12.8z\" class=\"\"><\/path><\/svg><\/i> <img loading=\"lazy\" decoding=\"async\" width=\"16\" height=\"16\" alt=\"Loading\" src=\"https:\/\/temucotelevision.cl\/web\/wp-content\/plugins\/page-views-count\/ajax-loader-2x.gif\" border=0 \/><\/p>\n<div class=\"pvc_clear\"><\/div>\n<p>La invitaci\u00f3n es a inscribirse y participar de este panorama gratuito que se llevar\u00e1 a cabo los d\u00edas s\u00e1bado 1<\/p>\n","protected":false},"author":1,"featured_media":35682,"comment_status":"open","ping_status":"open","sticky":false,"template":"","format":"standard","meta":{"colormag_page_container_layout":"default_layout","colormag_page_sidebar_layout":"default_layout","footnotes":""},"categories":[86],"tags":[1877,147,919,1209],"class_list":["post-35681","post","type-post","status-publish","format-standard","has-post-thumbnail","hentry","category-panoramas","tag-araucania-2","tag-familias","tag-pabellon","tag-titeres"],"a3_pvc":{"activated":true,"total_views":124,"today_views":0},"_links":{"self":[{"href":"https:\/\/temucotelevision.cl\/web\/wp-json\/wp\/v2\/posts\/35681","targetHints":{"allow":["GET"]}}],"collection":[{"href":"https:\/\/temucotelevision.cl\/web\/wp-json\/wp\/v2\/posts"}],"about":[{"href":"https:\/\/temucotelevision.cl\/web\/wp-json\/wp\/v2\/types\/post"}],"author":[{"embeddable":true,"href":"https:\/\/temucotelevision.cl\/web\/wp-json\/wp\/v2\/users\/1"}],"replies":[{"embeddable":true,"href":"https:\/\/temucotelevision.cl\/web\/wp-json\/wp\/v2\/comments?post=35681"}],"version-history":[{"count":1,"href":"https:\/\/temucotelevision.cl\/web\/wp-json\/wp\/v2\/posts\/35681\/revisions"}],"predecessor-version":[{"id":35685,"href":"https:\/\/temucotelevision.cl\/web\/wp-json\/wp\/v2\/posts\/35681\/revisions\/35685"}],"wp:featuredmedia":[{"embeddable":true,"href":"https:\/\/temucotelevision.cl\/web\/wp-json\/wp\/v2\/media\/35682"}],"wp:attachment":[{"href":"https:\/\/temucotelevision.cl\/web\/wp-json\/wp\/v2\/media?parent=35681"}],"wp:term":[{"taxonomy":"category","embeddable":true,"href":"https:\/\/temucotelevision.cl\/web\/wp-json\/wp\/v2\/categories?post=35681"},{"taxonomy":"post_tag","embeddable":true,"href":"https:\/\/temucotelevision.cl\/web\/wp-json\/wp\/v2\/tags?post=35681"}],"curies":[{"name":"wp","href":"https:\/\/api.w.org\/{rel}","templated":true}]}}