{"id":35597,"date":"2022-09-28T11:08:43","date_gmt":"2022-09-28T14:08:43","guid":{"rendered":"https:\/\/temucotelevision.cl\/web\/?p=35597"},"modified":"2022-09-28T11:08:43","modified_gmt":"2022-09-28T14:08:43","slug":"diputado-rathgeb-por-nueva-prorroga-del-estado-de-excepcion-el-gobierno-no-quiere-cambiar-las-cosas-e-insiste-con-mantener-una-medida-acotada","status":"publish","type":"post","link":"https:\/\/temucotelevision.cl\/web\/2022\/09\/28\/diputado-rathgeb-por-nueva-prorroga-del-estado-de-excepcion-el-gobierno-no-quiere-cambiar-las-cosas-e-insiste-con-mantener-una-medida-acotada\/","title":{"rendered":"Diputado Rathgeb por nueva pr\u00f3rroga del Estado de Excepci\u00f3n: \u201cEl Gobierno no quiere cambiar las cosas e insiste con mantener una medida acotada\u201d"},"content":{"rendered":"<div class=\"pvc_clear\"><\/div><p id=\"pvc_stats_35597\" class=\"pvc_stats total_only  \" data-element-id=\"35597\" style=\"\"><i class=\"pvc-stats-icon large\" aria-hidden=\"true\"><svg aria-hidden=\"true\" focusable=\"false\" data-prefix=\"far\" data-icon=\"chart-bar\" role=\"img\" xmlns=\"http:\/\/www.w3.org\/2000\/svg\" viewBox=\"0 0 512 512\" class=\"svg-inline--fa fa-chart-bar fa-w-16 fa-2x\"><path fill=\"currentColor\" d=\"M396.8 352h22.4c6.4 0 12.8-6.4 12.8-12.8V108.8c0-6.4-6.4-12.8-12.8-12.8h-22.4c-6.4 0-12.8 6.4-12.8 12.8v230.4c0 6.4 6.4 12.8 12.8 12.8zm-192 0h22.4c6.4 0 12.8-6.4 12.8-12.8V140.8c0-6.4-6.4-12.8-12.8-12.8h-22.4c-6.4 0-12.8 6.4-12.8 12.8v198.4c0 6.4 6.4 12.8 12.8 12.8zm96 0h22.4c6.4 0 12.8-6.4 12.8-12.8V204.8c0-6.4-6.4-12.8-12.8-12.8h-22.4c-6.4 0-12.8 6.4-12.8 12.8v134.4c0 6.4 6.4 12.8 12.8 12.8zM496 400H48V80c0-8.84-7.16-16-16-16H16C7.16 64 0 71.16 0 80v336c0 17.67 14.33 32 32 32h464c8.84 0 16-7.16 16-16v-16c0-8.84-7.16-16-16-16zm-387.2-48h22.4c6.4 0 12.8-6.4 12.8-12.8v-70.4c0-6.4-6.4-12.8-12.8-12.8h-22.4c-6.4 0-12.8 6.4-12.8 12.8v70.4c0 6.4 6.4 12.8 12.8 12.8z\" class=\"\"><\/path><\/svg><\/i> <img loading=\"lazy\" decoding=\"async\" width=\"16\" height=\"16\" alt=\"Loading\" src=\"https:\/\/temucotelevision.cl\/web\/wp-content\/plugins\/page-views-count\/ajax-loader-2x.gif\" border=0 \/><\/p><div class=\"pvc_clear\"><\/div>\n<p><strong>El legislador insiste en que las autoridades no tienen mayor inter\u00e9s por resguardar el orden y la seguridad de la ciudadan\u00eda y que por eso insisten en continuar con una medida con \u201cletra chica\u201d.<\/strong><\/p>\n\n\n\n<p>Nuevamente el Congreso respald\u00f3 la idea de renovar el Estado de Excepci\u00f3n que rige actualmente para las provincias de Biob\u00edo, Arauco, Malleco y Caut\u00edn, aunque manteniendo la medida con car\u00e1cter acotado.<\/p>\n\n\n\n<p>El diputado de Renovaci\u00f3n Nacional por La Araucan\u00eda y presidente regional de la colectividad, Jorge Rathgeb, vot\u00f3 a favor de la continuidad de la iniciativa, aunque insisti\u00f3 en la necesidad de extender el patrullaje de los efectivos de las Fuerzas Armadas a los sectores rurales y tambi\u00e9n en las atribuciones a las polic\u00edas.<\/p>\n\n\n\n<p>Rathgeb coment\u00f3 que ac\u00e1 el Gobierno sigue demostrando que no quiere cambiar el actual escenario que se vive con violencia y ataques a familias, agricultores y trabajadores, que han reiterado que necesitan seguridad en su diario vivir.<\/p>\n\n\n\n<p>El legislador se\u00f1al\u00f3 que ac\u00e1 se necesitan gestos concretos y no lirismos o frases para la galer\u00eda, por lo cual llam\u00f3 a las autoridades a escuchar a los habitantes de la Regi\u00f3n, que necesitan una medida clara y no como est\u00e1 planteada actualmente.<\/p>\n\n\n\n<p>&#8220;Se aprob\u00f3 el Estado de Excepci\u00f3n, estado que no ten\u00edamos m\u00e1s alternativa que aprobar, pero aqu\u00ed hacemos un llamado al Gobierno a cambiar esta posici\u00f3n que tiene de tener una medida con letra chica acotada. Necesitamos medidas claras y concretas, con polic\u00edas y las Fuerzas Armadas para resguardar el orden y seguridad en La Araucan\u00eda, en distintos sectores urbanos y rurales, por otro lado necesitamos la presencia del Presidente Gabriel Boric en la Regi\u00f3n&#8221;, indic\u00f3 el parlamentario.<\/p>\n\n\n\n<p>Rathgeb concluy\u00f3 sus dichos puntualizando que las autoridades del Ejecutivo deben analizar el clamor de los habitantes de La Araucan\u00eda y toda la Macrozona Sur a quienes a diario se les est\u00e1 dejando solos.<\/p>\n","protected":false},"excerpt":{"rendered":"<div class=\"pvc_clear\"><\/div>\n<p id=\"pvc_stats_35597\" class=\"pvc_stats total_only  \" data-element-id=\"35597\" style=\"\"><i class=\"pvc-stats-icon large\" aria-hidden=\"true\"><svg aria-hidden=\"true\" focusable=\"false\" data-prefix=\"far\" data-icon=\"chart-bar\" role=\"img\" xmlns=\"http:\/\/www.w3.org\/2000\/svg\" viewBox=\"0 0 512 512\" class=\"svg-inline--fa fa-chart-bar fa-w-16 fa-2x\"><path fill=\"currentColor\" d=\"M396.8 352h22.4c6.4 0 12.8-6.4 12.8-12.8V108.8c0-6.4-6.4-12.8-12.8-12.8h-22.4c-6.4 0-12.8 6.4-12.8 12.8v230.4c0 6.4 6.4 12.8 12.8 12.8zm-192 0h22.4c6.4 0 12.8-6.4 12.8-12.8V140.8c0-6.4-6.4-12.8-12.8-12.8h-22.4c-6.4 0-12.8 6.4-12.8 12.8v198.4c0 6.4 6.4 12.8 12.8 12.8zm96 0h22.4c6.4 0 12.8-6.4 12.8-12.8V204.8c0-6.4-6.4-12.8-12.8-12.8h-22.4c-6.4 0-12.8 6.4-12.8 12.8v134.4c0 6.4 6.4 12.8 12.8 12.8zM496 400H48V80c0-8.84-7.16-16-16-16H16C7.16 64 0 71.16 0 80v336c0 17.67 14.33 32 32 32h464c8.84 0 16-7.16 16-16v-16c0-8.84-7.16-16-16-16zm-387.2-48h22.4c6.4 0 12.8-6.4 12.8-12.8v-70.4c0-6.4-6.4-12.8-12.8-12.8h-22.4c-6.4 0-12.8 6.4-12.8 12.8v70.4c0 6.4 6.4 12.8 12.8 12.8z\" class=\"\"><\/path><\/svg><\/i> <img loading=\"lazy\" decoding=\"async\" width=\"16\" height=\"16\" alt=\"Loading\" src=\"https:\/\/temucotelevision.cl\/web\/wp-content\/plugins\/page-views-count\/ajax-loader-2x.gif\" border=0 \/><\/p>\n<div class=\"pvc_clear\"><\/div>\n<p>El legislador insiste en que las autoridades no tienen mayor inter\u00e9s por resguardar el orden y la seguridad de la<\/p>\n","protected":false},"author":1,"featured_media":17734,"comment_status":"open","ping_status":"open","sticky":false,"template":"","format":"standard","meta":{"colormag_page_container_layout":"default_layout","colormag_page_sidebar_layout":"default_layout","footnotes":""},"categories":[84],"tags":[154,4437,206],"class_list":["post-35597","post","type-post","status-publish","format-standard","has-post-thumbnail","hentry","category-politica","tag-diputado","tag-estado-de-excepcion","tag-gobierno"],"a3_pvc":{"activated":true,"total_views":32,"today_views":0},"_links":{"self":[{"href":"https:\/\/temucotelevision.cl\/web\/wp-json\/wp\/v2\/posts\/35597","targetHints":{"allow":["GET"]}}],"collection":[{"href":"https:\/\/temucotelevision.cl\/web\/wp-json\/wp\/v2\/posts"}],"about":[{"href":"https:\/\/temucotelevision.cl\/web\/wp-json\/wp\/v2\/types\/post"}],"author":[{"embeddable":true,"href":"https:\/\/temucotelevision.cl\/web\/wp-json\/wp\/v2\/users\/1"}],"replies":[{"embeddable":true,"href":"https:\/\/temucotelevision.cl\/web\/wp-json\/wp\/v2\/comments?post=35597"}],"version-history":[{"count":1,"href":"https:\/\/temucotelevision.cl\/web\/wp-json\/wp\/v2\/posts\/35597\/revisions"}],"predecessor-version":[{"id":35598,"href":"https:\/\/temucotelevision.cl\/web\/wp-json\/wp\/v2\/posts\/35597\/revisions\/35598"}],"wp:featuredmedia":[{"embeddable":true,"href":"https:\/\/temucotelevision.cl\/web\/wp-json\/wp\/v2\/media\/17734"}],"wp:attachment":[{"href":"https:\/\/temucotelevision.cl\/web\/wp-json\/wp\/v2\/media?parent=35597"}],"wp:term":[{"taxonomy":"category","embeddable":true,"href":"https:\/\/temucotelevision.cl\/web\/wp-json\/wp\/v2\/categories?post=35597"},{"taxonomy":"post_tag","embeddable":true,"href":"https:\/\/temucotelevision.cl\/web\/wp-json\/wp\/v2\/tags?post=35597"}],"curies":[{"name":"wp","href":"https:\/\/api.w.org\/{rel}","templated":true}]}}