{"id":35593,"date":"2022-09-28T10:44:15","date_gmt":"2022-09-28T13:44:15","guid":{"rendered":"https:\/\/temucotelevision.cl\/web\/?p=35593"},"modified":"2022-09-28T10:44:15","modified_gmt":"2022-09-28T13:44:15","slug":"barrios-en-accion-se-vinculo-con-voluntarios-para-trabajar-por-vecinos-del-sector-pedro-de-valdivia","status":"publish","type":"post","link":"https:\/\/temucotelevision.cl\/web\/2022\/09\/28\/barrios-en-accion-se-vinculo-con-voluntarios-para-trabajar-por-vecinos-del-sector-pedro-de-valdivia\/","title":{"rendered":"Barrios en Acci\u00f3n se vincul\u00f3 con voluntarios para trabajar por vecinos del sector Pedro de Valdivia"},"content":{"rendered":"<div class=\"pvc_clear\"><\/div><p id=\"pvc_stats_35593\" class=\"pvc_stats total_only  \" data-element-id=\"35593\" style=\"\"><i class=\"pvc-stats-icon large\" aria-hidden=\"true\"><svg aria-hidden=\"true\" focusable=\"false\" data-prefix=\"far\" data-icon=\"chart-bar\" role=\"img\" xmlns=\"http:\/\/www.w3.org\/2000\/svg\" viewBox=\"0 0 512 512\" class=\"svg-inline--fa fa-chart-bar fa-w-16 fa-2x\"><path fill=\"currentColor\" d=\"M396.8 352h22.4c6.4 0 12.8-6.4 12.8-12.8V108.8c0-6.4-6.4-12.8-12.8-12.8h-22.4c-6.4 0-12.8 6.4-12.8 12.8v230.4c0 6.4 6.4 12.8 12.8 12.8zm-192 0h22.4c6.4 0 12.8-6.4 12.8-12.8V140.8c0-6.4-6.4-12.8-12.8-12.8h-22.4c-6.4 0-12.8 6.4-12.8 12.8v198.4c0 6.4 6.4 12.8 12.8 12.8zm96 0h22.4c6.4 0 12.8-6.4 12.8-12.8V204.8c0-6.4-6.4-12.8-12.8-12.8h-22.4c-6.4 0-12.8 6.4-12.8 12.8v134.4c0 6.4 6.4 12.8 12.8 12.8zM496 400H48V80c0-8.84-7.16-16-16-16H16C7.16 64 0 71.16 0 80v336c0 17.67 14.33 32 32 32h464c8.84 0 16-7.16 16-16v-16c0-8.84-7.16-16-16-16zm-387.2-48h22.4c6.4 0 12.8-6.4 12.8-12.8v-70.4c0-6.4-6.4-12.8-12.8-12.8h-22.4c-6.4 0-12.8 6.4-12.8 12.8v70.4c0 6.4 6.4 12.8 12.8 12.8z\" class=\"\"><\/path><\/svg><\/i> <img loading=\"lazy\" decoding=\"async\" width=\"16\" height=\"16\" alt=\"Loading\" src=\"https:\/\/temucotelevision.cl\/web\/wp-content\/plugins\/page-views-count\/ajax-loader-2x.gif\" border=0 \/><\/p><div class=\"pvc_clear\"><\/div>\n<p><em>\u201cNuestro compromiso es trabajar en terreno, con las organizaciones y vecinos de todos los sectores para avanzar en el desarrollo de las localidades y en la igualdad de los derechos de todas y todos.\u201d<\/em><\/p>\n\n\n\n<p>Con el objetivo de trabajar sobre&nbsp;la problem\u00e1tica de micro basurales que aquejan al sector Las Apachetas, de Pedro de Valdivia, se organiz\u00f3&nbsp;una jornada de limpieza en conjunto con instituciones p\u00fablicas como la Municipalidad de Temuco y el Instituto Nacional de la Juventud (INJUV),&nbsp;todo&nbsp;con el fin de recuperar y hermosear diversos espacios, crear conciencia y capacitar respecto de la tem\u00e1tica medioambiental.<\/p>\n\n\n\n<p>\u201cFue en el marco del programa Barrios en Acci\u00f3n, del FOSIS, que&nbsp;durante este fin de semana estuvimos&nbsp;junto a INJUV y a la Municipalidad de Temuco, en la limpieza y hermoseamientos de la Villa San Eugenio del barrio Las Apachetas, del sector Pedro de Valdivia en Temuco. Este programa&nbsp;tiene como objetivo disminuir los efectos del debilitamiento del capital social, a trav\u00e9s del fortalecimiento de las capacidades de gesti\u00f3n sociocomunitaria, y la integraci\u00f3n social de diversos barrios prioritarios\u201d, indic\u00f3 la Directora Regional del FOSIS, Tamara Torres Huechucura.<\/p>\n\n\n\n<p>En la actividad participaron cerca de 80 voluntarios del INJUV, que llegaron a colaborar en la actividad y a aportar con el proceso de limpieza del sector. La Directora Regional del FOSIS, agradeci\u00f3 el apoyo de las instituciones participantes y en especial, de los voluntarios que llegaron a la actividad, los que entregaron con su trabajo un importante beneficio para esta zona de la ciudad. Indic\u00f3.<\/p>\n\n\n\n<p>\u201cCon estas actividades buscamos relevar la importancia de trabajar de manera mancomunada, y en ese sentido con esta actividad, quisimos recuperar \u00e1reas verdes y erradicar el problema de microbasurales que afectan al sector y para ello, contamos con los vecinos e instituciones participantes intersectoriales. Esto tiene directa relaci\u00f3n con el mandato del presidente Boric, en cuanto a trabajar desde los territorios, con las personas, identificando sus necesidades y ayudando a generar equidad.\u201d<\/p>\n\n\n\n<p>\u201cEn el FOSIS queremos hacer un trabajo integrador, que disminuya las brechas y elimine los estigmas de determinados barrios. Como gobierno, estamos comprometidos con que la salud, educaci\u00f3n y vivienda, son derechos b\u00e1sicos y en ese sentido, somos los primeros en convocar y en estar presentes en estas actividades que apuntan a la protecci\u00f3n del medio ambiente y el cuidado de las comunidades\u201d. Agreg\u00f3.<\/p>\n\n\n\n<p>Respecto de la intervenci\u00f3n barrial, para alcanzar los objetivos y contribuir a la generar cambios, y generar una ciudadan\u00eda m\u00e1s empoderada, \u201cestamos muy contentos con el resultado alcanzado de esta alianza con la Municipalidad de Temuco e INJUV, ya que con cerca de 80 voluntarios estamos cambiando la realidad de estos vecinos, y en se sentido, quiero enfatizar que\u00a0nuestro compromiso es trabajar en terreno, con las organizaciones y vecinos de todos los sectores para avanzar en el desarrollo de las localidades y en la igualdad de los derechos para todas y todos\u201d. Finaliz\u00f3 la autoridad del FOSIS.<\/p>\n\n\n\n<figure class=\"wp-block-image size-large\"><img loading=\"lazy\" decoding=\"async\" width=\"1024\" height=\"683\" src=\"https:\/\/temucotelevision.cl\/web\/wp-content\/uploads\/2022\/09\/Barrios-1024x683.jpg\" alt=\"\" class=\"wp-image-35595\" srcset=\"https:\/\/temucotelevision.cl\/web\/wp-content\/uploads\/2022\/09\/Barrios-1024x683.jpg 1024w, https:\/\/temucotelevision.cl\/web\/wp-content\/uploads\/2022\/09\/Barrios-768x512.jpg 768w, https:\/\/temucotelevision.cl\/web\/wp-content\/uploads\/2022\/09\/Barrios-1536x1024.jpg 1536w, https:\/\/temucotelevision.cl\/web\/wp-content\/uploads\/2022\/09\/Barrios-2048x1365.jpg 2048w\" sizes=\"auto, (max-width: 1024px) 100vw, 1024px\" \/><\/figure>\n","protected":false},"excerpt":{"rendered":"<div class=\"pvc_clear\"><\/div>\n<p id=\"pvc_stats_35593\" class=\"pvc_stats total_only  \" data-element-id=\"35593\" style=\"\"><i class=\"pvc-stats-icon large\" aria-hidden=\"true\"><svg aria-hidden=\"true\" focusable=\"false\" data-prefix=\"far\" data-icon=\"chart-bar\" role=\"img\" xmlns=\"http:\/\/www.w3.org\/2000\/svg\" viewBox=\"0 0 512 512\" class=\"svg-inline--fa fa-chart-bar fa-w-16 fa-2x\"><path fill=\"currentColor\" d=\"M396.8 352h22.4c6.4 0 12.8-6.4 12.8-12.8V108.8c0-6.4-6.4-12.8-12.8-12.8h-22.4c-6.4 0-12.8 6.4-12.8 12.8v230.4c0 6.4 6.4 12.8 12.8 12.8zm-192 0h22.4c6.4 0 12.8-6.4 12.8-12.8V140.8c0-6.4-6.4-12.8-12.8-12.8h-22.4c-6.4 0-12.8 6.4-12.8 12.8v198.4c0 6.4 6.4 12.8 12.8 12.8zm96 0h22.4c6.4 0 12.8-6.4 12.8-12.8V204.8c0-6.4-6.4-12.8-12.8-12.8h-22.4c-6.4 0-12.8 6.4-12.8 12.8v134.4c0 6.4 6.4 12.8 12.8 12.8zM496 400H48V80c0-8.84-7.16-16-16-16H16C7.16 64 0 71.16 0 80v336c0 17.67 14.33 32 32 32h464c8.84 0 16-7.16 16-16v-16c0-8.84-7.16-16-16-16zm-387.2-48h22.4c6.4 0 12.8-6.4 12.8-12.8v-70.4c0-6.4-6.4-12.8-12.8-12.8h-22.4c-6.4 0-12.8 6.4-12.8 12.8v70.4c0 6.4 6.4 12.8 12.8 12.8z\" class=\"\"><\/path><\/svg><\/i> <img loading=\"lazy\" decoding=\"async\" width=\"16\" height=\"16\" alt=\"Loading\" src=\"https:\/\/temucotelevision.cl\/web\/wp-content\/plugins\/page-views-count\/ajax-loader-2x.gif\" border=0 \/><\/p>\n<div class=\"pvc_clear\"><\/div>\n<p>\u201cNuestro compromiso es trabajar en terreno, con las organizaciones y vecinos de todos los sectores para avanzar en el desarrollo<\/p>\n","protected":false},"author":1,"featured_media":35594,"comment_status":"open","ping_status":"open","sticky":false,"template":"","format":"standard","meta":{"colormag_page_container_layout":"default_layout","colormag_page_sidebar_layout":"default_layout","footnotes":""},"categories":[14],"tags":[520,5822,621,567],"class_list":["post-35593","post","type-post","status-publish","format-standard","has-post-thumbnail","hentry","category-temuco","tag-barrios","tag-injuv","tag-pedro-de-valdivia","tag-vecinos"],"a3_pvc":{"activated":true,"total_views":98,"today_views":0},"_links":{"self":[{"href":"https:\/\/temucotelevision.cl\/web\/wp-json\/wp\/v2\/posts\/35593","targetHints":{"allow":["GET"]}}],"collection":[{"href":"https:\/\/temucotelevision.cl\/web\/wp-json\/wp\/v2\/posts"}],"about":[{"href":"https:\/\/temucotelevision.cl\/web\/wp-json\/wp\/v2\/types\/post"}],"author":[{"embeddable":true,"href":"https:\/\/temucotelevision.cl\/web\/wp-json\/wp\/v2\/users\/1"}],"replies":[{"embeddable":true,"href":"https:\/\/temucotelevision.cl\/web\/wp-json\/wp\/v2\/comments?post=35593"}],"version-history":[{"count":1,"href":"https:\/\/temucotelevision.cl\/web\/wp-json\/wp\/v2\/posts\/35593\/revisions"}],"predecessor-version":[{"id":35596,"href":"https:\/\/temucotelevision.cl\/web\/wp-json\/wp\/v2\/posts\/35593\/revisions\/35596"}],"wp:featuredmedia":[{"embeddable":true,"href":"https:\/\/temucotelevision.cl\/web\/wp-json\/wp\/v2\/media\/35594"}],"wp:attachment":[{"href":"https:\/\/temucotelevision.cl\/web\/wp-json\/wp\/v2\/media?parent=35593"}],"wp:term":[{"taxonomy":"category","embeddable":true,"href":"https:\/\/temucotelevision.cl\/web\/wp-json\/wp\/v2\/categories?post=35593"},{"taxonomy":"post_tag","embeddable":true,"href":"https:\/\/temucotelevision.cl\/web\/wp-json\/wp\/v2\/tags?post=35593"}],"curies":[{"name":"wp","href":"https:\/\/api.w.org\/{rel}","templated":true}]}}