{"id":35590,"date":"2022-09-28T10:23:19","date_gmt":"2022-09-28T13:23:19","guid":{"rendered":"https:\/\/temucotelevision.cl\/web\/?p=35590"},"modified":"2022-09-28T10:23:20","modified_gmt":"2022-09-28T13:23:20","slug":"tras-exitosa-presentacion-la-banda-del-cuerpo-de-bomberos-de-temuco-busca-nuevos-integrantes","status":"publish","type":"post","link":"https:\/\/temucotelevision.cl\/web\/2022\/09\/28\/tras-exitosa-presentacion-la-banda-del-cuerpo-de-bomberos-de-temuco-busca-nuevos-integrantes\/","title":{"rendered":"Tras exitosa presentaci\u00f3n, la Banda del Cuerpo de Bomberos de Temuco busca nuevos integrantes"},"content":{"rendered":"<div class=\"pvc_clear\"><\/div><p id=\"pvc_stats_35590\" class=\"pvc_stats total_only  \" data-element-id=\"35590\" style=\"\"><i class=\"pvc-stats-icon large\" aria-hidden=\"true\"><svg aria-hidden=\"true\" focusable=\"false\" data-prefix=\"far\" data-icon=\"chart-bar\" role=\"img\" xmlns=\"http:\/\/www.w3.org\/2000\/svg\" viewBox=\"0 0 512 512\" class=\"svg-inline--fa fa-chart-bar fa-w-16 fa-2x\"><path fill=\"currentColor\" d=\"M396.8 352h22.4c6.4 0 12.8-6.4 12.8-12.8V108.8c0-6.4-6.4-12.8-12.8-12.8h-22.4c-6.4 0-12.8 6.4-12.8 12.8v230.4c0 6.4 6.4 12.8 12.8 12.8zm-192 0h22.4c6.4 0 12.8-6.4 12.8-12.8V140.8c0-6.4-6.4-12.8-12.8-12.8h-22.4c-6.4 0-12.8 6.4-12.8 12.8v198.4c0 6.4 6.4 12.8 12.8 12.8zm96 0h22.4c6.4 0 12.8-6.4 12.8-12.8V204.8c0-6.4-6.4-12.8-12.8-12.8h-22.4c-6.4 0-12.8 6.4-12.8 12.8v134.4c0 6.4 6.4 12.8 12.8 12.8zM496 400H48V80c0-8.84-7.16-16-16-16H16C7.16 64 0 71.16 0 80v336c0 17.67 14.33 32 32 32h464c8.84 0 16-7.16 16-16v-16c0-8.84-7.16-16-16-16zm-387.2-48h22.4c6.4 0 12.8-6.4 12.8-12.8v-70.4c0-6.4-6.4-12.8-12.8-12.8h-22.4c-6.4 0-12.8 6.4-12.8 12.8v70.4c0 6.4 6.4 12.8 12.8 12.8z\" class=\"\"><\/path><\/svg><\/i> <img loading=\"lazy\" decoding=\"async\" width=\"16\" height=\"16\" alt=\"Loading\" src=\"https:\/\/temucotelevision.cl\/web\/wp-content\/plugins\/page-views-count\/ajax-loader-2x.gif\" border=0 \/><\/p><div class=\"pvc_clear\"><\/div>\n<p>Tras la exitosa presentaci\u00f3n realizada este domingo en el mall Easton de la capital regional, la Banda del Cuerpo de Bomberos de Temuco anunci\u00f3 que se encuentran abiertas las inscripciones de nuevos participantes.<\/p>\n\n\n\n<p>As\u00ed lo confirm\u00f3 el rector de la Escuela de Bomberos de Temuco, Ra\u00fal Jim\u00e9nez, departamento del cual depende esta banda, quien realiz\u00f3 una positiva evaluaci\u00f3n del evento, que congreg\u00f3 a numerosas familias para disfrutar de una amplia gama de melod\u00edas de distintos g\u00e9neros y donde el p\u00fablico elogi\u00f3 con constantes aplausos el desempe\u00f1o del grupo.<\/p>\n\n\n\n<p>Jim\u00e9nez calific\u00f3 la presentaci\u00f3n de los cerca de 50 m\u00fasicos como \u201cimpecable\u201d y a\u00f1adi\u00f3 que se trata de su primer evento para la comunidad desde el inicio de la pandemia del covid-19, el que deb\u00eda realizarse originalmente hace algunas semanas, pero que debido al fallecimiento de un bombero honorario, debi\u00f3 ser postergada por el duelo institucional.<\/p>\n\n\n\n<p>El rector de la Escuela de Bomberos, destac\u00f3 que la existencia de esta banda \u201ces un beneficio para la comunidad, es importante llevar un poco de alegr\u00eda en estos tiempos y nos hace sentir orgullosos de ser bomberos, con personas j\u00f3venes que tienen un muy buen futuro en esta banda\u201d.<\/p>\n\n\n\n<p>Para integrar la Banda del Cuerpo de Bomberos de Temuco no existe una edad m\u00e1xima, pudiendo postular personas de ambos sexos desde los 14 a\u00f1os y tambi\u00e9n adultos, no siendo necesario ser m\u00fasicos profesionales, sino que tener un verdadero inter\u00e9s por aprender a tocar un instrumento.<\/p>\n\n\n\n<p>Ra\u00fal Jim\u00e9nez puntualiz\u00f3 que actualmente son 50 los m\u00fasicos bomberiles y la idea es llegar a contar con unos 60 o 70 miembros.<\/p>\n\n\n\n<p>El contacto para los interesados en postular como integrantes de la banda es a los correos&nbsp;<a href=\"mailto:barbaraarteagasoto@gmail.com\" target=\"_blank\" rel=\"noreferrer noopener\">barbaraarteagasoto@gmail.com<\/a>&nbsp;o&nbsp;<a href=\"mailto:oleabiemt@hotmail.com\" target=\"_blank\" rel=\"noreferrer noopener\">oleabiemt@hotmail.com<\/a>, como tambi\u00e9n se puede llamar a los tel\u00e9fonos +56 9 9942 6379 o +56 9 7906 2782.<\/p>\n","protected":false},"excerpt":{"rendered":"<div class=\"pvc_clear\"><\/div>\n<p id=\"pvc_stats_35590\" class=\"pvc_stats total_only  \" data-element-id=\"35590\" style=\"\"><i class=\"pvc-stats-icon large\" aria-hidden=\"true\"><svg aria-hidden=\"true\" focusable=\"false\" data-prefix=\"far\" data-icon=\"chart-bar\" role=\"img\" xmlns=\"http:\/\/www.w3.org\/2000\/svg\" viewBox=\"0 0 512 512\" class=\"svg-inline--fa fa-chart-bar fa-w-16 fa-2x\"><path fill=\"currentColor\" d=\"M396.8 352h22.4c6.4 0 12.8-6.4 12.8-12.8V108.8c0-6.4-6.4-12.8-12.8-12.8h-22.4c-6.4 0-12.8 6.4-12.8 12.8v230.4c0 6.4 6.4 12.8 12.8 12.8zm-192 0h22.4c6.4 0 12.8-6.4 12.8-12.8V140.8c0-6.4-6.4-12.8-12.8-12.8h-22.4c-6.4 0-12.8 6.4-12.8 12.8v198.4c0 6.4 6.4 12.8 12.8 12.8zm96 0h22.4c6.4 0 12.8-6.4 12.8-12.8V204.8c0-6.4-6.4-12.8-12.8-12.8h-22.4c-6.4 0-12.8 6.4-12.8 12.8v134.4c0 6.4 6.4 12.8 12.8 12.8zM496 400H48V80c0-8.84-7.16-16-16-16H16C7.16 64 0 71.16 0 80v336c0 17.67 14.33 32 32 32h464c8.84 0 16-7.16 16-16v-16c0-8.84-7.16-16-16-16zm-387.2-48h22.4c6.4 0 12.8-6.4 12.8-12.8v-70.4c0-6.4-6.4-12.8-12.8-12.8h-22.4c-6.4 0-12.8 6.4-12.8 12.8v70.4c0 6.4 6.4 12.8 12.8 12.8z\" class=\"\"><\/path><\/svg><\/i> <img loading=\"lazy\" decoding=\"async\" width=\"16\" height=\"16\" alt=\"Loading\" src=\"https:\/\/temucotelevision.cl\/web\/wp-content\/plugins\/page-views-count\/ajax-loader-2x.gif\" border=0 \/><\/p>\n<div class=\"pvc_clear\"><\/div>\n<p>Tras la exitosa presentaci\u00f3n realizada este domingo en el mall Easton de la capital regional, la Banda del Cuerpo de<\/p>\n","protected":false},"author":1,"featured_media":35591,"comment_status":"open","ping_status":"open","sticky":false,"template":"","format":"standard","meta":{"colormag_page_container_layout":"default_layout","colormag_page_sidebar_layout":"default_layout","footnotes":""},"categories":[86,14],"tags":[635,2114,3742,632],"class_list":["post-35590","post","type-post","status-publish","format-standard","has-post-thumbnail","hentry","category-panoramas","category-temuco","tag-banda","tag-cuerpo-de-bomberos","tag-integrantes","tag-participantes"],"a3_pvc":{"activated":true,"total_views":34,"today_views":0},"_links":{"self":[{"href":"https:\/\/temucotelevision.cl\/web\/wp-json\/wp\/v2\/posts\/35590","targetHints":{"allow":["GET"]}}],"collection":[{"href":"https:\/\/temucotelevision.cl\/web\/wp-json\/wp\/v2\/posts"}],"about":[{"href":"https:\/\/temucotelevision.cl\/web\/wp-json\/wp\/v2\/types\/post"}],"author":[{"embeddable":true,"href":"https:\/\/temucotelevision.cl\/web\/wp-json\/wp\/v2\/users\/1"}],"replies":[{"embeddable":true,"href":"https:\/\/temucotelevision.cl\/web\/wp-json\/wp\/v2\/comments?post=35590"}],"version-history":[{"count":1,"href":"https:\/\/temucotelevision.cl\/web\/wp-json\/wp\/v2\/posts\/35590\/revisions"}],"predecessor-version":[{"id":35592,"href":"https:\/\/temucotelevision.cl\/web\/wp-json\/wp\/v2\/posts\/35590\/revisions\/35592"}],"wp:featuredmedia":[{"embeddable":true,"href":"https:\/\/temucotelevision.cl\/web\/wp-json\/wp\/v2\/media\/35591"}],"wp:attachment":[{"href":"https:\/\/temucotelevision.cl\/web\/wp-json\/wp\/v2\/media?parent=35590"}],"wp:term":[{"taxonomy":"category","embeddable":true,"href":"https:\/\/temucotelevision.cl\/web\/wp-json\/wp\/v2\/categories?post=35590"},{"taxonomy":"post_tag","embeddable":true,"href":"https:\/\/temucotelevision.cl\/web\/wp-json\/wp\/v2\/tags?post=35590"}],"curies":[{"name":"wp","href":"https:\/\/api.w.org\/{rel}","templated":true}]}}