{"id":35587,"date":"2022-09-28T10:16:08","date_gmt":"2022-09-28T13:16:08","guid":{"rendered":"https:\/\/temucotelevision.cl\/web\/?p=35587"},"modified":"2022-09-28T10:16:09","modified_gmt":"2022-09-28T13:16:09","slug":"temuco-invitan-a-una-nueva-version-de-la-dog-run-en-el-parque-isla-cautin","status":"publish","type":"post","link":"https:\/\/temucotelevision.cl\/web\/2022\/09\/28\/temuco-invitan-a-una-nueva-version-de-la-dog-run-en-el-parque-isla-cautin\/","title":{"rendered":"Temuco: invitan a una nueva versi\u00f3n de la Dog Run en el Parque Isla Caut\u00edn"},"content":{"rendered":"<div class=\"pvc_clear\"><\/div><p id=\"pvc_stats_35587\" class=\"pvc_stats total_only  \" data-element-id=\"35587\" style=\"\"><i class=\"pvc-stats-icon large\" aria-hidden=\"true\"><svg aria-hidden=\"true\" focusable=\"false\" data-prefix=\"far\" data-icon=\"chart-bar\" role=\"img\" xmlns=\"http:\/\/www.w3.org\/2000\/svg\" viewBox=\"0 0 512 512\" class=\"svg-inline--fa fa-chart-bar fa-w-16 fa-2x\"><path fill=\"currentColor\" d=\"M396.8 352h22.4c6.4 0 12.8-6.4 12.8-12.8V108.8c0-6.4-6.4-12.8-12.8-12.8h-22.4c-6.4 0-12.8 6.4-12.8 12.8v230.4c0 6.4 6.4 12.8 12.8 12.8zm-192 0h22.4c6.4 0 12.8-6.4 12.8-12.8V140.8c0-6.4-6.4-12.8-12.8-12.8h-22.4c-6.4 0-12.8 6.4-12.8 12.8v198.4c0 6.4 6.4 12.8 12.8 12.8zm96 0h22.4c6.4 0 12.8-6.4 12.8-12.8V204.8c0-6.4-6.4-12.8-12.8-12.8h-22.4c-6.4 0-12.8 6.4-12.8 12.8v134.4c0 6.4 6.4 12.8 12.8 12.8zM496 400H48V80c0-8.84-7.16-16-16-16H16C7.16 64 0 71.16 0 80v336c0 17.67 14.33 32 32 32h464c8.84 0 16-7.16 16-16v-16c0-8.84-7.16-16-16-16zm-387.2-48h22.4c6.4 0 12.8-6.4 12.8-12.8v-70.4c0-6.4-6.4-12.8-12.8-12.8h-22.4c-6.4 0-12.8 6.4-12.8 12.8v70.4c0 6.4 6.4 12.8 12.8 12.8z\" class=\"\"><\/path><\/svg><\/i> <img loading=\"lazy\" decoding=\"async\" width=\"16\" height=\"16\" alt=\"Loading\" src=\"https:\/\/temucotelevision.cl\/web\/wp-content\/plugins\/page-views-count\/ajax-loader-2x.gif\" border=0 \/><\/p><div class=\"pvc_clear\"><\/div>\n<p><em>El evento familiar gratuito, con foco en la tenencia responsable de mascotas, se realizar\u00e1 este s\u00e1bado 01 de octubre, desde las 09.00 horas, en el espacio natural ribere\u00f1o e incluir\u00e1 cuatro categor\u00edas: razas peque\u00f1as, medianas y grandes, y perros en situaci\u00f3n de discapacidad.<\/em><\/p>\n\n\n\n<p>Este s\u00e1bado 01 de octubre regresa un tradicional evento a la ciudad de Temuco. Se trata de la Dog Run 2022, organizada por la carrera de Medicina Veterinaria de la Universidad Mayor y el Departamento Municipal de Deportes, quienes invitan a sumarse a esta actividad familiar gratuita, desde las 09.00 horas, en el renovado Parque Isla Caut\u00edn.<\/p>\n\n\n\n<p>La competencia incluir\u00e1 cuatro categor\u00edas: razas peque\u00f1as (de 1 a 10 kilos), razas medianas (de 11 a 20 kilos) y razas grandes (m\u00e1s de 21 kilos), adem\u00e1s de mascotas en situaci\u00f3n de discapacidad.<\/p>\n\n\n\n<p>As\u00ed lo indica la directora docente de Medicina Veterinaria de la Universidad Mayor sede Temuco, Dra. Fernanda Araneda, destacando que esta es una actividad que cruza el deporte, la familia y la tenencia responsable de mascotas.<\/p>\n\n\n\n<p>\u201cLa actividad surge por la necesidad de resaltar el v\u00ednculo que existe hoy en d\u00eda con los perros y sus tutores, la idea es que sea una actividad familiar donde vengan todos a participar, vamos a tener charlas de tenencia responsable, tambi\u00e9n una Pet Fest con emprendedores locales promocionando productos relacionados con las mascotas, as\u00ed que la invitaci\u00f3n es abierta a toda la comunidad\u201d, se\u00f1ala la Dra. Araneda.<\/p>\n\n\n\n<p>Asimismo, agrega que \u201cla Dog Run es s\u00faper importante para la carrera, ya que tenemos tutores de mascotas que la esperan a\u00f1o a a\u00f1o, van desde ni\u00f1os a personas mayores, as\u00ed que es una iniciativa que nos pone muy contentos de poder retomar tras las restricciones que tuvimos producto de la pandemia\u201d.<\/p>\n\n\n\n<p><strong>C\u00d3MO PARTICIPAR<\/strong><\/p>\n\n\n\n<p>Quienes deseen participar, podr\u00e1n inscribir a sus mascotas este s\u00e1bado, de 09.00 a 11.00 horas, momento en el que adem\u00e1s se realizar\u00e1 un examen cl\u00ednico. Tras ello, se dar\u00e1 inicio a la largada.<\/p>\n\n\n\n<p>Paralelamente, de 11.45 a 12.00 horas, habr\u00e1 concursos para esperar la premiaci\u00f3n que ser\u00e1 al mediod\u00eda. Mientras que, de 10.00 a 17.00 horas, tendr\u00e1 lugar la Pet Fest, con&nbsp;<em>stands<\/em>&nbsp;de venta de art\u00edculos para mascotas.<\/p>\n\n\n\n<p>Para que se autorice la competici\u00f3n de un perro y su tutor, es requisito presentar a la mascota al chequeo m\u00e9dico veterinario. Adem\u00e1s, esta debe presentar su certificado de vacunaci\u00f3n antirr\u00e1bica vigente y el certificado del Registro de Mascotas.<\/p>\n\n\n\n<p>Es recomendable que la mascota posea su carnet sanitario al d\u00eda (vacunas s\u00e9xtuple\/\u00f3ctuple y antiparasitario externo e interno).<\/p>\n\n\n\n<p>Durante todo el evento, el perro deber\u00e1 contar siempre con collar\/arn\u00e9s y correa. Est\u00e1 prohibido, adem\u00e1s, el uso de collar de ahorque. Asimismo, no podr\u00e1 correr con bozal. Si la mascota presenta conductas agresivas durante la inscripci\u00f3n y revisi\u00f3n, el m\u00e9dico veterinario puede negar la participaci\u00f3n en el evento.<\/p>\n\n\n\n<p>Dentro de las restricciones, no podr\u00e1n competir razas braquiocef\u00e1licas, es decir: Pug, Bulldog Ingl\u00e9s, Bulldog Franc\u00e9s y Pekin\u00e9s, entre otros. Perros B\u00f3xer podr\u00e1n hacerlo si en el examen veterinario son evaluados como aptos, por tener un hocico no demasiado corto y no presentar estrechez de las fosas nasales.<\/p>\n\n\n\n<p>No pueden competir hembras gestantes, ni en lactancia. Tampoco, mascotas con cirug\u00edas recientes o que se encuentren en tratamiento de alguna patolog\u00eda cr\u00f3nica que comprometa el estado f\u00edsico y rendimiento deportivos del mismo (enfermedad renal, card\u00edaca, trastornos endocrinos y epilepsia, artrosis, etc\u00e9tera). Asimismo, mascotas con enfermedades agudas, ni animales gerontes. Perros obesos solo podr\u00e1n competir caminando.<\/p>\n\n\n\n<p><strong>ALGUNAS RECOMENDACIONES<\/strong><\/p>\n\n\n\n<p>Algunas de las recomendaciones que entrega la Dra. Araneda, son no alimentar a la mascota durante dos horas anteriores a la carrera, y posterior a esta esperar 10 minutos antes de dar agua.<\/p>\n\n\n\n<p>Adem\u00e1s, se deber\u00e1n seguir las indicaciones de los m\u00e9dicos veterinarios y organizadores del evento, y solo se podr\u00e1 transitar por las v\u00edas autorizadas por la organizaci\u00f3n, las cuales estar\u00e1n debidamente marcadas y siempre manteniendo a los perros con correa. \u201cLos invitamos a participar y disfrutar de la carrera junto a sus mascotas\u201d, cierra la acad\u00e9mica U. Mayor.<\/p>\n","protected":false},"excerpt":{"rendered":"<div class=\"pvc_clear\"><\/div>\n<p id=\"pvc_stats_35587\" class=\"pvc_stats total_only  \" data-element-id=\"35587\" style=\"\"><i class=\"pvc-stats-icon large\" aria-hidden=\"true\"><svg aria-hidden=\"true\" focusable=\"false\" data-prefix=\"far\" data-icon=\"chart-bar\" role=\"img\" xmlns=\"http:\/\/www.w3.org\/2000\/svg\" viewBox=\"0 0 512 512\" class=\"svg-inline--fa fa-chart-bar fa-w-16 fa-2x\"><path fill=\"currentColor\" d=\"M396.8 352h22.4c6.4 0 12.8-6.4 12.8-12.8V108.8c0-6.4-6.4-12.8-12.8-12.8h-22.4c-6.4 0-12.8 6.4-12.8 12.8v230.4c0 6.4 6.4 12.8 12.8 12.8zm-192 0h22.4c6.4 0 12.8-6.4 12.8-12.8V140.8c0-6.4-6.4-12.8-12.8-12.8h-22.4c-6.4 0-12.8 6.4-12.8 12.8v198.4c0 6.4 6.4 12.8 12.8 12.8zm96 0h22.4c6.4 0 12.8-6.4 12.8-12.8V204.8c0-6.4-6.4-12.8-12.8-12.8h-22.4c-6.4 0-12.8 6.4-12.8 12.8v134.4c0 6.4 6.4 12.8 12.8 12.8zM496 400H48V80c0-8.84-7.16-16-16-16H16C7.16 64 0 71.16 0 80v336c0 17.67 14.33 32 32 32h464c8.84 0 16-7.16 16-16v-16c0-8.84-7.16-16-16-16zm-387.2-48h22.4c6.4 0 12.8-6.4 12.8-12.8v-70.4c0-6.4-6.4-12.8-12.8-12.8h-22.4c-6.4 0-12.8 6.4-12.8 12.8v70.4c0 6.4 6.4 12.8 12.8 12.8z\" class=\"\"><\/path><\/svg><\/i> <img loading=\"lazy\" decoding=\"async\" width=\"16\" height=\"16\" alt=\"Loading\" src=\"https:\/\/temucotelevision.cl\/web\/wp-content\/plugins\/page-views-count\/ajax-loader-2x.gif\" border=0 \/><\/p>\n<div class=\"pvc_clear\"><\/div>\n<p>El evento familiar gratuito, con foco en la tenencia responsable de mascotas, se realizar\u00e1 este s\u00e1bado 01 de octubre, desde<\/p>\n","protected":false},"author":1,"featured_media":35588,"comment_status":"open","ping_status":"open","sticky":false,"template":"","format":"standard","meta":{"colormag_page_container_layout":"default_layout","colormag_page_sidebar_layout":"default_layout","footnotes":""},"categories":[15,86],"tags":[361,5821,360,279],"class_list":["post-35587","post","type-post","status-publish","format-standard","has-post-thumbnail","hentry","category-la-araucania","category-panoramas","tag-cautin","tag-dog-run","tag-isla","tag-parque"],"a3_pvc":{"activated":true,"total_views":24,"today_views":0},"_links":{"self":[{"href":"https:\/\/temucotelevision.cl\/web\/wp-json\/wp\/v2\/posts\/35587","targetHints":{"allow":["GET"]}}],"collection":[{"href":"https:\/\/temucotelevision.cl\/web\/wp-json\/wp\/v2\/posts"}],"about":[{"href":"https:\/\/temucotelevision.cl\/web\/wp-json\/wp\/v2\/types\/post"}],"author":[{"embeddable":true,"href":"https:\/\/temucotelevision.cl\/web\/wp-json\/wp\/v2\/users\/1"}],"replies":[{"embeddable":true,"href":"https:\/\/temucotelevision.cl\/web\/wp-json\/wp\/v2\/comments?post=35587"}],"version-history":[{"count":1,"href":"https:\/\/temucotelevision.cl\/web\/wp-json\/wp\/v2\/posts\/35587\/revisions"}],"predecessor-version":[{"id":35589,"href":"https:\/\/temucotelevision.cl\/web\/wp-json\/wp\/v2\/posts\/35587\/revisions\/35589"}],"wp:featuredmedia":[{"embeddable":true,"href":"https:\/\/temucotelevision.cl\/web\/wp-json\/wp\/v2\/media\/35588"}],"wp:attachment":[{"href":"https:\/\/temucotelevision.cl\/web\/wp-json\/wp\/v2\/media?parent=35587"}],"wp:term":[{"taxonomy":"category","embeddable":true,"href":"https:\/\/temucotelevision.cl\/web\/wp-json\/wp\/v2\/categories?post=35587"},{"taxonomy":"post_tag","embeddable":true,"href":"https:\/\/temucotelevision.cl\/web\/wp-json\/wp\/v2\/tags?post=35587"}],"curies":[{"name":"wp","href":"https:\/\/api.w.org\/{rel}","templated":true}]}}