{"id":35585,"date":"2022-09-28T09:03:38","date_gmt":"2022-09-28T12:03:38","guid":{"rendered":"https:\/\/temucotelevision.cl\/web\/?p=35585"},"modified":"2022-09-28T09:03:39","modified_gmt":"2022-09-28T12:03:39","slug":"chile-se-acerca-a-ser-lider-en-latinoamerica-en-materia-de-estado-verde","status":"publish","type":"post","link":"https:\/\/temucotelevision.cl\/web\/2022\/09\/28\/chile-se-acerca-a-ser-lider-en-latinoamerica-en-materia-de-estado-verde\/","title":{"rendered":"Chile se acerca a ser l\u00edder en Latinoam\u00e9rica en materia de Estado Verde"},"content":{"rendered":"<div class=\"pvc_clear\"><\/div><p id=\"pvc_stats_35585\" class=\"pvc_stats total_only  \" data-element-id=\"35585\" style=\"\"><i class=\"pvc-stats-icon large\" aria-hidden=\"true\"><svg aria-hidden=\"true\" focusable=\"false\" data-prefix=\"far\" data-icon=\"chart-bar\" role=\"img\" xmlns=\"http:\/\/www.w3.org\/2000\/svg\" viewBox=\"0 0 512 512\" class=\"svg-inline--fa fa-chart-bar fa-w-16 fa-2x\"><path fill=\"currentColor\" d=\"M396.8 352h22.4c6.4 0 12.8-6.4 12.8-12.8V108.8c0-6.4-6.4-12.8-12.8-12.8h-22.4c-6.4 0-12.8 6.4-12.8 12.8v230.4c0 6.4 6.4 12.8 12.8 12.8zm-192 0h22.4c6.4 0 12.8-6.4 12.8-12.8V140.8c0-6.4-6.4-12.8-12.8-12.8h-22.4c-6.4 0-12.8 6.4-12.8 12.8v198.4c0 6.4 6.4 12.8 12.8 12.8zm96 0h22.4c6.4 0 12.8-6.4 12.8-12.8V204.8c0-6.4-6.4-12.8-12.8-12.8h-22.4c-6.4 0-12.8 6.4-12.8 12.8v134.4c0 6.4 6.4 12.8 12.8 12.8zM496 400H48V80c0-8.84-7.16-16-16-16H16C7.16 64 0 71.16 0 80v336c0 17.67 14.33 32 32 32h464c8.84 0 16-7.16 16-16v-16c0-8.84-7.16-16-16-16zm-387.2-48h22.4c6.4 0 12.8-6.4 12.8-12.8v-70.4c0-6.4-6.4-12.8-12.8-12.8h-22.4c-6.4 0-12.8 6.4-12.8 12.8v70.4c0 6.4 6.4 12.8 12.8 12.8z\" class=\"\"><\/path><\/svg><\/i> <img loading=\"lazy\" decoding=\"async\" width=\"16\" height=\"16\" alt=\"Loading\" src=\"https:\/\/temucotelevision.cl\/web\/wp-content\/plugins\/page-views-count\/ajax-loader-2x.gif\" border=0 \/><\/p><div class=\"pvc_clear\"><\/div>\n<p>\u27a2&nbsp;Expertos coinciden que el Estado chileno est\u00e1 promoviendo buenas iniciativas, pero llaman acelerar la digitalizaci\u00f3n en regiones para consolidarnos a nivel mundial.<\/p>\n\n\n\n<p>La agenda p\u00fablica en nuestro&nbsp;pa\u00eds&nbsp;busca para el a\u00f1o 2050 ser carbono neutral, proponiendo una serie de metas&nbsp;tales&nbsp;como el cierre te termoel\u00e9ctricas, consolidar la electromovilidad, entre otras. &nbsp;Pero para llegar ser un Estado Verde, no s\u00f3lo se debenconsiderar leyes,&nbsp;sino que tambi\u00e9n cambios estructurales.&nbsp;\u201cPara lograr convertirnos en una naci\u00f3n&nbsp;m\u00e1s ecol\u00f3gica,&nbsp;debemos tener&nbsp;cambios en la cultura dentro de las&nbsp;mismas instituciones p\u00fablicas, tales como eliminar el uso de papel y agilizar algunos procesos\u201d,&nbsp;comenta Braulio Santib\u00e1\u00f1ez, CEO de Febos, quien tambi\u00e9n se\u00f1ala que&nbsp;\u201cen este sentido, nuestro pa\u00eds se est\u00e1 consolidando en esta materia a nivel&nbsp;latinoamericano, pero a\u00fan falta mucho, donde las regiones y municipalidades est\u00e1n siendo la piedra de tope.\u201d<\/p>\n\n\n\n<p>Seg\u00fan datos entregados&nbsp;en la elaboraci\u00f3n del proyecto de&nbsp;Ley Transformaci\u00f3n Digital del Estado,&nbsp;nuestro Estado gasta anualmente&nbsp;m\u00e1s de 100 millones de d\u00f3lares&nbsp;en papel, fotocopiado, impresi\u00f3n, archivadores, bodegaje de documentos y env\u00edo de cartas certificadas.&nbsp;\u201cCon este cambio,&nbsp;adem\u00e1s de mejorar nuestra gesti\u00f3n ambiental, ayudar\u00edamos a reducir tambi\u00e9n los tiempos&nbsp;en tr\u00e1mites gubernamentales, lo que har\u00eda que las personas tengan soluciones m\u00e1s \u00e1giles y menos burocr\u00e1ticas\u201d,&nbsp;a\u00f1ade el CEO de Febos.<\/p>\n\n\n\n<p>Dicho proyecto, gener\u00f3 que se creara la&nbsp;Acreditaci\u00f3n Estado Verde del Ministerio de Medio Ambiente, que tiene por objetivo velar por&nbsp;la fiscalizaci\u00f3n y&nbsp;cumplimiento de todas estas normas dentro de las instituciones. Certificaci\u00f3n a la que ya se han sumado m\u00faltiples organismos&nbsp;p\u00fablicos. \u201cSi bien estas iniciativas son muy buenas, el siguiente paso est\u00e1 en descentralizar y apuntar m\u00e1s a las regiones que son las que m\u00e1s lejanas est\u00e1n a cumplir estas metas\u201d, agrega Santib\u00e1\u00f1ez.<\/p>\n\n\n\n<p>En relaci\u00f3n con&nbsp;lo privado, los expertos son enf\u00e1ticos en que el Gobierno tiene que buscar estrategias que incentiven al cambio, en donde las actuales alternativas presidenciales a\u00fan no se han pronunciado tanto como lo esperado.&nbsp;\u201cUn candidato habla de aumentar la recaudaci\u00f3n y el otro propone reducirlos. Creo que en este punto debemos establecer un sistema&nbsp;que aumente o disminuya el impuesto seg\u00fan impacto ambiental que tenga la empresa&nbsp;y&nbsp;que,&nbsp;adem\u00e1s, si dichasempresas&nbsp;est\u00e1n en regiones,&nbsp;estas regal\u00edas sean a\u00fan&nbsp;mayor,comenta Gaspar Espejo, gerente general del Grupo&nbsp;Dosandar, quien tambi\u00e9n se\u00f1ala que \u201cNo es justo que las empresas que no tienen impacto positivo paguen el mismo impuesto de las que si hacen algo. Estas empresas deber\u00edan pagar m\u00e1s, y as\u00ed comenzaremos a avanzar hacia una econom\u00eda m\u00e1s justa y limpia\u201d<\/p>\n\n\n\n<p>Municipalidades al debe&nbsp;<\/p>\n\n\n\n<p>De acuerdo con&nbsp;Santib\u00e1\u00f1ez, es de total trascendencia que las p\u00e1ginas web de las municipalidades cuenten con un asistente humano para que las personas puedan contar con&nbsp;ayuda en el caso de que se complique la experiencia de usuario. \u201cLa gente termina desconfiando de la p\u00e1gina porque no la entiende\u201d.&nbsp;<\/p>\n\n\n\n<p>Otra arista para considerar&nbsp;son los procesos internos de los municipios. \u201cHoy las oficinas de parte son mucho de timbrar y escribir. Con la digitalizaci\u00f3n se ahorra recursos, cuando una municipalidad es m\u00e1s eficiente, genera m\u00e1s tiempo para la situaci\u00f3n ciudadana. Las municipales tienen algunas cosas b\u00e1sicas en l\u00ednea, pero hay cosas que no las tiene\u201d.<\/p>\n\n\n\n<p>Uno de los problemas con el \u00faltimo punto mencionado es que no todas las municipalidades tienen los mismos recursos para llevar adelante este tipo de procesos. Un punto a ponerle atenci\u00f3n considerando la necesidad de tornar hacia lo digital.<\/p>\n","protected":false},"excerpt":{"rendered":"<div class=\"pvc_clear\"><\/div>\n<p id=\"pvc_stats_35585\" class=\"pvc_stats total_only  \" data-element-id=\"35585\" style=\"\"><i class=\"pvc-stats-icon large\" aria-hidden=\"true\"><svg aria-hidden=\"true\" focusable=\"false\" data-prefix=\"far\" data-icon=\"chart-bar\" role=\"img\" xmlns=\"http:\/\/www.w3.org\/2000\/svg\" viewBox=\"0 0 512 512\" class=\"svg-inline--fa fa-chart-bar fa-w-16 fa-2x\"><path fill=\"currentColor\" d=\"M396.8 352h22.4c6.4 0 12.8-6.4 12.8-12.8V108.8c0-6.4-6.4-12.8-12.8-12.8h-22.4c-6.4 0-12.8 6.4-12.8 12.8v230.4c0 6.4 6.4 12.8 12.8 12.8zm-192 0h22.4c6.4 0 12.8-6.4 12.8-12.8V140.8c0-6.4-6.4-12.8-12.8-12.8h-22.4c-6.4 0-12.8 6.4-12.8 12.8v198.4c0 6.4 6.4 12.8 12.8 12.8zm96 0h22.4c6.4 0 12.8-6.4 12.8-12.8V204.8c0-6.4-6.4-12.8-12.8-12.8h-22.4c-6.4 0-12.8 6.4-12.8 12.8v134.4c0 6.4 6.4 12.8 12.8 12.8zM496 400H48V80c0-8.84-7.16-16-16-16H16C7.16 64 0 71.16 0 80v336c0 17.67 14.33 32 32 32h464c8.84 0 16-7.16 16-16v-16c0-8.84-7.16-16-16-16zm-387.2-48h22.4c6.4 0 12.8-6.4 12.8-12.8v-70.4c0-6.4-6.4-12.8-12.8-12.8h-22.4c-6.4 0-12.8 6.4-12.8 12.8v70.4c0 6.4 6.4 12.8 12.8 12.8z\" class=\"\"><\/path><\/svg><\/i> <img loading=\"lazy\" decoding=\"async\" width=\"16\" height=\"16\" alt=\"Loading\" src=\"https:\/\/temucotelevision.cl\/web\/wp-content\/plugins\/page-views-count\/ajax-loader-2x.gif\" border=0 \/><\/p>\n<div class=\"pvc_clear\"><\/div>\n<p>\u27a2&nbsp;Expertos coinciden que el Estado chileno est\u00e1 promoviendo buenas iniciativas, pero llaman acelerar la digitalizaci\u00f3n en regiones para consolidarnos a<\/p>\n","protected":false},"author":1,"featured_media":35584,"comment_status":"open","ping_status":"open","sticky":false,"template":"","format":"standard","meta":{"colormag_page_container_layout":"default_layout","colormag_page_sidebar_layout":"default_layout","footnotes":""},"categories":[101],"tags":[105,208,3141],"class_list":["post-35585","post","type-post","status-publish","format-standard","has-post-thumbnail","hentry","category-actualidad","tag-chile","tag-estado","tag-termoelectricas"],"a3_pvc":{"activated":true,"total_views":29,"today_views":0},"_links":{"self":[{"href":"https:\/\/temucotelevision.cl\/web\/wp-json\/wp\/v2\/posts\/35585","targetHints":{"allow":["GET"]}}],"collection":[{"href":"https:\/\/temucotelevision.cl\/web\/wp-json\/wp\/v2\/posts"}],"about":[{"href":"https:\/\/temucotelevision.cl\/web\/wp-json\/wp\/v2\/types\/post"}],"author":[{"embeddable":true,"href":"https:\/\/temucotelevision.cl\/web\/wp-json\/wp\/v2\/users\/1"}],"replies":[{"embeddable":true,"href":"https:\/\/temucotelevision.cl\/web\/wp-json\/wp\/v2\/comments?post=35585"}],"version-history":[{"count":1,"href":"https:\/\/temucotelevision.cl\/web\/wp-json\/wp\/v2\/posts\/35585\/revisions"}],"predecessor-version":[{"id":35586,"href":"https:\/\/temucotelevision.cl\/web\/wp-json\/wp\/v2\/posts\/35585\/revisions\/35586"}],"wp:featuredmedia":[{"embeddable":true,"href":"https:\/\/temucotelevision.cl\/web\/wp-json\/wp\/v2\/media\/35584"}],"wp:attachment":[{"href":"https:\/\/temucotelevision.cl\/web\/wp-json\/wp\/v2\/media?parent=35585"}],"wp:term":[{"taxonomy":"category","embeddable":true,"href":"https:\/\/temucotelevision.cl\/web\/wp-json\/wp\/v2\/categories?post=35585"},{"taxonomy":"post_tag","embeddable":true,"href":"https:\/\/temucotelevision.cl\/web\/wp-json\/wp\/v2\/tags?post=35585"}],"curies":[{"name":"wp","href":"https:\/\/api.w.org\/{rel}","templated":true}]}}