{"id":35574,"date":"2022-09-27T20:47:20","date_gmt":"2022-09-27T23:47:20","guid":{"rendered":"https:\/\/temucotelevision.cl\/web\/?p=35574"},"modified":"2022-09-27T20:47:22","modified_gmt":"2022-09-27T23:47:22","slug":"tostao-estrena-su-segundo-sencillo-exotico-pal-mundo","status":"publish","type":"post","link":"https:\/\/temucotelevision.cl\/web\/2022\/09\/27\/tostao-estrena-su-segundo-sencillo-exotico-pal-mundo\/","title":{"rendered":"Tostao estrena su segundo sencillo \u201cEx\u00f3tico pal mundo\u201d"},"content":{"rendered":"<div class=\"pvc_clear\"><\/div><p id=\"pvc_stats_35574\" class=\"pvc_stats total_only  \" data-element-id=\"35574\" style=\"\"><i class=\"pvc-stats-icon large\" aria-hidden=\"true\"><svg aria-hidden=\"true\" focusable=\"false\" data-prefix=\"far\" data-icon=\"chart-bar\" role=\"img\" xmlns=\"http:\/\/www.w3.org\/2000\/svg\" viewBox=\"0 0 512 512\" class=\"svg-inline--fa fa-chart-bar fa-w-16 fa-2x\"><path fill=\"currentColor\" d=\"M396.8 352h22.4c6.4 0 12.8-6.4 12.8-12.8V108.8c0-6.4-6.4-12.8-12.8-12.8h-22.4c-6.4 0-12.8 6.4-12.8 12.8v230.4c0 6.4 6.4 12.8 12.8 12.8zm-192 0h22.4c6.4 0 12.8-6.4 12.8-12.8V140.8c0-6.4-6.4-12.8-12.8-12.8h-22.4c-6.4 0-12.8 6.4-12.8 12.8v198.4c0 6.4 6.4 12.8 12.8 12.8zm96 0h22.4c6.4 0 12.8-6.4 12.8-12.8V204.8c0-6.4-6.4-12.8-12.8-12.8h-22.4c-6.4 0-12.8 6.4-12.8 12.8v134.4c0 6.4 6.4 12.8 12.8 12.8zM496 400H48V80c0-8.84-7.16-16-16-16H16C7.16 64 0 71.16 0 80v336c0 17.67 14.33 32 32 32h464c8.84 0 16-7.16 16-16v-16c0-8.84-7.16-16-16-16zm-387.2-48h22.4c6.4 0 12.8-6.4 12.8-12.8v-70.4c0-6.4-6.4-12.8-12.8-12.8h-22.4c-6.4 0-12.8 6.4-12.8 12.8v70.4c0 6.4 6.4 12.8 12.8 12.8z\" class=\"\"><\/path><\/svg><\/i> <img loading=\"lazy\" decoding=\"async\" width=\"16\" height=\"16\" alt=\"Loading\" src=\"https:\/\/temucotelevision.cl\/web\/wp-content\/plugins\/page-views-count\/ajax-loader-2x.gif\" border=0 \/><\/p><div class=\"pvc_clear\"><\/div>\n<p>Este es el segundo sencillo de su primer \u00e1lbum solista.<\/p>\n\n\n\n<p>\u201cEx\u00f3tico Pal Mundo\u201d, es un proyecto art\u00edstico musical, liderado por Tostao, artista multiplatino ganador de dos Latin Grammys y fundador de la agrupaci\u00f3n ChocQuibTown.&nbsp;<\/p>\n\n\n\n<p>El primer lanzamiento de&nbsp;<strong>\u201cEx\u00f3tico Pal Mundo\u201d,<\/strong>&nbsp;fue la<strong>&nbsp;\u201cLa Luz\u201d<\/strong>&nbsp;de Tostao junto a Los Dioses del Ritmo, de Quibd\u00f3 Choc\u00f3. Logrando un impacto importante para visibilizar los sue\u00f1os y narrativas positivas de los artistas emergentes del Choc\u00f3.<\/p>\n\n\n\n<p>Esta canci\u00f3n fue hecha en un campamento de composici\u00f3n en Guatape, Medell\u00edn, Antioqu\u00eda. Los productores fueron Robbie Vida, Luiggi Boy, Leysong y Juancho Valencia, entre otros. La letra es una apolog\u00eda a las situaciones y conversaciones que hablan entre amigos y los mensajes que se pasan por WhatsApp, a los cu\u00e1les les ponen m\u00fasica.<\/p>\n\n\n\n<p>Tostao\u00a0<strong>junto a Buay Press, Leysong, Robbien Vida, Luis Eduardo Ac\u00fastico y Los Dioses del Ritmo<\/strong>, participaron activamente en cada detalle del tema logrando el objetivo de unirse alrededor de la m\u00fasica como verdaderos amigos.\u00a0<\/p>\n\n\n\n<p>Este \u201cex\u00f3tico\u201d video fue dirigido por Jankii Mart\u00ednez y producido por Fede Romero junto a Replay Music, en \u00e9l quisieron plasmar la alegr\u00eda y el sabor del pac\u00edfico colombiano enmarcados en un concepto \u201cm\u00e1s urbano\u201d y qu\u00e9 mejor ciudad para representarlo que Medell\u00edn, Colombia.&nbsp;<\/p>\n\n\n\n<p>\u201cEx\u00f3tico Pal Mundo\u201d, el \u00e1lbum que pronto lanzar\u00e1 Tostao como solista y alterno a ChocQuibTown, surgi\u00f3 hace ocho a\u00f1os como una idea que siempre estuvo en su mente. Anhelaba que el Ritmo Ex\u00f3tico, se convirtiera en un g\u00e9nero imponente y entrar\u00e1 a competir en la industria discogr\u00e1fica. Hoy, este sonido que naci\u00f3 en el Choc\u00f3 y gracias a las redes sociales, ha impactado en pa\u00edses como M\u00e9xico y Ecuador.&nbsp;<\/p>\n\n\n\n<p>\u201cEx\u00f3tico Pal Mundo\u201d tendr\u00e1 varias colaboraciones. \u201cDespu\u00e9s de un campamento de composici\u00f3n realizado en Guatap\u00e9, al este de Medell\u00edn, con artistas como: Los Dioses del Ritmo, Luis Eduardo Ac\u00fastico, Robbie Vida, Buay Press, Leysong Dj Zaa, entre otros, incluiremos 10 canciones con sus 10 videos, que lanzaremos paulatinamente. \u201cMi objetivo, es que j\u00f3venes de barrio logren desarrollar sus capacidades y habilidades en la industria musical actual\u201d,\u00a0coment\u00f3 Tostao. Pronto m\u00e1s detalles del \u00e1lbum.<\/p>\n\n\n\n<figure class=\"wp-block-embed is-type-video is-provider-youtube wp-block-embed-youtube wp-embed-aspect-16-9 wp-has-aspect-ratio\"><div class=\"wp-block-embed__wrapper\">\n<div class=\"epyt-video-wrapper\"><iframe loading=\"lazy\"  id=\"_ytid_18825\"  width=\"800\" height=\"450\"  data-origwidth=\"800\" data-origheight=\"450\" src=\"https:\/\/www.youtube.com\/embed\/kjjrVdQ_lZE?enablejsapi=1&#038;autoplay=0&#038;cc_load_policy=0&#038;cc_lang_pref=&#038;iv_load_policy=1&#038;loop=0&#038;rel=1&#038;fs=1&#038;playsinline=0&#038;autohide=2&#038;theme=dark&#038;color=red&#038;controls=1&#038;disablekb=0&#038;\" class=\"__youtube_prefs__  epyt-is-override  no-lazyload\" title=\"YouTube player\"  allow=\"fullscreen; accelerometer; autoplay; clipboard-write; encrypted-media; gyroscope; picture-in-picture; web-share\" referrerpolicy=\"strict-origin-when-cross-origin\" allowfullscreen data-no-lazy=\"1\" data-skipgform_ajax_framebjll=\"\"><\/iframe><\/div>\n<\/div><\/figure>\n","protected":false},"excerpt":{"rendered":"<div class=\"pvc_clear\"><\/div>\n<p id=\"pvc_stats_35574\" class=\"pvc_stats total_only  \" data-element-id=\"35574\" style=\"\"><i class=\"pvc-stats-icon large\" aria-hidden=\"true\"><svg aria-hidden=\"true\" focusable=\"false\" data-prefix=\"far\" data-icon=\"chart-bar\" role=\"img\" xmlns=\"http:\/\/www.w3.org\/2000\/svg\" viewBox=\"0 0 512 512\" class=\"svg-inline--fa fa-chart-bar fa-w-16 fa-2x\"><path fill=\"currentColor\" d=\"M396.8 352h22.4c6.4 0 12.8-6.4 12.8-12.8V108.8c0-6.4-6.4-12.8-12.8-12.8h-22.4c-6.4 0-12.8 6.4-12.8 12.8v230.4c0 6.4 6.4 12.8 12.8 12.8zm-192 0h22.4c6.4 0 12.8-6.4 12.8-12.8V140.8c0-6.4-6.4-12.8-12.8-12.8h-22.4c-6.4 0-12.8 6.4-12.8 12.8v198.4c0 6.4 6.4 12.8 12.8 12.8zm96 0h22.4c6.4 0 12.8-6.4 12.8-12.8V204.8c0-6.4-6.4-12.8-12.8-12.8h-22.4c-6.4 0-12.8 6.4-12.8 12.8v134.4c0 6.4 6.4 12.8 12.8 12.8zM496 400H48V80c0-8.84-7.16-16-16-16H16C7.16 64 0 71.16 0 80v336c0 17.67 14.33 32 32 32h464c8.84 0 16-7.16 16-16v-16c0-8.84-7.16-16-16-16zm-387.2-48h22.4c6.4 0 12.8-6.4 12.8-12.8v-70.4c0-6.4-6.4-12.8-12.8-12.8h-22.4c-6.4 0-12.8 6.4-12.8 12.8v70.4c0 6.4 6.4 12.8 12.8 12.8z\" class=\"\"><\/path><\/svg><\/i> <img loading=\"lazy\" decoding=\"async\" width=\"16\" height=\"16\" alt=\"Loading\" src=\"https:\/\/temucotelevision.cl\/web\/wp-content\/plugins\/page-views-count\/ajax-loader-2x.gif\" border=0 \/><\/p>\n<div class=\"pvc_clear\"><\/div>\n<p>Este es el segundo sencillo de su primer \u00e1lbum solista. \u201cEx\u00f3tico Pal Mundo\u201d, es un proyecto art\u00edstico musical, liderado por<\/p>\n","protected":false},"author":1,"featured_media":35579,"comment_status":"open","ping_status":"open","sticky":false,"template":"","format":"standard","meta":{"colormag_page_container_layout":"default_layout","colormag_page_sidebar_layout":"default_layout","footnotes":""},"categories":[369],"tags":[],"class_list":["post-35574","post","type-post","status-publish","format-standard","has-post-thumbnail","hentry","category-musica"],"a3_pvc":{"activated":true,"total_views":61,"today_views":0},"_links":{"self":[{"href":"https:\/\/temucotelevision.cl\/web\/wp-json\/wp\/v2\/posts\/35574","targetHints":{"allow":["GET"]}}],"collection":[{"href":"https:\/\/temucotelevision.cl\/web\/wp-json\/wp\/v2\/posts"}],"about":[{"href":"https:\/\/temucotelevision.cl\/web\/wp-json\/wp\/v2\/types\/post"}],"author":[{"embeddable":true,"href":"https:\/\/temucotelevision.cl\/web\/wp-json\/wp\/v2\/users\/1"}],"replies":[{"embeddable":true,"href":"https:\/\/temucotelevision.cl\/web\/wp-json\/wp\/v2\/comments?post=35574"}],"version-history":[{"count":1,"href":"https:\/\/temucotelevision.cl\/web\/wp-json\/wp\/v2\/posts\/35574\/revisions"}],"predecessor-version":[{"id":35577,"href":"https:\/\/temucotelevision.cl\/web\/wp-json\/wp\/v2\/posts\/35574\/revisions\/35577"}],"wp:featuredmedia":[{"embeddable":true,"href":"https:\/\/temucotelevision.cl\/web\/wp-json\/wp\/v2\/media\/35579"}],"wp:attachment":[{"href":"https:\/\/temucotelevision.cl\/web\/wp-json\/wp\/v2\/media?parent=35574"}],"wp:term":[{"taxonomy":"category","embeddable":true,"href":"https:\/\/temucotelevision.cl\/web\/wp-json\/wp\/v2\/categories?post=35574"},{"taxonomy":"post_tag","embeddable":true,"href":"https:\/\/temucotelevision.cl\/web\/wp-json\/wp\/v2\/tags?post=35574"}],"curies":[{"name":"wp","href":"https:\/\/api.w.org\/{rel}","templated":true}]}}