{"id":35569,"date":"2022-09-27T19:26:40","date_gmt":"2022-09-27T22:26:40","guid":{"rendered":"https:\/\/temucotelevision.cl\/web\/?p=35569"},"modified":"2022-09-27T19:33:07","modified_gmt":"2022-09-27T22:33:07","slug":"el-otro-astronauta-estrena-su-cancion-y-videoclip-de-los-dias-ya-no-esperan","status":"publish","type":"post","link":"https:\/\/temucotelevision.cl\/web\/2022\/09\/27\/el-otro-astronauta-estrena-su-cancion-y-videoclip-de-los-dias-ya-no-esperan\/","title":{"rendered":"El Otro Astronauta estrena su canci\u00f3n y videoclip de \u201cLos d\u00edas ya no esperan\u201d"},"content":{"rendered":"<div class=\"pvc_clear\"><\/div><p id=\"pvc_stats_35569\" class=\"pvc_stats total_only  \" data-element-id=\"35569\" style=\"\"><i class=\"pvc-stats-icon large\" aria-hidden=\"true\"><svg aria-hidden=\"true\" focusable=\"false\" data-prefix=\"far\" data-icon=\"chart-bar\" role=\"img\" xmlns=\"http:\/\/www.w3.org\/2000\/svg\" viewBox=\"0 0 512 512\" class=\"svg-inline--fa fa-chart-bar fa-w-16 fa-2x\"><path fill=\"currentColor\" d=\"M396.8 352h22.4c6.4 0 12.8-6.4 12.8-12.8V108.8c0-6.4-6.4-12.8-12.8-12.8h-22.4c-6.4 0-12.8 6.4-12.8 12.8v230.4c0 6.4 6.4 12.8 12.8 12.8zm-192 0h22.4c6.4 0 12.8-6.4 12.8-12.8V140.8c0-6.4-6.4-12.8-12.8-12.8h-22.4c-6.4 0-12.8 6.4-12.8 12.8v198.4c0 6.4 6.4 12.8 12.8 12.8zm96 0h22.4c6.4 0 12.8-6.4 12.8-12.8V204.8c0-6.4-6.4-12.8-12.8-12.8h-22.4c-6.4 0-12.8 6.4-12.8 12.8v134.4c0 6.4 6.4 12.8 12.8 12.8zM496 400H48V80c0-8.84-7.16-16-16-16H16C7.16 64 0 71.16 0 80v336c0 17.67 14.33 32 32 32h464c8.84 0 16-7.16 16-16v-16c0-8.84-7.16-16-16-16zm-387.2-48h22.4c6.4 0 12.8-6.4 12.8-12.8v-70.4c0-6.4-6.4-12.8-12.8-12.8h-22.4c-6.4 0-12.8 6.4-12.8 12.8v70.4c0 6.4 6.4 12.8 12.8 12.8z\" class=\"\"><\/path><\/svg><\/i> <img loading=\"lazy\" decoding=\"async\" width=\"16\" height=\"16\" alt=\"Loading\" src=\"https:\/\/temucotelevision.cl\/web\/wp-content\/plugins\/page-views-count\/ajax-loader-2x.gif\" border=0 \/><\/p><div class=\"pvc_clear\"><\/div>\n<p>La agrupaci\u00f3n chilena de pop rock <strong>El Otro Astronauta<\/strong>, acaba de publicar su nuevo single y videoclip de <strong>\u201cLos d\u00edas ya no esperan\u201d<\/strong>, adelanto de lo que ser\u00e1 su nuevo EP, el cual llevar\u00e1 el mismo nombre.<\/p>\n\n\n\n<p>Este tema, en particular, seg\u00fan el power cuarteto, habla de la angustia de llevar una vida rutinaria, donde todos los d\u00edas parecen ser el mismo, la presi\u00f3n de llevar un estilo de vida en el cual nos desgastamos. Adem\u00e1s, exponen la sensaci\u00f3n de querer arrancar de ese loop que pareciera no tener fin.&nbsp;De alguna forma, presenta la idea de&nbsp;querer dejarlo todo y emprender una nueva vida, desde cero.<\/p>\n\n\n\n<p>Este tema, en particular, seg\u00fan el power cuarteto, habla de la angustia de llevar una vida rutinaria, donde todos los d\u00edas parecen ser el mismo, la presi\u00f3n de llevar un estilo de vida en el cual nos desgastamos. Adem\u00e1s, exponen la sensaci\u00f3n de querer arrancar de ese loop que pareciera no tener fin.&nbsp;De alguna forma, presenta la idea de&nbsp;querer dejarlo todo y emprender una nueva vida, desde cero.<\/p>\n\n\n\n<p><strong>El Otro Astronauta<\/strong> es una agrupaci\u00f3n de Santiago, conformada en el a\u00f1o 2019 por <strong>Sebasti\u00e1n Cabib (guitarra y voz)\u00a0(actual guitarrista de Los Tres), Mario Bustos (bajo y voz), Sergio C\u00e1ceres (guitarra) y Sebasti\u00e1n Binimelis (bater\u00eda).<\/strong>\u00a0El grupo naci\u00f3 poco antes de las movilizaciones sociales de Chile, contexto que impuls\u00f3 la creaci\u00f3n de nuevas canciones y dio fuerza al esp\u00edritu rockero que ven\u00edan explorando, tras la separaci\u00f3n de La Bandita Del Domingo, agrupaci\u00f3n que los alberg\u00f3 durante cinco a\u00f1os, con la que editaron tres discos de estudio y recorrieron distintas partes de Chile y M\u00e9xico. Sus canciones abordan distintas tem\u00e1ticas y mezclan de manera fresca referentes cl\u00e1sicos y actuales del rock con elementos del pop.<\/p>\n\n\n\n<figure class=\"wp-block-embed is-type-video is-provider-youtube wp-block-embed-youtube wp-embed-aspect-16-9 wp-has-aspect-ratio\"><div class=\"wp-block-embed__wrapper\">\n<div class=\"epyt-video-wrapper\"><iframe loading=\"lazy\"  id=\"_ytid_71463\"  width=\"800\" height=\"450\"  data-origwidth=\"800\" data-origheight=\"450\" src=\"https:\/\/www.youtube.com\/embed\/aPpEvPGtxfE?enablejsapi=1&#038;autoplay=0&#038;cc_load_policy=0&#038;cc_lang_pref=&#038;iv_load_policy=1&#038;loop=0&#038;rel=1&#038;fs=1&#038;playsinline=0&#038;autohide=2&#038;theme=dark&#038;color=red&#038;controls=1&#038;disablekb=0&#038;\" class=\"__youtube_prefs__  epyt-is-override  no-lazyload\" title=\"YouTube player\"  allow=\"fullscreen; accelerometer; autoplay; clipboard-write; encrypted-media; gyroscope; picture-in-picture; web-share\" referrerpolicy=\"strict-origin-when-cross-origin\" allowfullscreen data-no-lazy=\"1\" data-skipgform_ajax_framebjll=\"\"><\/iframe><\/div>\n<\/div><\/figure>\n","protected":false},"excerpt":{"rendered":"<div class=\"pvc_clear\"><\/div>\n<p id=\"pvc_stats_35569\" class=\"pvc_stats total_only  \" data-element-id=\"35569\" style=\"\"><i class=\"pvc-stats-icon large\" aria-hidden=\"true\"><svg aria-hidden=\"true\" focusable=\"false\" data-prefix=\"far\" data-icon=\"chart-bar\" role=\"img\" xmlns=\"http:\/\/www.w3.org\/2000\/svg\" viewBox=\"0 0 512 512\" class=\"svg-inline--fa fa-chart-bar fa-w-16 fa-2x\"><path fill=\"currentColor\" d=\"M396.8 352h22.4c6.4 0 12.8-6.4 12.8-12.8V108.8c0-6.4-6.4-12.8-12.8-12.8h-22.4c-6.4 0-12.8 6.4-12.8 12.8v230.4c0 6.4 6.4 12.8 12.8 12.8zm-192 0h22.4c6.4 0 12.8-6.4 12.8-12.8V140.8c0-6.4-6.4-12.8-12.8-12.8h-22.4c-6.4 0-12.8 6.4-12.8 12.8v198.4c0 6.4 6.4 12.8 12.8 12.8zm96 0h22.4c6.4 0 12.8-6.4 12.8-12.8V204.8c0-6.4-6.4-12.8-12.8-12.8h-22.4c-6.4 0-12.8 6.4-12.8 12.8v134.4c0 6.4 6.4 12.8 12.8 12.8zM496 400H48V80c0-8.84-7.16-16-16-16H16C7.16 64 0 71.16 0 80v336c0 17.67 14.33 32 32 32h464c8.84 0 16-7.16 16-16v-16c0-8.84-7.16-16-16-16zm-387.2-48h22.4c6.4 0 12.8-6.4 12.8-12.8v-70.4c0-6.4-6.4-12.8-12.8-12.8h-22.4c-6.4 0-12.8 6.4-12.8 12.8v70.4c0 6.4 6.4 12.8 12.8 12.8z\" class=\"\"><\/path><\/svg><\/i> <img loading=\"lazy\" decoding=\"async\" width=\"16\" height=\"16\" alt=\"Loading\" src=\"https:\/\/temucotelevision.cl\/web\/wp-content\/plugins\/page-views-count\/ajax-loader-2x.gif\" border=0 \/><\/p>\n<div class=\"pvc_clear\"><\/div>\n<p>La agrupaci\u00f3n chilena de pop rock El Otro Astronauta, acaba de publicar su nuevo single y videoclip de \u201cLos d\u00edas<\/p>\n","protected":false},"author":1,"featured_media":35570,"comment_status":"open","ping_status":"open","sticky":false,"template":"","format":"standard","meta":{"colormag_page_container_layout":"default_layout","colormag_page_sidebar_layout":"default_layout","footnotes":""},"categories":[369],"tags":[],"class_list":["post-35569","post","type-post","status-publish","format-standard","has-post-thumbnail","hentry","category-musica"],"a3_pvc":{"activated":true,"total_views":36,"today_views":0},"_links":{"self":[{"href":"https:\/\/temucotelevision.cl\/web\/wp-json\/wp\/v2\/posts\/35569","targetHints":{"allow":["GET"]}}],"collection":[{"href":"https:\/\/temucotelevision.cl\/web\/wp-json\/wp\/v2\/posts"}],"about":[{"href":"https:\/\/temucotelevision.cl\/web\/wp-json\/wp\/v2\/types\/post"}],"author":[{"embeddable":true,"href":"https:\/\/temucotelevision.cl\/web\/wp-json\/wp\/v2\/users\/1"}],"replies":[{"embeddable":true,"href":"https:\/\/temucotelevision.cl\/web\/wp-json\/wp\/v2\/comments?post=35569"}],"version-history":[{"count":2,"href":"https:\/\/temucotelevision.cl\/web\/wp-json\/wp\/v2\/posts\/35569\/revisions"}],"predecessor-version":[{"id":35573,"href":"https:\/\/temucotelevision.cl\/web\/wp-json\/wp\/v2\/posts\/35569\/revisions\/35573"}],"wp:featuredmedia":[{"embeddable":true,"href":"https:\/\/temucotelevision.cl\/web\/wp-json\/wp\/v2\/media\/35570"}],"wp:attachment":[{"href":"https:\/\/temucotelevision.cl\/web\/wp-json\/wp\/v2\/media?parent=35569"}],"wp:term":[{"taxonomy":"category","embeddable":true,"href":"https:\/\/temucotelevision.cl\/web\/wp-json\/wp\/v2\/categories?post=35569"},{"taxonomy":"post_tag","embeddable":true,"href":"https:\/\/temucotelevision.cl\/web\/wp-json\/wp\/v2\/tags?post=35569"}],"curies":[{"name":"wp","href":"https:\/\/api.w.org\/{rel}","templated":true}]}}