{"id":35560,"date":"2022-09-27T17:59:05","date_gmt":"2022-09-27T20:59:05","guid":{"rendered":"https:\/\/temucotelevision.cl\/web\/?p=35560"},"modified":"2022-09-27T17:59:06","modified_gmt":"2022-09-27T20:59:06","slug":"inauguran-primer-mercado-en-la-ciudad-de-loncoche","status":"publish","type":"post","link":"https:\/\/temucotelevision.cl\/web\/2022\/09\/27\/inauguran-primer-mercado-en-la-ciudad-de-loncoche\/","title":{"rendered":"Inauguran primer Mercado en la ciudad de Loncoche"},"content":{"rendered":"<div class=\"pvc_clear\"><\/div><p id=\"pvc_stats_35560\" class=\"pvc_stats total_only  \" data-element-id=\"35560\" style=\"\"><i class=\"pvc-stats-icon large\" aria-hidden=\"true\"><svg aria-hidden=\"true\" focusable=\"false\" data-prefix=\"far\" data-icon=\"chart-bar\" role=\"img\" xmlns=\"http:\/\/www.w3.org\/2000\/svg\" viewBox=\"0 0 512 512\" class=\"svg-inline--fa fa-chart-bar fa-w-16 fa-2x\"><path fill=\"currentColor\" d=\"M396.8 352h22.4c6.4 0 12.8-6.4 12.8-12.8V108.8c0-6.4-6.4-12.8-12.8-12.8h-22.4c-6.4 0-12.8 6.4-12.8 12.8v230.4c0 6.4 6.4 12.8 12.8 12.8zm-192 0h22.4c6.4 0 12.8-6.4 12.8-12.8V140.8c0-6.4-6.4-12.8-12.8-12.8h-22.4c-6.4 0-12.8 6.4-12.8 12.8v198.4c0 6.4 6.4 12.8 12.8 12.8zm96 0h22.4c6.4 0 12.8-6.4 12.8-12.8V204.8c0-6.4-6.4-12.8-12.8-12.8h-22.4c-6.4 0-12.8 6.4-12.8 12.8v134.4c0 6.4 6.4 12.8 12.8 12.8zM496 400H48V80c0-8.84-7.16-16-16-16H16C7.16 64 0 71.16 0 80v336c0 17.67 14.33 32 32 32h464c8.84 0 16-7.16 16-16v-16c0-8.84-7.16-16-16-16zm-387.2-48h22.4c6.4 0 12.8-6.4 12.8-12.8v-70.4c0-6.4-6.4-12.8-12.8-12.8h-22.4c-6.4 0-12.8 6.4-12.8 12.8v70.4c0 6.4 6.4 12.8 12.8 12.8z\" class=\"\"><\/path><\/svg><\/i> <img loading=\"lazy\" decoding=\"async\" width=\"16\" height=\"16\" alt=\"Loading\" src=\"https:\/\/temucotelevision.cl\/web\/wp-content\/plugins\/page-views-count\/ajax-loader-2x.gif\" border=0 \/><\/p><div class=\"pvc_clear\"><\/div>\n<p>Hasta el frontis del edificio municipal de calle Pedro Montt #675, donde se encuentran los programas de Ni\u00f1ez y Familia, llegaron emprendedores locales y autoridades de la comuna, con el fin de inaugurar en grande el primer mercado de Loncoche.<\/p>\n\n\n\n<p>El Primer Mercado de Loncoche, cuenta con una moderna carpa como infraestructura y m\u00f3dulos de atenci\u00f3n que dar\u00e1n vida a este recinto y adem\u00e1s ser\u00e1 el primer recinto para atender turistas en la Puerta de Entrada Sur a La Araucan\u00eda Lacustre.<\/p>\n\n\n\n<p>Ante el constante trabajo del alcalde Alexis Pineda Ruiz, en fortalecer cada d\u00eda el emprendimiento en la comuna de Loncoche, comenz\u00f3 a buscar diferentes apoyos en post de mejorar esta \u00e1rea en la entrada sur de la Araucan\u00eda, es por esto, que, al iniciar su gesti\u00f3n, se realizaron diversas reuniones con emprendedores y feriantes de Loncoche, con el fin de fortalecer este trabajo que da vida a la comuna y adem\u00e1s es sustento para muchos Loncochenses.<\/p>\n\n\n\n<p>Era justo y necesario contar con un nuevo espacio de venta de productos locales, donde se destaque el trabajo de los emprendedores y le de dignidad a su abnegada labor, con cerca de $60 millones de pesos en inversi\u00f3n, el primer mercado local, se caracteriza por tener m\u00f3dulos de ventas para diferentes emprendimientos locales, donde se encontrar\u00e1n la Feria Adepal, Feriantes de Balmaceda, Cooperativa Trawul, Agrupaci\u00f3n El Alba, Mesa de Mujer Rural, Emprendedoras del programa Jefas de Hogar, Centro de Emprendimiento, Asuntos Ind\u00edgenas y Programa de la Mujer.<\/p>\n\n\n\n<p>Sin duda alguna, cambiar\u00e1 rotundamente la cara a Loncoche y vendr\u00e1 a reforzar el pilar fundamental del Edil Loncoche, en mover la comuna a base del emprendimiento y el turismo, lo cual ya se encuentra reconocido a nivel regional y nacional, destacando la gran inversi\u00f3n en solo 15 meses de gesti\u00f3n.<\/p>\n\n\n\n<figure class=\"wp-block-image size-large\"><img loading=\"lazy\" decoding=\"async\" width=\"1024\" height=\"682\" src=\"https:\/\/temucotelevision.cl\/web\/wp-content\/uploads\/2022\/09\/Loncoche2-1024x682.jpeg\" alt=\"\" class=\"wp-image-35562\" srcset=\"https:\/\/temucotelevision.cl\/web\/wp-content\/uploads\/2022\/09\/Loncoche2-1024x682.jpeg 1024w, https:\/\/temucotelevision.cl\/web\/wp-content\/uploads\/2022\/09\/Loncoche2-768x512.jpeg 768w, https:\/\/temucotelevision.cl\/web\/wp-content\/uploads\/2022\/09\/Loncoche2.jpeg 1280w\" sizes=\"auto, (max-width: 1024px) 100vw, 1024px\" \/><\/figure>\n","protected":false},"excerpt":{"rendered":"<div class=\"pvc_clear\"><\/div>\n<p id=\"pvc_stats_35560\" class=\"pvc_stats total_only  \" data-element-id=\"35560\" style=\"\"><i class=\"pvc-stats-icon large\" aria-hidden=\"true\"><svg aria-hidden=\"true\" focusable=\"false\" data-prefix=\"far\" data-icon=\"chart-bar\" role=\"img\" xmlns=\"http:\/\/www.w3.org\/2000\/svg\" viewBox=\"0 0 512 512\" class=\"svg-inline--fa fa-chart-bar fa-w-16 fa-2x\"><path fill=\"currentColor\" d=\"M396.8 352h22.4c6.4 0 12.8-6.4 12.8-12.8V108.8c0-6.4-6.4-12.8-12.8-12.8h-22.4c-6.4 0-12.8 6.4-12.8 12.8v230.4c0 6.4 6.4 12.8 12.8 12.8zm-192 0h22.4c6.4 0 12.8-6.4 12.8-12.8V140.8c0-6.4-6.4-12.8-12.8-12.8h-22.4c-6.4 0-12.8 6.4-12.8 12.8v198.4c0 6.4 6.4 12.8 12.8 12.8zm96 0h22.4c6.4 0 12.8-6.4 12.8-12.8V204.8c0-6.4-6.4-12.8-12.8-12.8h-22.4c-6.4 0-12.8 6.4-12.8 12.8v134.4c0 6.4 6.4 12.8 12.8 12.8zM496 400H48V80c0-8.84-7.16-16-16-16H16C7.16 64 0 71.16 0 80v336c0 17.67 14.33 32 32 32h464c8.84 0 16-7.16 16-16v-16c0-8.84-7.16-16-16-16zm-387.2-48h22.4c6.4 0 12.8-6.4 12.8-12.8v-70.4c0-6.4-6.4-12.8-12.8-12.8h-22.4c-6.4 0-12.8 6.4-12.8 12.8v70.4c0 6.4 6.4 12.8 12.8 12.8z\" class=\"\"><\/path><\/svg><\/i> <img loading=\"lazy\" decoding=\"async\" width=\"16\" height=\"16\" alt=\"Loading\" src=\"https:\/\/temucotelevision.cl\/web\/wp-content\/plugins\/page-views-count\/ajax-loader-2x.gif\" border=0 \/><\/p>\n<div class=\"pvc_clear\"><\/div>\n<p>Hasta el frontis del edificio municipal de calle Pedro Montt #675, donde se encuentran los programas de Ni\u00f1ez y Familia,<\/p>\n","protected":false},"author":1,"featured_media":35561,"comment_status":"open","ping_status":"open","sticky":false,"template":"","format":"standard","meta":{"colormag_page_container_layout":"default_layout","colormag_page_sidebar_layout":"default_layout","footnotes":""},"categories":[15],"tags":[384,993,527,1149],"class_list":["post-35560","post","type-post","status-publish","format-standard","has-post-thumbnail","hentry","category-la-araucania","tag-emprendedores","tag-loncoche","tag-mercado","tag-programas"],"a3_pvc":{"activated":true,"total_views":96,"today_views":0},"_links":{"self":[{"href":"https:\/\/temucotelevision.cl\/web\/wp-json\/wp\/v2\/posts\/35560","targetHints":{"allow":["GET"]}}],"collection":[{"href":"https:\/\/temucotelevision.cl\/web\/wp-json\/wp\/v2\/posts"}],"about":[{"href":"https:\/\/temucotelevision.cl\/web\/wp-json\/wp\/v2\/types\/post"}],"author":[{"embeddable":true,"href":"https:\/\/temucotelevision.cl\/web\/wp-json\/wp\/v2\/users\/1"}],"replies":[{"embeddable":true,"href":"https:\/\/temucotelevision.cl\/web\/wp-json\/wp\/v2\/comments?post=35560"}],"version-history":[{"count":1,"href":"https:\/\/temucotelevision.cl\/web\/wp-json\/wp\/v2\/posts\/35560\/revisions"}],"predecessor-version":[{"id":35563,"href":"https:\/\/temucotelevision.cl\/web\/wp-json\/wp\/v2\/posts\/35560\/revisions\/35563"}],"wp:featuredmedia":[{"embeddable":true,"href":"https:\/\/temucotelevision.cl\/web\/wp-json\/wp\/v2\/media\/35561"}],"wp:attachment":[{"href":"https:\/\/temucotelevision.cl\/web\/wp-json\/wp\/v2\/media?parent=35560"}],"wp:term":[{"taxonomy":"category","embeddable":true,"href":"https:\/\/temucotelevision.cl\/web\/wp-json\/wp\/v2\/categories?post=35560"},{"taxonomy":"post_tag","embeddable":true,"href":"https:\/\/temucotelevision.cl\/web\/wp-json\/wp\/v2\/tags?post=35560"}],"curies":[{"name":"wp","href":"https:\/\/api.w.org\/{rel}","templated":true}]}}