{"id":35557,"date":"2022-09-27T14:55:35","date_gmt":"2022-09-27T17:55:35","guid":{"rendered":"https:\/\/temucotelevision.cl\/web\/?p=35557"},"modified":"2022-09-27T14:55:36","modified_gmt":"2022-09-27T17:55:36","slug":"programa-giras-de-estudio-de-sernatur-beneficiara-a-mas-1-300-estudiantes-de-la-araucania","status":"publish","type":"post","link":"https:\/\/temucotelevision.cl\/web\/2022\/09\/27\/programa-giras-de-estudio-de-sernatur-beneficiara-a-mas-1-300-estudiantes-de-la-araucania\/","title":{"rendered":"Programa Giras de Estudio de Sernatur beneficiar\u00e1 a m\u00e1s 1.300 estudiantes de La Araucan\u00eda\u00a0"},"content":{"rendered":"<div class=\"pvc_clear\"><\/div><p id=\"pvc_stats_35557\" class=\"pvc_stats total_only  \" data-element-id=\"35557\" style=\"\"><i class=\"pvc-stats-icon large\" aria-hidden=\"true\"><svg aria-hidden=\"true\" focusable=\"false\" data-prefix=\"far\" data-icon=\"chart-bar\" role=\"img\" xmlns=\"http:\/\/www.w3.org\/2000\/svg\" viewBox=\"0 0 512 512\" class=\"svg-inline--fa fa-chart-bar fa-w-16 fa-2x\"><path fill=\"currentColor\" d=\"M396.8 352h22.4c6.4 0 12.8-6.4 12.8-12.8V108.8c0-6.4-6.4-12.8-12.8-12.8h-22.4c-6.4 0-12.8 6.4-12.8 12.8v230.4c0 6.4 6.4 12.8 12.8 12.8zm-192 0h22.4c6.4 0 12.8-6.4 12.8-12.8V140.8c0-6.4-6.4-12.8-12.8-12.8h-22.4c-6.4 0-12.8 6.4-12.8 12.8v198.4c0 6.4 6.4 12.8 12.8 12.8zm96 0h22.4c6.4 0 12.8-6.4 12.8-12.8V204.8c0-6.4-6.4-12.8-12.8-12.8h-22.4c-6.4 0-12.8 6.4-12.8 12.8v134.4c0 6.4 6.4 12.8 12.8 12.8zM496 400H48V80c0-8.84-7.16-16-16-16H16C7.16 64 0 71.16 0 80v336c0 17.67 14.33 32 32 32h464c8.84 0 16-7.16 16-16v-16c0-8.84-7.16-16-16-16zm-387.2-48h22.4c6.4 0 12.8-6.4 12.8-12.8v-70.4c0-6.4-6.4-12.8-12.8-12.8h-22.4c-6.4 0-12.8 6.4-12.8 12.8v70.4c0 6.4 6.4 12.8 12.8 12.8z\" class=\"\"><\/path><\/svg><\/i> <img loading=\"lazy\" decoding=\"async\" width=\"16\" height=\"16\" alt=\"Loading\" src=\"https:\/\/temucotelevision.cl\/web\/wp-content\/plugins\/page-views-count\/ajax-loader-2x.gif\" border=0 \/><\/p><div class=\"pvc_clear\"><\/div>\n<p><em>Para La Araucan\u00eda durante el periodo 2022\/2023 restan 34 viajes con origen en la regi\u00f3n y destino las comunas Ancud, Pelluhue, Frutillar, Lago Ranco y Puerto Varas, beneficiando un total de 1.360 alumnos.&nbsp;<\/em><\/p>\n\n\n\n<p>Este lunes 26 de septiembre se dio el vamos a los viajes enmarcados en el Programa de Turismo Social Giras de Estudio de Sernatur, iniciando con la primera delegaci\u00f3n teniendo como origen la comuna de Nueva Imperial y destino la ciudad de Puerto Varas. En total fueron 37 alumnos de ense\u00f1anza media del Liceo Polit\u00e9cnico Metodista La Granja los beneficiados con esta iniciativa quienes, acompa\u00f1ados por 3 profesores disfrutar\u00e1n durante 4 noches y cinco d\u00edas de las bondades de este hermoso territorio ubicado en la regi\u00f3n de Los Lagos.&nbsp;<\/p>\n\n\n\n<p>Iniciativas que son un significativo aporte a la reactivaci\u00f3n econ\u00f3mica del sector y que permiten el fortalecimiento del desarrollo tur\u00edstico mediante el trabajo interregional en la macrozona sur, as\u00ed lo precis\u00f3 el Seremi de Econom\u00eda Vicente Painel.&nbsp;<\/p>\n\n\n\n<p>\u201cSi nosotros tomamos entre par\u00e9ntesis la interregionalidad La Araucan\u00eda, Los Lagos, Los R\u00edos, ocupamos el cuarto lugar de crecimiento en el pa\u00eds. Entonces en esa consideraci\u00f3n el turismo por supuesto es una polea, estamos hablando de que el turismo actualmente aporta el 11 por ciento en la econom\u00eda de la regi\u00f3n, pero nosotros aspiramos a que aporte el 20 por ciento\u201d.&nbsp;<\/p>\n\n\n\n<p>Programa Giras de Estudio que se convierte no solo en una herramienta de reactivaci\u00f3n, sino tambi\u00e9n, en una oportunidad de retomar las actividades extracurriculares que aporten al bienestar dentro de la convivencia acad\u00e9mica, tal como lo expres\u00f3 la Seremi de Educaci\u00f3n Mar\u00eda Isabel Mari\u00f1anco.&nbsp;<\/p>\n\n\n\n<p>\u201cEfectivamente los estudiantes al igual que el profesorado ha estado 2 a\u00f1os en el contexto de pandemia, lo que hace necesario avanzar en actividades extraula, en ese sentido esta gira viene a compensar esa necesidad socioemocional de los estudiantes, que en el contexto de La Araucan\u00eda es a\u00fan m\u00e1s relevante dados nuestros altos \u00edndices de vulnerabilidad\u201d.&nbsp;<\/p>\n\n\n\n<p>Para el director (s) de Sernatur Araucan\u00eda, Marco Guti\u00e9rrez, estos viajes no solo permitir\u00e1n visitar y conocer otros destinos, adem\u00e1s existe un foco especial en el cuidado del medio ambiente, considerando tambi\u00e9n diversas actividades de sensibilizaci\u00f3n ambiental, donde ser\u00e1n los mismos estudiantes quienes liderar\u00e1n operativos de limpieza y recolecci\u00f3n de basura.&nbsp;<\/p>\n\n\n\n<p>\u201cLo fundamental es que con este programa nosotros reactivamos las actividades tur\u00edsticas a nivel regional y nacional, especialmente en esta ocasi\u00f3n tiene por objetivo adem\u00e1s de que ellos conozcan un destino tur\u00edstico, tambi\u00e9n queremos que ellos desarrollen actividades, actitudes y conductas relacionadas con la protecci\u00f3n del medio ambiente\u201d.&nbsp;<\/p>\n\n\n\n<p>Como destino La Araucan\u00eda en el periodo 2022\/2023 recibir\u00e1 un total de 58 delegaciones, alrededor de 2.320 estudiantes que conocer\u00e1n todas las bondades del territorio Lacustre y de la mano aportar\u00e1n a la econom\u00eda tur\u00edstica local, avanzando sostenidamente en el fortalecimiento del rubro tur\u00edstico sobre todo en periodos de temporada baja, aportando a disminuir los negativos efectos de la estacionalidad. &nbsp;<\/p>\n\n\n\n<p>A nivel nacional durante esta temporada, se espera realizar viajes de 500 delegaciones, es decir, 21.500 pasajeros recorrer\u00e1n Chile entre septiembre de 2022 y julio de 2023. Lo que significa un apoyo a m\u00e1s de 150 prestadores de servicios tur\u00edsticos que participan en el programa, entre los cuales se encuentran operadores, gu\u00edas, empresas de turismo aventura, servicios de transporte, alojamientos, restaurantes y artesanos, con una inversi\u00f3n estatal que supera los 2.600 millones de pesos.&nbsp;<\/p>\n","protected":false},"excerpt":{"rendered":"<div class=\"pvc_clear\"><\/div>\n<p id=\"pvc_stats_35557\" class=\"pvc_stats total_only  \" data-element-id=\"35557\" style=\"\"><i class=\"pvc-stats-icon large\" aria-hidden=\"true\"><svg aria-hidden=\"true\" focusable=\"false\" data-prefix=\"far\" data-icon=\"chart-bar\" role=\"img\" xmlns=\"http:\/\/www.w3.org\/2000\/svg\" viewBox=\"0 0 512 512\" class=\"svg-inline--fa fa-chart-bar fa-w-16 fa-2x\"><path fill=\"currentColor\" d=\"M396.8 352h22.4c6.4 0 12.8-6.4 12.8-12.8V108.8c0-6.4-6.4-12.8-12.8-12.8h-22.4c-6.4 0-12.8 6.4-12.8 12.8v230.4c0 6.4 6.4 12.8 12.8 12.8zm-192 0h22.4c6.4 0 12.8-6.4 12.8-12.8V140.8c0-6.4-6.4-12.8-12.8-12.8h-22.4c-6.4 0-12.8 6.4-12.8 12.8v198.4c0 6.4 6.4 12.8 12.8 12.8zm96 0h22.4c6.4 0 12.8-6.4 12.8-12.8V204.8c0-6.4-6.4-12.8-12.8-12.8h-22.4c-6.4 0-12.8 6.4-12.8 12.8v134.4c0 6.4 6.4 12.8 12.8 12.8zM496 400H48V80c0-8.84-7.16-16-16-16H16C7.16 64 0 71.16 0 80v336c0 17.67 14.33 32 32 32h464c8.84 0 16-7.16 16-16v-16c0-8.84-7.16-16-16-16zm-387.2-48h22.4c6.4 0 12.8-6.4 12.8-12.8v-70.4c0-6.4-6.4-12.8-12.8-12.8h-22.4c-6.4 0-12.8 6.4-12.8 12.8v70.4c0 6.4 6.4 12.8 12.8 12.8z\" class=\"\"><\/path><\/svg><\/i> <img loading=\"lazy\" decoding=\"async\" width=\"16\" height=\"16\" alt=\"Loading\" src=\"https:\/\/temucotelevision.cl\/web\/wp-content\/plugins\/page-views-count\/ajax-loader-2x.gif\" border=0 \/><\/p>\n<div class=\"pvc_clear\"><\/div>\n<p>Para La Araucan\u00eda durante el periodo 2022\/2023 restan 34 viajes con origen en la regi\u00f3n y destino las comunas Ancud,<\/p>\n","protected":false},"author":1,"featured_media":35558,"comment_status":"open","ping_status":"open","sticky":false,"template":"","format":"standard","meta":{"colormag_page_container_layout":"default_layout","colormag_page_sidebar_layout":"default_layout","footnotes":""},"categories":[15],"tags":[150,954,581,521,1522],"class_list":["post-35557","post","type-post","status-publish","format-standard","has-post-thumbnail","hentry","category-la-araucania","tag-estudiantes","tag-estudio","tag-gira","tag-programa","tag-sernatur"],"a3_pvc":{"activated":true,"total_views":66,"today_views":1},"_links":{"self":[{"href":"https:\/\/temucotelevision.cl\/web\/wp-json\/wp\/v2\/posts\/35557","targetHints":{"allow":["GET"]}}],"collection":[{"href":"https:\/\/temucotelevision.cl\/web\/wp-json\/wp\/v2\/posts"}],"about":[{"href":"https:\/\/temucotelevision.cl\/web\/wp-json\/wp\/v2\/types\/post"}],"author":[{"embeddable":true,"href":"https:\/\/temucotelevision.cl\/web\/wp-json\/wp\/v2\/users\/1"}],"replies":[{"embeddable":true,"href":"https:\/\/temucotelevision.cl\/web\/wp-json\/wp\/v2\/comments?post=35557"}],"version-history":[{"count":1,"href":"https:\/\/temucotelevision.cl\/web\/wp-json\/wp\/v2\/posts\/35557\/revisions"}],"predecessor-version":[{"id":35559,"href":"https:\/\/temucotelevision.cl\/web\/wp-json\/wp\/v2\/posts\/35557\/revisions\/35559"}],"wp:featuredmedia":[{"embeddable":true,"href":"https:\/\/temucotelevision.cl\/web\/wp-json\/wp\/v2\/media\/35558"}],"wp:attachment":[{"href":"https:\/\/temucotelevision.cl\/web\/wp-json\/wp\/v2\/media?parent=35557"}],"wp:term":[{"taxonomy":"category","embeddable":true,"href":"https:\/\/temucotelevision.cl\/web\/wp-json\/wp\/v2\/categories?post=35557"},{"taxonomy":"post_tag","embeddable":true,"href":"https:\/\/temucotelevision.cl\/web\/wp-json\/wp\/v2\/tags?post=35557"}],"curies":[{"name":"wp","href":"https:\/\/api.w.org\/{rel}","templated":true}]}}