{"id":35548,"date":"2022-09-27T11:01:58","date_gmt":"2022-09-27T14:01:58","guid":{"rendered":"https:\/\/temucotelevision.cl\/web\/?p=35548"},"modified":"2022-09-27T11:01:59","modified_gmt":"2022-09-27T14:01:59","slug":"diputado-meza-prep-y-flores-rn-piden-acelerar-resultados-de-test-de-drogas-a-parlamentarios","status":"publish","type":"post","link":"https:\/\/temucotelevision.cl\/web\/2022\/09\/27\/diputado-meza-prep-y-flores-rn-piden-acelerar-resultados-de-test-de-drogas-a-parlamentarios\/","title":{"rendered":"Diputado Meza (PRep) y Flores (RN) piden acelerar resultados de test de drogas a parlamentarios"},"content":{"rendered":"<div class=\"pvc_clear\"><\/div><p id=\"pvc_stats_35548\" class=\"pvc_stats total_only  \" data-element-id=\"35548\" style=\"\"><i class=\"pvc-stats-icon large\" aria-hidden=\"true\"><svg aria-hidden=\"true\" focusable=\"false\" data-prefix=\"far\" data-icon=\"chart-bar\" role=\"img\" xmlns=\"http:\/\/www.w3.org\/2000\/svg\" viewBox=\"0 0 512 512\" class=\"svg-inline--fa fa-chart-bar fa-w-16 fa-2x\"><path fill=\"currentColor\" d=\"M396.8 352h22.4c6.4 0 12.8-6.4 12.8-12.8V108.8c0-6.4-6.4-12.8-12.8-12.8h-22.4c-6.4 0-12.8 6.4-12.8 12.8v230.4c0 6.4 6.4 12.8 12.8 12.8zm-192 0h22.4c6.4 0 12.8-6.4 12.8-12.8V140.8c0-6.4-6.4-12.8-12.8-12.8h-22.4c-6.4 0-12.8 6.4-12.8 12.8v198.4c0 6.4 6.4 12.8 12.8 12.8zm96 0h22.4c6.4 0 12.8-6.4 12.8-12.8V204.8c0-6.4-6.4-12.8-12.8-12.8h-22.4c-6.4 0-12.8 6.4-12.8 12.8v134.4c0 6.4 6.4 12.8 12.8 12.8zM496 400H48V80c0-8.84-7.16-16-16-16H16C7.16 64 0 71.16 0 80v336c0 17.67 14.33 32 32 32h464c8.84 0 16-7.16 16-16v-16c0-8.84-7.16-16-16-16zm-387.2-48h22.4c6.4 0 12.8-6.4 12.8-12.8v-70.4c0-6.4-6.4-12.8-12.8-12.8h-22.4c-6.4 0-12.8 6.4-12.8 12.8v70.4c0 6.4 6.4 12.8 12.8 12.8z\" class=\"\"><\/path><\/svg><\/i> <img loading=\"lazy\" decoding=\"async\" width=\"16\" height=\"16\" alt=\"Loading\" src=\"https:\/\/temucotelevision.cl\/web\/wp-content\/plugins\/page-views-count\/ajax-loader-2x.gif\" border=0 \/><\/p><div class=\"pvc_clear\"><\/div>\n<ul class=\"wp-block-list\"><li><em>Este lunes era la fecha de entrega de los primeros ex\u00e1menes que se realiz\u00f3 la mitad de la C\u00e1mara de Diputados, pero seg\u00fan comentan algunos parlamentarios, el resultado se retrasar\u00eda<\/em><\/li><\/ul>\n\n\n\n<p>Cierta ansiedad se respira en los pasillos del Congreso ante la entrega de los resultados de los primeros ex\u00e1menes de drogas realizado a 78 parlamentarios. La informaci\u00f3n ser\u00e1 de car\u00e1cter p\u00fablico, pero no precisar\u00e1 qu\u00e9 tipo de estupefaciente o psicotr\u00f3pico fue detectado. Sin embargo, todo indicar\u00eda que la entrega de dichos resultados no se concretar\u00eda en la fecha acordada.&nbsp;<\/p>\n\n\n\n<p>El encargado de realizar el estudio fue el Laboratorio de an\u00e1lisis de Antidoping y Drogas de abuso de la Universidad de Chile, donde desde el 22 al 30 de agosto se tomaron las muestras, fij\u00e1ndose el 26 de septiembre como la fecha de entrega. Sin embargo, seg\u00fan trascendidos, la informaci\u00f3n no se obtendr\u00eda durante esta jornada, generando comentarios entre los parlamentarios.&nbsp;<\/p>\n\n\n\n<p>El diputado republicano Jos\u00e9 Meza critic\u00f3 el eventual atraso, asegurando que \u201clos resultados del test de drogas que la mitad de los parlamentarios nos realizamos debiese ser conocido el d\u00eda de hoy. Cualquier retraso en la entrega de estos resultados solo va a afectar la imagen p\u00fablica y el objetivo que nos trazamos al momento de autoimponernos esta obligaci\u00f3n, que era dar se\u00f1ales de transparencia a la ciudadan\u00eda\u201d, coment\u00f3 el parlamentario, agregando que \u201cun retraso solo va a afectar la imagen que tiene el Congreso frente a los chilenos\u201d.<\/p>\n\n\n\n<p>Su par de RN, Camila Flores, consider\u00f3 que la realizaci\u00f3n del test de drogas \u201ces una medida important\u00edsima de transparencia para la ciudadan\u00eda y as\u00ed conozcan realmente cu\u00e1l es el actuar&nbsp;&nbsp;de sus parlamentarios, que sepan quienes son consumidores de drogas y qui\u00e9nes no\u201d. En esa misma l\u00ednea, la parlamentaria lament\u00f3 el retraso asegurando que \u201cgenera incertidumbre y suspicacia por parte de la ciudadan\u00eda&#8221;. Espero que no se deba a nada en particular, sino que m\u00e1s bien tenga que ver quiz\u00e1s con la cantidad de test que tuvimos que realizar, que fueron 78 en total salvo 5 personas que no se quisieron hacer el test y recurrieron a la justicia, pero espero que se tengan los resultados a la brevedad posible, que no pase mucho tiempo porque sin lugar a dudas lo que menos queremos generar a la poblaci\u00f3n es incertidumbre\u201d. Finalmente, la congresista afirm\u00f3 que \u201cnecesitamos transparencia absoluta sobre todo en un tema tan sensible como es el consumo de drogas il\u00edcitas\u201d.<\/p>\n\n\n\n<p>En cuanto a quienes no se realizaron el test y que la parlamentaria hace referencia, se trata de las diputadas Marisela Santib\u00e1\u00f1ez, Ana Mar\u00eda Gazmuri, Clara Sagard\u00eda, Marcela Riquelme y Lorena Fries, quienes interpusieron un recurso de protecci\u00f3n ante la Corte Suprema alegando que se vulneraban las garant\u00edas constitucionales.&nbsp;<\/p>\n\n\n\n<p>El Laboratorio de la Universidad de Chile a\u00fan no se ha pronunciado sobre la hora de entrega de los resultados, pero seg\u00fan conversaciones de pasillo en el Congreso, la cantidad de ex\u00e1menes que se realiz\u00f3 habr\u00eda demorado los procesos de estudio, generando una mayor espera para poder contar con dicha informaci\u00f3n.<\/p>\n\n\n\n<p>Los 77 diputados restantes deb\u00edan iniciar su paso por el laboratorio la semana pasada hasta el 30 de septiembre, pero la toma de muestra se aplaz\u00f3, por lo que se anticipa que los resultados se den a conocer a fines de octubre.<\/p>\n","protected":false},"excerpt":{"rendered":"<div class=\"pvc_clear\"><\/div>\n<p id=\"pvc_stats_35548\" class=\"pvc_stats total_only  \" data-element-id=\"35548\" style=\"\"><i class=\"pvc-stats-icon large\" aria-hidden=\"true\"><svg aria-hidden=\"true\" focusable=\"false\" data-prefix=\"far\" data-icon=\"chart-bar\" role=\"img\" xmlns=\"http:\/\/www.w3.org\/2000\/svg\" viewBox=\"0 0 512 512\" class=\"svg-inline--fa fa-chart-bar fa-w-16 fa-2x\"><path fill=\"currentColor\" d=\"M396.8 352h22.4c6.4 0 12.8-6.4 12.8-12.8V108.8c0-6.4-6.4-12.8-12.8-12.8h-22.4c-6.4 0-12.8 6.4-12.8 12.8v230.4c0 6.4 6.4 12.8 12.8 12.8zm-192 0h22.4c6.4 0 12.8-6.4 12.8-12.8V140.8c0-6.4-6.4-12.8-12.8-12.8h-22.4c-6.4 0-12.8 6.4-12.8 12.8v198.4c0 6.4 6.4 12.8 12.8 12.8zm96 0h22.4c6.4 0 12.8-6.4 12.8-12.8V204.8c0-6.4-6.4-12.8-12.8-12.8h-22.4c-6.4 0-12.8 6.4-12.8 12.8v134.4c0 6.4 6.4 12.8 12.8 12.8zM496 400H48V80c0-8.84-7.16-16-16-16H16C7.16 64 0 71.16 0 80v336c0 17.67 14.33 32 32 32h464c8.84 0 16-7.16 16-16v-16c0-8.84-7.16-16-16-16zm-387.2-48h22.4c6.4 0 12.8-6.4 12.8-12.8v-70.4c0-6.4-6.4-12.8-12.8-12.8h-22.4c-6.4 0-12.8 6.4-12.8 12.8v70.4c0 6.4 6.4 12.8 12.8 12.8z\" class=\"\"><\/path><\/svg><\/i> <img loading=\"lazy\" decoding=\"async\" width=\"16\" height=\"16\" alt=\"Loading\" src=\"https:\/\/temucotelevision.cl\/web\/wp-content\/plugins\/page-views-count\/ajax-loader-2x.gif\" border=0 \/><\/p>\n<div class=\"pvc_clear\"><\/div>\n<p>Este lunes era la fecha de entrega de los primeros ex\u00e1menes que se realiz\u00f3 la mitad de la C\u00e1mara de<\/p>\n","protected":false},"author":1,"featured_media":35549,"comment_status":"open","ping_status":"open","sticky":false,"template":"","format":"standard","meta":{"colormag_page_container_layout":"default_layout","colormag_page_sidebar_layout":"default_layout","footnotes":""},"categories":[84],"tags":[171,77,168,233],"class_list":["post-35548","post","type-post","status-publish","format-standard","has-post-thumbnail","hentry","category-politica","tag-diputados","tag-drogas","tag-parlamentarios","tag-test"],"a3_pvc":{"activated":true,"total_views":38,"today_views":0},"_links":{"self":[{"href":"https:\/\/temucotelevision.cl\/web\/wp-json\/wp\/v2\/posts\/35548","targetHints":{"allow":["GET"]}}],"collection":[{"href":"https:\/\/temucotelevision.cl\/web\/wp-json\/wp\/v2\/posts"}],"about":[{"href":"https:\/\/temucotelevision.cl\/web\/wp-json\/wp\/v2\/types\/post"}],"author":[{"embeddable":true,"href":"https:\/\/temucotelevision.cl\/web\/wp-json\/wp\/v2\/users\/1"}],"replies":[{"embeddable":true,"href":"https:\/\/temucotelevision.cl\/web\/wp-json\/wp\/v2\/comments?post=35548"}],"version-history":[{"count":1,"href":"https:\/\/temucotelevision.cl\/web\/wp-json\/wp\/v2\/posts\/35548\/revisions"}],"predecessor-version":[{"id":35550,"href":"https:\/\/temucotelevision.cl\/web\/wp-json\/wp\/v2\/posts\/35548\/revisions\/35550"}],"wp:featuredmedia":[{"embeddable":true,"href":"https:\/\/temucotelevision.cl\/web\/wp-json\/wp\/v2\/media\/35549"}],"wp:attachment":[{"href":"https:\/\/temucotelevision.cl\/web\/wp-json\/wp\/v2\/media?parent=35548"}],"wp:term":[{"taxonomy":"category","embeddable":true,"href":"https:\/\/temucotelevision.cl\/web\/wp-json\/wp\/v2\/categories?post=35548"},{"taxonomy":"post_tag","embeddable":true,"href":"https:\/\/temucotelevision.cl\/web\/wp-json\/wp\/v2\/tags?post=35548"}],"curies":[{"name":"wp","href":"https:\/\/api.w.org\/{rel}","templated":true}]}}