{"id":35542,"date":"2022-09-26T20:08:01","date_gmt":"2022-09-26T23:08:01","guid":{"rendered":"https:\/\/temucotelevision.cl\/web\/?p=35542"},"modified":"2022-09-26T20:08:03","modified_gmt":"2022-09-26T23:08:03","slug":"impulsan-el-primer-libro-en-chile-de-moda-sustentable-para-ninos-y-ninas","status":"publish","type":"post","link":"https:\/\/temucotelevision.cl\/web\/2022\/09\/26\/impulsan-el-primer-libro-en-chile-de-moda-sustentable-para-ninos-y-ninas\/","title":{"rendered":"Impulsan el primer libro en Chile de moda sustentable para ni\u00f1os y ni\u00f1as"},"content":{"rendered":"<div class=\"pvc_clear\"><\/div><p id=\"pvc_stats_35542\" class=\"pvc_stats total_only  \" data-element-id=\"35542\" style=\"\"><i class=\"pvc-stats-icon large\" aria-hidden=\"true\"><svg aria-hidden=\"true\" focusable=\"false\" data-prefix=\"far\" data-icon=\"chart-bar\" role=\"img\" xmlns=\"http:\/\/www.w3.org\/2000\/svg\" viewBox=\"0 0 512 512\" class=\"svg-inline--fa fa-chart-bar fa-w-16 fa-2x\"><path fill=\"currentColor\" d=\"M396.8 352h22.4c6.4 0 12.8-6.4 12.8-12.8V108.8c0-6.4-6.4-12.8-12.8-12.8h-22.4c-6.4 0-12.8 6.4-12.8 12.8v230.4c0 6.4 6.4 12.8 12.8 12.8zm-192 0h22.4c6.4 0 12.8-6.4 12.8-12.8V140.8c0-6.4-6.4-12.8-12.8-12.8h-22.4c-6.4 0-12.8 6.4-12.8 12.8v198.4c0 6.4 6.4 12.8 12.8 12.8zm96 0h22.4c6.4 0 12.8-6.4 12.8-12.8V204.8c0-6.4-6.4-12.8-12.8-12.8h-22.4c-6.4 0-12.8 6.4-12.8 12.8v134.4c0 6.4 6.4 12.8 12.8 12.8zM496 400H48V80c0-8.84-7.16-16-16-16H16C7.16 64 0 71.16 0 80v336c0 17.67 14.33 32 32 32h464c8.84 0 16-7.16 16-16v-16c0-8.84-7.16-16-16-16zm-387.2-48h22.4c6.4 0 12.8-6.4 12.8-12.8v-70.4c0-6.4-6.4-12.8-12.8-12.8h-22.4c-6.4 0-12.8 6.4-12.8 12.8v70.4c0 6.4 6.4 12.8 12.8 12.8z\" class=\"\"><\/path><\/svg><\/i> <img loading=\"lazy\" decoding=\"async\" width=\"16\" height=\"16\" alt=\"Loading\" src=\"https:\/\/temucotelevision.cl\/web\/wp-content\/plugins\/page-views-count\/ajax-loader-2x.gif\" border=0 \/><\/p><div class=\"pvc_clear\"><\/div>\n<p>\u00b7&nbsp;&nbsp;&nbsp;&nbsp;&nbsp;&nbsp;&nbsp;&nbsp;&nbsp;\u201cReviviendo mil prendas\u201d es el nombre del libro de moda sustentable dedicado en su totalidad a ni\u00f1os y ni\u00f1as a partir de los seis a\u00f1os y que busca contribuir a la educaci\u00f3n ambiental, muy especialmente ante la emergencia clim\u00e1tica donde la ropa y el consumo desmedido son parte de los problemas.<\/p>\n\n\n\n<p>\u00b7&nbsp;&nbsp;&nbsp;&nbsp;&nbsp;&nbsp;&nbsp;&nbsp;&nbsp;El libro es un aporte educativo, con contenidos din\u00e1micos, entretenidos, con metodolog\u00edas amigables para generar mayor conciencia con el medio ambiente y que surgi\u00f3 como propuesta, del trabajo pr\u00e1ctico con ni\u00f1os y ni\u00f1as en el sur de Chile.<\/p>\n\n\n\n<p>Actualmente, en medio de cifras alarmistas relacionadas a los impactos ambientales, el calentamiento y crisis clim\u00e1ticas en el planeta, existen personas que est\u00e1n impulsando iniciativas para contribuir a trav\u00e9s de la educaci\u00f3n en la infancia y adolescencia, que buscan promover mayor conciencia y acci\u00f3n frente a estas realidades adversas.<\/p>\n\n\n\n<p>Una de ellas, es&nbsp;<strong>Daniela Seguel. Comunicadora temuquense que actualmente estudia Teatro en la Regi\u00f3n Metropolitana, quien desde hace m\u00e1s de seis a\u00f1os a trav\u00e9s de sus redes sociales @reviviendomilprendas<\/strong>, antes en formato blog, motiva a trav\u00e9s de m\u00faltiples iniciativas a tomar conciencia sobre el vestuario, llamando a transformar, intercambiar, reparar y alargar lo m\u00e1ximo el uso de las prendas.<\/p>\n\n\n\n<p>Para la comunicadora, de profesi\u00f3n Relacionadora P\u00fablica, \u201c<strong>La econom\u00eda y sociedad durante el \u00faltimo siglo ha estado acompa\u00f1ado de una degradaci\u00f3n medioambiental que est\u00e1 poniendo en peligro los mismos sistemas de los que depende nuestro desarrollo y futuro, por ende, nuestra supervivencia<\/strong>. As\u00ed lo han se\u00f1alado diversos organismos expertos de Naciones Unidas en materias ambientales, cambio clim\u00e1tico y desarrollo sostentible\u201d, enfatiza Seguel.<\/p>\n\n\n\n<p>Tambi\u00e9n indica: \u201c<strong>El vestuario, no queda ajeno a los impactos negativos ambientales. Menos del 1% del material utilizado para producir ropa se recicla en nueva<\/strong>, seg\u00fan un estudio de Ellen MacArthur Foundation. Otro estudio de la misma fundaci\u00f3n se\u00f1ala que,&nbsp;<strong>la cantidad de veces que utilizamos nuestra ropa ha deca\u00eddo en un 36% durante los \u00faltimos 15 a\u00f1os. Estas cifras reflejan la importancia y urgencia de realizar acciones para mitigar los impactos negativos y educar sobre problem\u00e1ticas que involucran la ropa y el consumo desmedido<\/strong>\u201d, indica la comunicadora.<\/p>\n\n\n\n<p><strong>\u201cReviviendo mil prendas\u201d: El primer libro para ni\u00f1os y ni\u00f1as de moda sustentable<\/strong><\/p>\n\n\n\n<p>Daniela Seguel hoy est\u00e1 con un nuevo desaf\u00edo,<strong>&nbsp;impulsando el primer libro de moda sustentable para ni\u00f1os y ni\u00f1as,<\/strong>&nbsp;tarea que no ha sido para nada f\u00e1cil.<\/p>\n\n\n\n<p><em>\u201cConcretar el libro fue un proceso de a\u00f1os y en alg\u00fan momento bastante desesperanzador. Fondos p\u00fablicos no adjudicados, puertas cerradas para su financiamiento, entre otras cosas. Pero, mi convicci\u00f3n no se detuvo. Si a los ni\u00f1os y ni\u00f1as les ense\u00f1amos desde temprana edad a cuidar, reparar y transformar la ropa, cuando crezcan, no la ver\u00e1n \u201cdesechable\u201d, tendr\u00e1n las competencias para alargar su uso y se convertir\u00e1n en agentes de cambio. No tengo dudas\u201d, sostiene la comunicadora.<\/em><\/p>\n\n\n\n<p>Parte de la inspiraci\u00f3n para impulsar este libro, fue la experiencia que tuvo el a\u00f1o 2018 en un taller de moda sustentable para ni\u00f1os y ni\u00f1as en una Escuela Municipal de su oriunda ciudad, donde las y los estudiantes fueron su motivaci\u00f3n, \u201cal ver el compromiso y entusiasmo por revivir prendas. Desde all\u00ed surge la idea de crear materiales did\u00e1cticos\u201d, resalta la creadora de Reviviendo Mil Prendas.<\/p>\n\n\n\n<p><strong>\u201cReviviendo mil prendas\u201d es el nombre del libro de moda sustentable dedicado en su totalidad a ni\u00f1os y ni\u00f1as a partir de los seis a\u00f1os<\/strong>, que cuenta con el respaldo de la Red de Egresados de la Universidad Aut\u00f3noma de Chile.<\/p>\n\n\n\n<p>En \u00e9l se encuentra&nbsp;<strong>un cuento con entretenidos personajes, dividido en una metodolog\u00eda de nueve fases que ayudar\u00e1n a las personas lectoras a tener un cl\u00f3set m\u00e1s consciente. Tambi\u00e9n, contiene consejos, cifras, diversos materiales did\u00e1cticos, juegos, tutoriales, cuestionarios<\/strong>, entre otros.<\/p>\n\n\n\n<p>Cabe recalcar que las llamativas ilustraciones est\u00e1n a cargo de @capitandibujo y material audiovisual que prontamente se publicar\u00e1 en las redes de la escritora, creados por @el.restaurador.<\/p>\n\n\n\n<p><strong>La editorial que impulsa el proyecto es \u201cTrayecto\u201d,<\/strong>&nbsp;<strong>p\u00e1gina donde se puede encontrar actualmente la preventa en&nbsp;<\/strong><a href=\"https:\/\/www.trayecto.cl\/producto\/reviviendo-mil-prendas-preventa-envios-desde-el-23-de-octubre\/\" target=\"_blank\" rel=\"noreferrer noopener\"><strong>https:\/\/www.trayecto.cl\/producto\/reviviendo-mil-prendas-preventa-envios-desde-el-23-de-octubre\/<\/strong><\/a><strong>&nbsp; con env\u00edos desde el 23 de octubre y prontamente en librer\u00edas de todo el pa\u00eds<\/strong>.&nbsp;<\/p>\n","protected":false},"excerpt":{"rendered":"<div class=\"pvc_clear\"><\/div>\n<p id=\"pvc_stats_35542\" class=\"pvc_stats total_only  \" data-element-id=\"35542\" style=\"\"><i class=\"pvc-stats-icon large\" aria-hidden=\"true\"><svg aria-hidden=\"true\" focusable=\"false\" data-prefix=\"far\" data-icon=\"chart-bar\" role=\"img\" xmlns=\"http:\/\/www.w3.org\/2000\/svg\" viewBox=\"0 0 512 512\" class=\"svg-inline--fa fa-chart-bar fa-w-16 fa-2x\"><path fill=\"currentColor\" d=\"M396.8 352h22.4c6.4 0 12.8-6.4 12.8-12.8V108.8c0-6.4-6.4-12.8-12.8-12.8h-22.4c-6.4 0-12.8 6.4-12.8 12.8v230.4c0 6.4 6.4 12.8 12.8 12.8zm-192 0h22.4c6.4 0 12.8-6.4 12.8-12.8V140.8c0-6.4-6.4-12.8-12.8-12.8h-22.4c-6.4 0-12.8 6.4-12.8 12.8v198.4c0 6.4 6.4 12.8 12.8 12.8zm96 0h22.4c6.4 0 12.8-6.4 12.8-12.8V204.8c0-6.4-6.4-12.8-12.8-12.8h-22.4c-6.4 0-12.8 6.4-12.8 12.8v134.4c0 6.4 6.4 12.8 12.8 12.8zM496 400H48V80c0-8.84-7.16-16-16-16H16C7.16 64 0 71.16 0 80v336c0 17.67 14.33 32 32 32h464c8.84 0 16-7.16 16-16v-16c0-8.84-7.16-16-16-16zm-387.2-48h22.4c6.4 0 12.8-6.4 12.8-12.8v-70.4c0-6.4-6.4-12.8-12.8-12.8h-22.4c-6.4 0-12.8 6.4-12.8 12.8v70.4c0 6.4 6.4 12.8 12.8 12.8z\" class=\"\"><\/path><\/svg><\/i> <img loading=\"lazy\" decoding=\"async\" width=\"16\" height=\"16\" alt=\"Loading\" src=\"https:\/\/temucotelevision.cl\/web\/wp-content\/plugins\/page-views-count\/ajax-loader-2x.gif\" border=0 \/><\/p>\n<div class=\"pvc_clear\"><\/div>\n<p>\u00b7&nbsp;&nbsp;&nbsp;&nbsp;&nbsp;&nbsp;&nbsp;&nbsp;&nbsp;\u201cReviviendo mil prendas\u201d es el nombre del libro de moda sustentable dedicado en su totalidad a ni\u00f1os y ni\u00f1as a<\/p>\n","protected":false},"author":1,"featured_media":35543,"comment_status":"open","ping_status":"open","sticky":false,"template":"","format":"standard","meta":{"colormag_page_container_layout":"default_layout","colormag_page_sidebar_layout":"default_layout","footnotes":""},"categories":[101,18,14],"tags":[1273,3801,5670],"class_list":["post-35542","post","type-post","status-publish","format-standard","has-post-thumbnail","hentry","category-actualidad","category-nacional","category-temuco","tag-libro","tag-nins","tag-sustentable"],"a3_pvc":{"activated":true,"total_views":50,"today_views":0},"_links":{"self":[{"href":"https:\/\/temucotelevision.cl\/web\/wp-json\/wp\/v2\/posts\/35542","targetHints":{"allow":["GET"]}}],"collection":[{"href":"https:\/\/temucotelevision.cl\/web\/wp-json\/wp\/v2\/posts"}],"about":[{"href":"https:\/\/temucotelevision.cl\/web\/wp-json\/wp\/v2\/types\/post"}],"author":[{"embeddable":true,"href":"https:\/\/temucotelevision.cl\/web\/wp-json\/wp\/v2\/users\/1"}],"replies":[{"embeddable":true,"href":"https:\/\/temucotelevision.cl\/web\/wp-json\/wp\/v2\/comments?post=35542"}],"version-history":[{"count":1,"href":"https:\/\/temucotelevision.cl\/web\/wp-json\/wp\/v2\/posts\/35542\/revisions"}],"predecessor-version":[{"id":35544,"href":"https:\/\/temucotelevision.cl\/web\/wp-json\/wp\/v2\/posts\/35542\/revisions\/35544"}],"wp:featuredmedia":[{"embeddable":true,"href":"https:\/\/temucotelevision.cl\/web\/wp-json\/wp\/v2\/media\/35543"}],"wp:attachment":[{"href":"https:\/\/temucotelevision.cl\/web\/wp-json\/wp\/v2\/media?parent=35542"}],"wp:term":[{"taxonomy":"category","embeddable":true,"href":"https:\/\/temucotelevision.cl\/web\/wp-json\/wp\/v2\/categories?post=35542"},{"taxonomy":"post_tag","embeddable":true,"href":"https:\/\/temucotelevision.cl\/web\/wp-json\/wp\/v2\/tags?post=35542"}],"curies":[{"name":"wp","href":"https:\/\/api.w.org\/{rel}","templated":true}]}}