{"id":35540,"date":"2022-09-26T15:07:04","date_gmt":"2022-09-26T18:07:04","guid":{"rendered":"https:\/\/temucotelevision.cl\/web\/?p=35540"},"modified":"2022-09-26T15:07:05","modified_gmt":"2022-09-26T18:07:05","slug":"fundacion-araucaniaprende-fortalece-ensenanza-de-la-lectura-sumando-2-nuevos-cursos-a-su-oferta-de-perfeccionamiento-docente","status":"publish","type":"post","link":"https:\/\/temucotelevision.cl\/web\/2022\/09\/26\/fundacion-araucaniaprende-fortalece-ensenanza-de-la-lectura-sumando-2-nuevos-cursos-a-su-oferta-de-perfeccionamiento-docente\/","title":{"rendered":"Fundaci\u00f3n Araucan\u00edAprende fortalece ense\u00f1anza de la lectura sumando 2 nuevos cursos a su oferta de perfeccionamiento docente"},"content":{"rendered":"<div class=\"pvc_clear\"><\/div><p id=\"pvc_stats_35540\" class=\"pvc_stats total_only  \" data-element-id=\"35540\" style=\"\"><i class=\"pvc-stats-icon large\" aria-hidden=\"true\"><svg aria-hidden=\"true\" focusable=\"false\" data-prefix=\"far\" data-icon=\"chart-bar\" role=\"img\" xmlns=\"http:\/\/www.w3.org\/2000\/svg\" viewBox=\"0 0 512 512\" class=\"svg-inline--fa fa-chart-bar fa-w-16 fa-2x\"><path fill=\"currentColor\" d=\"M396.8 352h22.4c6.4 0 12.8-6.4 12.8-12.8V108.8c0-6.4-6.4-12.8-12.8-12.8h-22.4c-6.4 0-12.8 6.4-12.8 12.8v230.4c0 6.4 6.4 12.8 12.8 12.8zm-192 0h22.4c6.4 0 12.8-6.4 12.8-12.8V140.8c0-6.4-6.4-12.8-12.8-12.8h-22.4c-6.4 0-12.8 6.4-12.8 12.8v198.4c0 6.4 6.4 12.8 12.8 12.8zm96 0h22.4c6.4 0 12.8-6.4 12.8-12.8V204.8c0-6.4-6.4-12.8-12.8-12.8h-22.4c-6.4 0-12.8 6.4-12.8 12.8v134.4c0 6.4 6.4 12.8 12.8 12.8zM496 400H48V80c0-8.84-7.16-16-16-16H16C7.16 64 0 71.16 0 80v336c0 17.67 14.33 32 32 32h464c8.84 0 16-7.16 16-16v-16c0-8.84-7.16-16-16-16zm-387.2-48h22.4c6.4 0 12.8-6.4 12.8-12.8v-70.4c0-6.4-6.4-12.8-12.8-12.8h-22.4c-6.4 0-12.8 6.4-12.8 12.8v70.4c0 6.4 6.4 12.8 12.8 12.8z\" class=\"\"><\/path><\/svg><\/i> <img loading=\"lazy\" decoding=\"async\" width=\"16\" height=\"16\" alt=\"Loading\" src=\"https:\/\/temucotelevision.cl\/web\/wp-content\/plugins\/page-views-count\/ajax-loader-2x.gif\" border=0 \/><\/p><div class=\"pvc_clear\"><\/div>\n<p>Adecu\u00e1ndose a las actuales necesidades de formaci\u00f3n que hoy tienen los docentes e innovando producto de los cambios educativos que gener\u00f3 la pandemia, hace 3 a\u00f1os que Fundaci\u00f3n Araucan\u00edAprende a trav\u00e9s de su Direcci\u00f3n de Capacitaci\u00f3n ha trabajado en programas de perfeccionamiento para fomentar la ense\u00f1anza y el aprendizaje de la lectura.<\/p>\n\n\n\n<p>La mirada prospectiva que en una primera etapa se plasm\u00f3 en el Diplomado&nbsp;\u201cDesarrollo de estrategias para la ense\u00f1anza de la lectura y comprensi\u00f3n bajo el modelo cognitivo de Mckenna y Stahl\u201d-que desde agosto se imparte en su segundaversi\u00f3n en el aula virtual de la Fundaci\u00f3n- se extendi\u00f3 a dos nuevos cursos: \u201c<strong>Entendiendo la ense\u00f1anza de la lectura desde las neurociencias\u201d y \u201cEstrategias para la ense\u00f1anza de la escritura en educaci\u00f3n inicial\u201d.<\/strong><\/p>\n\n\n\n<p>Las nuevas propuestas formativas surgieron del compromiso de Araucan\u00edAprende por apoyar a profesores en la ense\u00f1anza de la lectura y al mismo tiempo, del inter\u00e9s que el Diplomado gener\u00f3 en quienes lo cursaron, por seguir perfeccion\u00e1ndose con nuevos programas generados desde la Direcci\u00f3n de Capacitaci\u00f3n de Fundaci\u00f3n Araucan\u00edAprende.<\/p>\n\n\n\n<p><strong>Nuevas propuestas formativas<\/strong><\/p>\n\n\n\n<p>Cada curso de la propuesta 2022, se impartir\u00e1 online a trav\u00e9s del aula virtual de la Fundaci\u00f3n. Durante 5 semanas-tiempo de duraci\u00f3n de cada curso-y en 30 horas pedag\u00f3gicas, los participantes profundizar\u00e1n en los contenidos y estrategias de los programas por los cuales opten por inscribirse.&nbsp;<\/p>\n\n\n\n<p>De esta forma, quienes decidan tomar el curso&nbsp;<strong>\u201cEntendiendo la ense\u00f1anza de la lectura desde las neurociencias\u201d<\/strong><strong>, podr\u00e1n visualizar c\u00f3mo se produce internamente el aprendizaje lector para que, gracias a las neurociencias comprendan y tomen decisiones a la hora de ense\u00f1ar la lectura, de acuerdo con el funcionamiento cerebral, el contexto, las caracter\u00edsticas y las necesidades individuales de sus alumnos. Este curso cuenta con un m\u00f3dulo de inducci\u00f3n, en el que se gu\u00eda a los participantes en el uso y navegaci\u00f3n del aula virtual, a lo que se incorpora un diagn\u00f3stico. Se suman 4 m\u00f3dulos tem\u00e1ticos: aprendizaje lector y neurociencias; aplicando las emociones y motivaci\u00f3n en la ense\u00f1anza de la lectura; aplicando la atenci\u00f3n y percepci\u00f3n en la ense\u00f1anza de la lectura y aplicando las funciones ejecutivas en la ense\u00f1anza de la lectura, para finalizar con un m\u00f3dulo integrador denominado an\u00e1lisis contextual de la lectura desde las neurociencias.<\/strong><\/p>\n\n\n\n<p><strong>En tanto, los participantes del curso&nbsp;\u201cEstrategias para la ense\u00f1anza de la escritura en educaci\u00f3n inicial\u201d<\/strong><strong>, podr\u00e1n intencionar su ense\u00f1anza luego de conocer y comprender a sus estudiantes, aplicando estrategias cognitivas para la ense\u00f1anza de la lectura. Al igual que el curso anterior, cuenta con un m\u00f3dulo de inducci\u00f3n y 4 m\u00f3dulos tem\u00e1ticos: procesos cognitivos y ling\u00fc\u00edsticos relacionados a la escritura; estrategias para la escritura inicial y bases curriculares de educaci\u00f3n parvularia; estrategias para la escritura inicial y normativa vigente de 1\u00b0 a\u00f1o de educaci\u00f3n b\u00e1sica y el m\u00f3dulo estrategias de escritura creativa, para dar cierre al curso con el m\u00f3dulo integrador an\u00e1lisis contextual de las estrategias de escritura.<\/strong><\/p>\n\n\n\n<p><strong>Ambos cursos integran la mejor metodolog\u00eda de aprendizaje desarrollada por el equipo de capacitaci\u00f3n, con una plataforma amigable, una ruta de aprendizaje clara, acompa\u00f1amiento docente, masterclass impartidas por expertos, recursos interactivos y descargables, gamificaci\u00f3n y flexibilidad. Con \u00e9nfasis en que los conocimientos se construyen a partir de la experimentaci\u00f3n y vivencia, lo que es posible a trav\u00e9s del an\u00e1lisis, di\u00e1logo, reflexi\u00f3n, trabajo grupal y sistematizaci\u00f3n de lo vivido, por lo que los participantes de cada curso vivir\u00e1n una experiencia formativa que marcar\u00e1 su labor educativa en la ense\u00f1anza de la lectura.<\/strong><\/p>\n\n\n\n<p><strong>Los interesados en recibir informaci\u00f3n de cada curso que inicia el 12 de octubre pueden escribir a&nbsp;<\/strong><img decoding=\"async\" alt=\"\ud83d\udce7\" src=\"https:\/\/fonts.gstatic.com\/s\/e\/notoemoji\/14.0\/1f4e7\/72.png\">&nbsp;<a href=\"mailto:perfeccionamiento@araucaniaprende.cl\" target=\"_blank\" rel=\"noreferrer noopener\">perfeccionamiento@araucaniaprende.cl<\/a>, el equipo de capacitaci\u00f3n est\u00e1 preparado para recibir todas sus consultas y para asesorarlos en el proceso de selecci\u00f3n del curso que mejor se ajuste a sus necesidades de perfeccionamiento.<\/p>\n","protected":false},"excerpt":{"rendered":"<div class=\"pvc_clear\"><\/div>\n<p id=\"pvc_stats_35540\" class=\"pvc_stats total_only  \" data-element-id=\"35540\" style=\"\"><i class=\"pvc-stats-icon large\" aria-hidden=\"true\"><svg aria-hidden=\"true\" focusable=\"false\" data-prefix=\"far\" data-icon=\"chart-bar\" role=\"img\" xmlns=\"http:\/\/www.w3.org\/2000\/svg\" viewBox=\"0 0 512 512\" class=\"svg-inline--fa fa-chart-bar fa-w-16 fa-2x\"><path fill=\"currentColor\" d=\"M396.8 352h22.4c6.4 0 12.8-6.4 12.8-12.8V108.8c0-6.4-6.4-12.8-12.8-12.8h-22.4c-6.4 0-12.8 6.4-12.8 12.8v230.4c0 6.4 6.4 12.8 12.8 12.8zm-192 0h22.4c6.4 0 12.8-6.4 12.8-12.8V140.8c0-6.4-6.4-12.8-12.8-12.8h-22.4c-6.4 0-12.8 6.4-12.8 12.8v198.4c0 6.4 6.4 12.8 12.8 12.8zm96 0h22.4c6.4 0 12.8-6.4 12.8-12.8V204.8c0-6.4-6.4-12.8-12.8-12.8h-22.4c-6.4 0-12.8 6.4-12.8 12.8v134.4c0 6.4 6.4 12.8 12.8 12.8zM496 400H48V80c0-8.84-7.16-16-16-16H16C7.16 64 0 71.16 0 80v336c0 17.67 14.33 32 32 32h464c8.84 0 16-7.16 16-16v-16c0-8.84-7.16-16-16-16zm-387.2-48h22.4c6.4 0 12.8-6.4 12.8-12.8v-70.4c0-6.4-6.4-12.8-12.8-12.8h-22.4c-6.4 0-12.8 6.4-12.8 12.8v70.4c0 6.4 6.4 12.8 12.8 12.8z\" class=\"\"><\/path><\/svg><\/i> <img loading=\"lazy\" decoding=\"async\" width=\"16\" height=\"16\" alt=\"Loading\" src=\"https:\/\/temucotelevision.cl\/web\/wp-content\/plugins\/page-views-count\/ajax-loader-2x.gif\" border=0 \/><\/p>\n<div class=\"pvc_clear\"><\/div>\n<p>Adecu\u00e1ndose a las actuales necesidades de formaci\u00f3n que hoy tienen los docentes e innovando producto de los cambios educativos que<\/p>\n","protected":false},"author":1,"featured_media":24634,"comment_status":"open","ping_status":"open","sticky":false,"template":"","format":"standard","meta":{"colormag_page_container_layout":"default_layout","colormag_page_sidebar_layout":"default_layout","footnotes":""},"categories":[101],"tags":[2355,1572,5481,1716,1961],"class_list":["post-35540","post","type-post","status-publish","format-standard","has-post-thumbnail","hentry","category-actualidad","tag-cursos","tag-docente","tag-ensenanza","tag-fundacion","tag-oferta"],"a3_pvc":{"activated":true,"total_views":476,"today_views":0},"_links":{"self":[{"href":"https:\/\/temucotelevision.cl\/web\/wp-json\/wp\/v2\/posts\/35540","targetHints":{"allow":["GET"]}}],"collection":[{"href":"https:\/\/temucotelevision.cl\/web\/wp-json\/wp\/v2\/posts"}],"about":[{"href":"https:\/\/temucotelevision.cl\/web\/wp-json\/wp\/v2\/types\/post"}],"author":[{"embeddable":true,"href":"https:\/\/temucotelevision.cl\/web\/wp-json\/wp\/v2\/users\/1"}],"replies":[{"embeddable":true,"href":"https:\/\/temucotelevision.cl\/web\/wp-json\/wp\/v2\/comments?post=35540"}],"version-history":[{"count":1,"href":"https:\/\/temucotelevision.cl\/web\/wp-json\/wp\/v2\/posts\/35540\/revisions"}],"predecessor-version":[{"id":35541,"href":"https:\/\/temucotelevision.cl\/web\/wp-json\/wp\/v2\/posts\/35540\/revisions\/35541"}],"wp:featuredmedia":[{"embeddable":true,"href":"https:\/\/temucotelevision.cl\/web\/wp-json\/wp\/v2\/media\/24634"}],"wp:attachment":[{"href":"https:\/\/temucotelevision.cl\/web\/wp-json\/wp\/v2\/media?parent=35540"}],"wp:term":[{"taxonomy":"category","embeddable":true,"href":"https:\/\/temucotelevision.cl\/web\/wp-json\/wp\/v2\/categories?post=35540"},{"taxonomy":"post_tag","embeddable":true,"href":"https:\/\/temucotelevision.cl\/web\/wp-json\/wp\/v2\/tags?post=35540"}],"curies":[{"name":"wp","href":"https:\/\/api.w.org\/{rel}","templated":true}]}}