{"id":35537,"date":"2022-09-26T14:47:31","date_gmt":"2022-09-26T17:47:31","guid":{"rendered":"https:\/\/temucotelevision.cl\/web\/?p=35537"},"modified":"2022-09-26T14:47:32","modified_gmt":"2022-09-26T17:47:32","slug":"con-operativo-medico-hospital-de-temuco-busca-avanzar-en-lista-de-espera-de-colonoscopia-con-prioridad-ges","status":"publish","type":"post","link":"https:\/\/temucotelevision.cl\/web\/2022\/09\/26\/con-operativo-medico-hospital-de-temuco-busca-avanzar-en-lista-de-espera-de-colonoscopia-con-prioridad-ges\/","title":{"rendered":"Con operativo m\u00e9dico Hospital de Temuco busca avanzar en lista de espera de colonoscop\u00eda con prioridad GES"},"content":{"rendered":"<div class=\"pvc_clear\"><\/div><p id=\"pvc_stats_35537\" class=\"pvc_stats total_only  \" data-element-id=\"35537\" style=\"\"><i class=\"pvc-stats-icon large\" aria-hidden=\"true\"><svg aria-hidden=\"true\" focusable=\"false\" data-prefix=\"far\" data-icon=\"chart-bar\" role=\"img\" xmlns=\"http:\/\/www.w3.org\/2000\/svg\" viewBox=\"0 0 512 512\" class=\"svg-inline--fa fa-chart-bar fa-w-16 fa-2x\"><path fill=\"currentColor\" d=\"M396.8 352h22.4c6.4 0 12.8-6.4 12.8-12.8V108.8c0-6.4-6.4-12.8-12.8-12.8h-22.4c-6.4 0-12.8 6.4-12.8 12.8v230.4c0 6.4 6.4 12.8 12.8 12.8zm-192 0h22.4c6.4 0 12.8-6.4 12.8-12.8V140.8c0-6.4-6.4-12.8-12.8-12.8h-22.4c-6.4 0-12.8 6.4-12.8 12.8v198.4c0 6.4 6.4 12.8 12.8 12.8zm96 0h22.4c6.4 0 12.8-6.4 12.8-12.8V204.8c0-6.4-6.4-12.8-12.8-12.8h-22.4c-6.4 0-12.8 6.4-12.8 12.8v134.4c0 6.4 6.4 12.8 12.8 12.8zM496 400H48V80c0-8.84-7.16-16-16-16H16C7.16 64 0 71.16 0 80v336c0 17.67 14.33 32 32 32h464c8.84 0 16-7.16 16-16v-16c0-8.84-7.16-16-16-16zm-387.2-48h22.4c6.4 0 12.8-6.4 12.8-12.8v-70.4c0-6.4-6.4-12.8-12.8-12.8h-22.4c-6.4 0-12.8 6.4-12.8 12.8v70.4c0 6.4 6.4 12.8 12.8 12.8z\" class=\"\"><\/path><\/svg><\/i> <img loading=\"lazy\" decoding=\"async\" width=\"16\" height=\"16\" alt=\"Loading\" src=\"https:\/\/temucotelevision.cl\/web\/wp-content\/plugins\/page-views-count\/ajax-loader-2x.gif\" border=0 \/><\/p><div class=\"pvc_clear\"><\/div>\n<p>Este s\u00e1bado, 24 de septiembre, funcionarios del Servicio de Endoscopia participaron del operativo m\u00e9dico que busca avanzar en la disminuci\u00f3n de la lista de espera GES de\u00a0<a href=\"https:\/\/www.instagram.com\/explore\/tags\/colonoscop%C3%ADa\/\">Colonoscop\u00eda<\/a>. Enfermeras, Tens, Administrativos, Auxiliares y M\u00e9dicos atendieron a 20 pacientes GES, aproxim\u00e1ndose a la meta de resolver un total de 40 usuarios en el mes de septiembre.<br><br>De acuerdo con lo expresado por el Dr. Rolando Sep\u00falveda Cort\u00e9s, m\u00e9dico gastroenter\u00f3logo e integrante del Servicio de\u00a0<a href=\"https:\/\/www.instagram.com\/explore\/tags\/endoscop%C3%ADa\/\">Endoscop\u00eda<\/a>. \u201cSabemos que la lista de espera de procedimientos endosc\u00f3picos en Temuco y la Regi\u00f3n es muy amplia, pero esperamos que, con este esfuerzo del equipo, dar respuesta a los m\u00e1s prioritarios y organizarnos de aqu\u00ed al futuro para resolver y dar respuesta al resto de nuestros pacientes de\u00a0<a href=\"https:\/\/www.instagram.com\/explore\/tags\/temuco\/\">Temuco<\/a>\u00a0y de la regi\u00f3n tambi\u00e9n&#8221;.\u00a0<\/p>\n","protected":false},"excerpt":{"rendered":"<div class=\"pvc_clear\"><\/div>\n<p id=\"pvc_stats_35537\" class=\"pvc_stats total_only  \" data-element-id=\"35537\" style=\"\"><i class=\"pvc-stats-icon large\" aria-hidden=\"true\"><svg aria-hidden=\"true\" focusable=\"false\" data-prefix=\"far\" data-icon=\"chart-bar\" role=\"img\" xmlns=\"http:\/\/www.w3.org\/2000\/svg\" viewBox=\"0 0 512 512\" class=\"svg-inline--fa fa-chart-bar fa-w-16 fa-2x\"><path fill=\"currentColor\" d=\"M396.8 352h22.4c6.4 0 12.8-6.4 12.8-12.8V108.8c0-6.4-6.4-12.8-12.8-12.8h-22.4c-6.4 0-12.8 6.4-12.8 12.8v230.4c0 6.4 6.4 12.8 12.8 12.8zm-192 0h22.4c6.4 0 12.8-6.4 12.8-12.8V140.8c0-6.4-6.4-12.8-12.8-12.8h-22.4c-6.4 0-12.8 6.4-12.8 12.8v198.4c0 6.4 6.4 12.8 12.8 12.8zm96 0h22.4c6.4 0 12.8-6.4 12.8-12.8V204.8c0-6.4-6.4-12.8-12.8-12.8h-22.4c-6.4 0-12.8 6.4-12.8 12.8v134.4c0 6.4 6.4 12.8 12.8 12.8zM496 400H48V80c0-8.84-7.16-16-16-16H16C7.16 64 0 71.16 0 80v336c0 17.67 14.33 32 32 32h464c8.84 0 16-7.16 16-16v-16c0-8.84-7.16-16-16-16zm-387.2-48h22.4c6.4 0 12.8-6.4 12.8-12.8v-70.4c0-6.4-6.4-12.8-12.8-12.8h-22.4c-6.4 0-12.8 6.4-12.8 12.8v70.4c0 6.4 6.4 12.8 12.8 12.8z\" class=\"\"><\/path><\/svg><\/i> <img loading=\"lazy\" decoding=\"async\" width=\"16\" height=\"16\" alt=\"Loading\" src=\"https:\/\/temucotelevision.cl\/web\/wp-content\/plugins\/page-views-count\/ajax-loader-2x.gif\" border=0 \/><\/p>\n<div class=\"pvc_clear\"><\/div>\n<p>Este s\u00e1bado, 24 de septiembre, funcionarios del Servicio de Endoscopia participaron del operativo m\u00e9dico que busca avanzar en la disminuci\u00f3n<\/p>\n","protected":false},"author":1,"featured_media":35538,"comment_status":"open","ping_status":"open","sticky":false,"template":"","format":"standard","meta":{"colormag_page_container_layout":"default_layout","colormag_page_sidebar_layout":"default_layout","footnotes":""},"categories":[14],"tags":[5817,5818,128,133],"class_list":["post-35537","post","type-post","status-publish","format-standard","has-post-thumbnail","hentry","category-temuco","tag-colonoscopia","tag-ges","tag-hospital","tag-operativo"],"a3_pvc":{"activated":true,"total_views":60,"today_views":0},"_links":{"self":[{"href":"https:\/\/temucotelevision.cl\/web\/wp-json\/wp\/v2\/posts\/35537","targetHints":{"allow":["GET"]}}],"collection":[{"href":"https:\/\/temucotelevision.cl\/web\/wp-json\/wp\/v2\/posts"}],"about":[{"href":"https:\/\/temucotelevision.cl\/web\/wp-json\/wp\/v2\/types\/post"}],"author":[{"embeddable":true,"href":"https:\/\/temucotelevision.cl\/web\/wp-json\/wp\/v2\/users\/1"}],"replies":[{"embeddable":true,"href":"https:\/\/temucotelevision.cl\/web\/wp-json\/wp\/v2\/comments?post=35537"}],"version-history":[{"count":1,"href":"https:\/\/temucotelevision.cl\/web\/wp-json\/wp\/v2\/posts\/35537\/revisions"}],"predecessor-version":[{"id":35539,"href":"https:\/\/temucotelevision.cl\/web\/wp-json\/wp\/v2\/posts\/35537\/revisions\/35539"}],"wp:featuredmedia":[{"embeddable":true,"href":"https:\/\/temucotelevision.cl\/web\/wp-json\/wp\/v2\/media\/35538"}],"wp:attachment":[{"href":"https:\/\/temucotelevision.cl\/web\/wp-json\/wp\/v2\/media?parent=35537"}],"wp:term":[{"taxonomy":"category","embeddable":true,"href":"https:\/\/temucotelevision.cl\/web\/wp-json\/wp\/v2\/categories?post=35537"},{"taxonomy":"post_tag","embeddable":true,"href":"https:\/\/temucotelevision.cl\/web\/wp-json\/wp\/v2\/tags?post=35537"}],"curies":[{"name":"wp","href":"https:\/\/api.w.org\/{rel}","templated":true}]}}