{"id":35529,"date":"2022-09-26T14:22:44","date_gmt":"2022-09-26T17:22:44","guid":{"rendered":"https:\/\/temucotelevision.cl\/web\/?p=35529"},"modified":"2022-09-26T14:22:44","modified_gmt":"2022-09-26T17:22:44","slug":"en-vilcun-diran-bienvenida-primavera-con-evento-de-mujer-y-deporte","status":"publish","type":"post","link":"https:\/\/temucotelevision.cl\/web\/2022\/09\/26\/en-vilcun-diran-bienvenida-primavera-con-evento-de-mujer-y-deporte\/","title":{"rendered":"En Vilc\u00fan dir\u00e1n \u201cBienvenida Primavera\u201d con evento de mujer y deporte"},"content":{"rendered":"<div class=\"pvc_clear\"><\/div><p id=\"pvc_stats_35529\" class=\"pvc_stats total_only  \" data-element-id=\"35529\" style=\"\"><i class=\"pvc-stats-icon large\" aria-hidden=\"true\"><svg aria-hidden=\"true\" focusable=\"false\" data-prefix=\"far\" data-icon=\"chart-bar\" role=\"img\" xmlns=\"http:\/\/www.w3.org\/2000\/svg\" viewBox=\"0 0 512 512\" class=\"svg-inline--fa fa-chart-bar fa-w-16 fa-2x\"><path fill=\"currentColor\" d=\"M396.8 352h22.4c6.4 0 12.8-6.4 12.8-12.8V108.8c0-6.4-6.4-12.8-12.8-12.8h-22.4c-6.4 0-12.8 6.4-12.8 12.8v230.4c0 6.4 6.4 12.8 12.8 12.8zm-192 0h22.4c6.4 0 12.8-6.4 12.8-12.8V140.8c0-6.4-6.4-12.8-12.8-12.8h-22.4c-6.4 0-12.8 6.4-12.8 12.8v198.4c0 6.4 6.4 12.8 12.8 12.8zm96 0h22.4c6.4 0 12.8-6.4 12.8-12.8V204.8c0-6.4-6.4-12.8-12.8-12.8h-22.4c-6.4 0-12.8 6.4-12.8 12.8v134.4c0 6.4 6.4 12.8 12.8 12.8zM496 400H48V80c0-8.84-7.16-16-16-16H16C7.16 64 0 71.16 0 80v336c0 17.67 14.33 32 32 32h464c8.84 0 16-7.16 16-16v-16c0-8.84-7.16-16-16-16zm-387.2-48h22.4c6.4 0 12.8-6.4 12.8-12.8v-70.4c0-6.4-6.4-12.8-12.8-12.8h-22.4c-6.4 0-12.8 6.4-12.8 12.8v70.4c0 6.4 6.4 12.8 12.8 12.8z\" class=\"\"><\/path><\/svg><\/i> <img loading=\"lazy\" decoding=\"async\" width=\"16\" height=\"16\" alt=\"Loading\" src=\"https:\/\/temucotelevision.cl\/web\/wp-content\/plugins\/page-views-count\/ajax-loader-2x.gif\" border=0 \/><\/p><div class=\"pvc_clear\"><\/div>\n<p>\u00b7&nbsp;&nbsp;&nbsp;&nbsp;&nbsp;&nbsp;&nbsp;&nbsp;&nbsp;<strong>Este martes desde las 18:30 horas en el estadio de la comuna, en una actividad organizada por Mindep a trav\u00e9s del Instituto Nacional del Deporte La Araucan\u00eda.<\/strong><\/p>\n\n\n\n<p> \u201cBienvenida Primavera\u201d es el contexto en el que se desarrollar\u00e1 el evento fitness para mujeres que ofrecer\u00e1 el Instituto Nacional del Deporte este martes desde las 18:30 horas en el estadio municipal de la comuna de Vilc\u00fan (Chorrillo s\/n) , en La Araucan\u00eda. \u00a0<\/p>\n\n\n\n<p>La actividad forma parte de la programaci\u00f3n anual que ejecuta el IND a trav\u00e9s de su \u00e1rea de deporte social, es totalmente gratuita y ofrecer\u00e1 a las asistentes biodanza, yoga y ejercicios grupales guiados por monitores de la instituci\u00f3n, junto stands y &nbsp;la entrega de material informativo e insumos asociados a la actividad f\u00edsica y el deporte.<\/p>\n\n\n\n<p>Tambi\u00e9n contar\u00e1 con zona de juegos familiares, de bienestar psicosocial, un \u00e1rea para orientaci\u00f3n nutricional, evaluaciones f\u00edsicas y de hidrataci\u00f3n, entre otras.<\/p>\n\n\n\n<p>Se espera para esta actividad la presencia de un centenar de personas. Desde el IND informaron que est\u00e1 pensada preferentemente para mujeres mayores de 15 a\u00f1os, aunque es igualmente apta para varones y mejores de la edad indicada.<\/p>\n\n\n\n<p>La bienvenida a la Primavera comenzar\u00e1 a las 18:30 horas con la bienvenida por parte de los organizadores y biodanza. En cuanto a fitness, el evento considera &nbsp;disciplinas como&nbsp; strong, body combat, hit y zumba para las asistentes.<\/p>\n\n\n\n<p>El evento \u201cBienvenida Primavera Fitness Mujer y Deporte\u201d, significa un esfuerzo de inversi\u00f3n para el Instituto Nacional del deporte del orden de los 1,6 millones de pesos y forma parte de un ciclo anual de tipo tem\u00e1tico que recorre las diferentes comunas de la regi\u00f3n para fomentar la actividad f\u00edsica entre la ciudadan\u00eda.<\/p>\n\n\n\n<figure class=\"wp-block-image size-large\"><img loading=\"lazy\" decoding=\"async\" width=\"1024\" height=\"1024\" src=\"https:\/\/temucotelevision.cl\/web\/wp-content\/uploads\/2022\/09\/Bienvenida-Primavera_Mesa-de-trabajo-1-1-1024x1024.jpg\" alt=\"\" class=\"wp-image-35531\" srcset=\"https:\/\/temucotelevision.cl\/web\/wp-content\/uploads\/2022\/09\/Bienvenida-Primavera_Mesa-de-trabajo-1-1-1024x1024.jpg 1024w, https:\/\/temucotelevision.cl\/web\/wp-content\/uploads\/2022\/09\/Bienvenida-Primavera_Mesa-de-trabajo-1-1-1000x1000.jpg 1000w, https:\/\/temucotelevision.cl\/web\/wp-content\/uploads\/2022\/09\/Bienvenida-Primavera_Mesa-de-trabajo-1-1-768x768.jpg 768w, https:\/\/temucotelevision.cl\/web\/wp-content\/uploads\/2022\/09\/Bienvenida-Primavera_Mesa-de-trabajo-1-1-1536x1536.jpg 1536w, https:\/\/temucotelevision.cl\/web\/wp-content\/uploads\/2022\/09\/Bienvenida-Primavera_Mesa-de-trabajo-1-1-2048x2048.jpg 2048w\" sizes=\"auto, (max-width: 1024px) 100vw, 1024px\" \/><\/figure>\n","protected":false},"excerpt":{"rendered":"<div class=\"pvc_clear\"><\/div>\n<p id=\"pvc_stats_35529\" class=\"pvc_stats total_only  \" data-element-id=\"35529\" style=\"\"><i class=\"pvc-stats-icon large\" aria-hidden=\"true\"><svg aria-hidden=\"true\" focusable=\"false\" data-prefix=\"far\" data-icon=\"chart-bar\" role=\"img\" xmlns=\"http:\/\/www.w3.org\/2000\/svg\" viewBox=\"0 0 512 512\" class=\"svg-inline--fa fa-chart-bar fa-w-16 fa-2x\"><path fill=\"currentColor\" d=\"M396.8 352h22.4c6.4 0 12.8-6.4 12.8-12.8V108.8c0-6.4-6.4-12.8-12.8-12.8h-22.4c-6.4 0-12.8 6.4-12.8 12.8v230.4c0 6.4 6.4 12.8 12.8 12.8zm-192 0h22.4c6.4 0 12.8-6.4 12.8-12.8V140.8c0-6.4-6.4-12.8-12.8-12.8h-22.4c-6.4 0-12.8 6.4-12.8 12.8v198.4c0 6.4 6.4 12.8 12.8 12.8zm96 0h22.4c6.4 0 12.8-6.4 12.8-12.8V204.8c0-6.4-6.4-12.8-12.8-12.8h-22.4c-6.4 0-12.8 6.4-12.8 12.8v134.4c0 6.4 6.4 12.8 12.8 12.8zM496 400H48V80c0-8.84-7.16-16-16-16H16C7.16 64 0 71.16 0 80v336c0 17.67 14.33 32 32 32h464c8.84 0 16-7.16 16-16v-16c0-8.84-7.16-16-16-16zm-387.2-48h22.4c6.4 0 12.8-6.4 12.8-12.8v-70.4c0-6.4-6.4-12.8-12.8-12.8h-22.4c-6.4 0-12.8 6.4-12.8 12.8v70.4c0 6.4 6.4 12.8 12.8 12.8z\" class=\"\"><\/path><\/svg><\/i> <img loading=\"lazy\" decoding=\"async\" width=\"16\" height=\"16\" alt=\"Loading\" src=\"https:\/\/temucotelevision.cl\/web\/wp-content\/plugins\/page-views-count\/ajax-loader-2x.gif\" border=0 \/><\/p>\n<div class=\"pvc_clear\"><\/div>\n<p>\u00b7&nbsp;&nbsp;&nbsp;&nbsp;&nbsp;&nbsp;&nbsp;&nbsp;&nbsp;Este martes desde las 18:30 horas en el estadio de la comuna, en una actividad organizada por Mindep a trav\u00e9s<\/p>\n","protected":false},"author":1,"featured_media":35530,"comment_status":"open","ping_status":"open","sticky":false,"template":"","format":"standard","meta":{"colormag_page_container_layout":"default_layout","colormag_page_sidebar_layout":"default_layout","footnotes":""},"categories":[86,14],"tags":[1004,300,757],"class_list":["post-35529","post","type-post","status-publish","format-standard","has-post-thumbnail","hentry","category-panoramas","category-temuco","tag-deporte","tag-evento","tag-mujer"],"a3_pvc":{"activated":true,"total_views":67,"today_views":0},"_links":{"self":[{"href":"https:\/\/temucotelevision.cl\/web\/wp-json\/wp\/v2\/posts\/35529","targetHints":{"allow":["GET"]}}],"collection":[{"href":"https:\/\/temucotelevision.cl\/web\/wp-json\/wp\/v2\/posts"}],"about":[{"href":"https:\/\/temucotelevision.cl\/web\/wp-json\/wp\/v2\/types\/post"}],"author":[{"embeddable":true,"href":"https:\/\/temucotelevision.cl\/web\/wp-json\/wp\/v2\/users\/1"}],"replies":[{"embeddable":true,"href":"https:\/\/temucotelevision.cl\/web\/wp-json\/wp\/v2\/comments?post=35529"}],"version-history":[{"count":1,"href":"https:\/\/temucotelevision.cl\/web\/wp-json\/wp\/v2\/posts\/35529\/revisions"}],"predecessor-version":[{"id":35532,"href":"https:\/\/temucotelevision.cl\/web\/wp-json\/wp\/v2\/posts\/35529\/revisions\/35532"}],"wp:featuredmedia":[{"embeddable":true,"href":"https:\/\/temucotelevision.cl\/web\/wp-json\/wp\/v2\/media\/35530"}],"wp:attachment":[{"href":"https:\/\/temucotelevision.cl\/web\/wp-json\/wp\/v2\/media?parent=35529"}],"wp:term":[{"taxonomy":"category","embeddable":true,"href":"https:\/\/temucotelevision.cl\/web\/wp-json\/wp\/v2\/categories?post=35529"},{"taxonomy":"post_tag","embeddable":true,"href":"https:\/\/temucotelevision.cl\/web\/wp-json\/wp\/v2\/tags?post=35529"}],"curies":[{"name":"wp","href":"https:\/\/api.w.org\/{rel}","templated":true}]}}