{"id":35508,"date":"2022-09-25T10:36:18","date_gmt":"2022-09-25T13:36:18","guid":{"rendered":"https:\/\/temucotelevision.cl\/web\/?p=35508"},"modified":"2022-09-25T10:36:20","modified_gmt":"2022-09-25T13:36:20","slug":"seremis-destacan-crecimiento-economico-de-la-araucania-en-segundo-trimestre-del-2022","status":"publish","type":"post","link":"https:\/\/temucotelevision.cl\/web\/2022\/09\/25\/seremis-destacan-crecimiento-economico-de-la-araucania-en-segundo-trimestre-del-2022\/","title":{"rendered":"Seremis destacan crecimiento econ\u00f3mico de La Araucan\u00eda en segundo trimestre del 2022"},"content":{"rendered":"<div class=\"pvc_clear\"><\/div><p id=\"pvc_stats_35508\" class=\"pvc_stats total_only  \" data-element-id=\"35508\" style=\"\"><i class=\"pvc-stats-icon large\" aria-hidden=\"true\"><svg aria-hidden=\"true\" focusable=\"false\" data-prefix=\"far\" data-icon=\"chart-bar\" role=\"img\" xmlns=\"http:\/\/www.w3.org\/2000\/svg\" viewBox=\"0 0 512 512\" class=\"svg-inline--fa fa-chart-bar fa-w-16 fa-2x\"><path fill=\"currentColor\" d=\"M396.8 352h22.4c6.4 0 12.8-6.4 12.8-12.8V108.8c0-6.4-6.4-12.8-12.8-12.8h-22.4c-6.4 0-12.8 6.4-12.8 12.8v230.4c0 6.4 6.4 12.8 12.8 12.8zm-192 0h22.4c6.4 0 12.8-6.4 12.8-12.8V140.8c0-6.4-6.4-12.8-12.8-12.8h-22.4c-6.4 0-12.8 6.4-12.8 12.8v198.4c0 6.4 6.4 12.8 12.8 12.8zm96 0h22.4c6.4 0 12.8-6.4 12.8-12.8V204.8c0-6.4-6.4-12.8-12.8-12.8h-22.4c-6.4 0-12.8 6.4-12.8 12.8v134.4c0 6.4 6.4 12.8 12.8 12.8zM496 400H48V80c0-8.84-7.16-16-16-16H16C7.16 64 0 71.16 0 80v336c0 17.67 14.33 32 32 32h464c8.84 0 16-7.16 16-16v-16c0-8.84-7.16-16-16-16zm-387.2-48h22.4c6.4 0 12.8-6.4 12.8-12.8v-70.4c0-6.4-6.4-12.8-12.8-12.8h-22.4c-6.4 0-12.8 6.4-12.8 12.8v70.4c0 6.4 6.4 12.8 12.8 12.8z\" class=\"\"><\/path><\/svg><\/i> <img loading=\"lazy\" decoding=\"async\" width=\"16\" height=\"16\" alt=\"Loading\" src=\"https:\/\/temucotelevision.cl\/web\/wp-content\/plugins\/page-views-count\/ajax-loader-2x.gif\" border=0 \/><\/p><div class=\"pvc_clear\"><\/div>\n<ul class=\"wp-block-list\"><li>De acuerdo con la informaci\u00f3n preliminar de las Cuentas Nacionales del Banco Central, durante el segundo trimestre del a\u00f1o, el producto interno bruto (PIB) creci\u00f3 en trece de las diecis\u00e9is regiones, totalizando un crecimiento de 5,4% para el pa\u00eds.<\/li><li>La regi\u00f3n de la Araucan\u00eda present\u00f3 un crecimiento de 5,9%, incidido principalmente por las actividades de servicios. Por su parte, el consumo de hogares se expandi\u00f3 7,3% reflejo de los aportes de servicios y, en menor medida, de los bienes no durables.<\/li><\/ul>\n\n\n\n<p>De acuerdo a cifras publicadas recientemente por el Banco Central, el crecimiento de la actividad en las regiones se explic\u00f3 transversalmente por el aporte de los servicios, destac\u00e1ndose los servicios personales, el transporte y los servicios empresariales. Lo anterior contrast\u00f3 con los resultados de la miner\u00eda, donde predominaron las ca\u00eddas. Por su parte, en el consumo de hogares destac\u00f3 por su contribuci\u00f3n el gasto en servicios (en particular, los relativos a transporte y restaurantes y hoteles), mientras que el gasto en bienes durables disminuy\u00f3 en todas las regiones.<\/p>\n\n\n\n<p>Respecto de estas cifras, el Seremi de Hacienda de la regi\u00f3n, Sr. Ronald Kliebs Ya\u00f1ez, se\u00f1al\u00f3 \u201clas proyecciones del \u00faltimo IPoM del Banco Central, el pa\u00eds pasar\u00e1 por un periodo de ajuste, lo que implica que en los pr\u00f3ximos meses se observe un menor crecimiento econ\u00f3mico. Esto se condice con las tasas de crecimiento que se han presentado el d\u00eda de ayer en nuestra regi\u00f3n, donde el 1er trimestre 2022 hubo un crecimiento de 9,5%, mientras que en este segundo trimestre tan solo fue de 5,9%. Es as\u00ed como La Araucan\u00eda est\u00e1 viendo los efectos de los ajustes macroecon\u00f3micos necesarios para disminuir el sobrecalentamiento de nuestra econom\u00eda y as\u00ed reducir las presiones inflacionarias que actualmente nos afectan. Ahora bien, el crecimiento local tiene como principal incidencia la actividad de servicios que contempla hoteles y restaurantes, servicios personales, financieros y administraci\u00f3n p\u00fablica, en desmedro de otros sectores productivos, lo que evidencia la necesidad de fortalecer los sectores silvoagropecuario, comercio, industria manufacturera y construcci\u00f3n, los cuales han tenido un menor efecto en el PIB regional debido al aumento de los costos de producci\u00f3n y de transporte&#8221;.<\/p>\n\n\n\n<p><strong>Revisiones cifras trimestrales 2022&nbsp;<\/strong><\/p>\n\n\n\n<p>De acuerdo con la pol\u00edtica de revisiones establecida para el Producto Interno Bruto Regional, se presentan nuevas estimaciones para el PIB y el consumo de hogares para el primer trimestre. Estas revisiones se asocian a la actualizaci\u00f3n de los indicadores b\u00e1sicos regionales y a las revisiones de las Cuentas Nacionales Trimestrales.<\/p>\n\n\n\n<p>Por su parte, el Seremi de econom\u00eda, fomento y turismo de La Araucan\u00eda, Sr. Vicente Painel Seguel, indic\u00f3: \u201cA la luz de los indicadores entregados por el Banco Central de Chile, podemos comprender que el Territorio Ancestral, la Araucan\u00eda, Los Lagos y Los R\u00edos inclusive modelan en promedio cuarto lugar en crecimiento. La inter-regionalidad destaca en este sentido como un elemento interesante en el perfil contra c\u00edclico, que especialmente nuestra regi\u00f3n cumple. En ese sentido, destacar el \u00e1rea de servicios en su diversidad ligada a la micro empresa, y por supuesto nuestra alta condici\u00f3n de n\u00famero y de calidad de cooperativas y asociatividad econ\u00f3mica en general, nos perfila con un crecimiento que a su vez es un distribuidor de beneficios, liquidez y creador de valor y agregaci\u00f3n de valor, en base a esa tecnolog\u00eda social que es la Asociatividad Econ\u00f3mica profundamente involucrada con el conocimiento ancestral, la pertinencia.<\/p>\n\n\n\n<p>Consideramos que mediante la innovaci\u00f3n y potenciamiento de la innovaci\u00f3n podemos consolidar el perfil contrac\u00edclico aportando a La econom\u00eda general de la sociedad como un paradigma de sustentabilidad de BUEN VIVIR \u2013 KOME MOGEN\u201d.<\/p>\n","protected":false},"excerpt":{"rendered":"<div class=\"pvc_clear\"><\/div>\n<p id=\"pvc_stats_35508\" class=\"pvc_stats total_only  \" data-element-id=\"35508\" style=\"\"><i class=\"pvc-stats-icon large\" aria-hidden=\"true\"><svg aria-hidden=\"true\" focusable=\"false\" data-prefix=\"far\" data-icon=\"chart-bar\" role=\"img\" xmlns=\"http:\/\/www.w3.org\/2000\/svg\" viewBox=\"0 0 512 512\" class=\"svg-inline--fa fa-chart-bar fa-w-16 fa-2x\"><path fill=\"currentColor\" d=\"M396.8 352h22.4c6.4 0 12.8-6.4 12.8-12.8V108.8c0-6.4-6.4-12.8-12.8-12.8h-22.4c-6.4 0-12.8 6.4-12.8 12.8v230.4c0 6.4 6.4 12.8 12.8 12.8zm-192 0h22.4c6.4 0 12.8-6.4 12.8-12.8V140.8c0-6.4-6.4-12.8-12.8-12.8h-22.4c-6.4 0-12.8 6.4-12.8 12.8v198.4c0 6.4 6.4 12.8 12.8 12.8zm96 0h22.4c6.4 0 12.8-6.4 12.8-12.8V204.8c0-6.4-6.4-12.8-12.8-12.8h-22.4c-6.4 0-12.8 6.4-12.8 12.8v134.4c0 6.4 6.4 12.8 12.8 12.8zM496 400H48V80c0-8.84-7.16-16-16-16H16C7.16 64 0 71.16 0 80v336c0 17.67 14.33 32 32 32h464c8.84 0 16-7.16 16-16v-16c0-8.84-7.16-16-16-16zm-387.2-48h22.4c6.4 0 12.8-6.4 12.8-12.8v-70.4c0-6.4-6.4-12.8-12.8-12.8h-22.4c-6.4 0-12.8 6.4-12.8 12.8v70.4c0 6.4 6.4 12.8 12.8 12.8z\" class=\"\"><\/path><\/svg><\/i> <img loading=\"lazy\" decoding=\"async\" width=\"16\" height=\"16\" alt=\"Loading\" src=\"https:\/\/temucotelevision.cl\/web\/wp-content\/plugins\/page-views-count\/ajax-loader-2x.gif\" border=0 \/><\/p>\n<div class=\"pvc_clear\"><\/div>\n<p>De acuerdo con la informaci\u00f3n preliminar de las Cuentas Nacionales del Banco Central, durante el segundo trimestre del a\u00f1o, el<\/p>\n","protected":false},"author":1,"featured_media":35509,"comment_status":"open","ping_status":"open","sticky":false,"template":"","format":"standard","meta":{"colormag_page_container_layout":"default_layout","colormag_page_sidebar_layout":"default_layout","footnotes":""},"categories":[15],"tags":[4703,2340,1647,170,570],"class_list":["post-35508","post","type-post","status-publish","format-standard","has-post-thumbnail","hentry","category-la-araucania","tag-crecimiento","tag-cuentas","tag-economia","tag-region","tag-seremis"],"a3_pvc":{"activated":true,"total_views":120,"today_views":0},"_links":{"self":[{"href":"https:\/\/temucotelevision.cl\/web\/wp-json\/wp\/v2\/posts\/35508","targetHints":{"allow":["GET"]}}],"collection":[{"href":"https:\/\/temucotelevision.cl\/web\/wp-json\/wp\/v2\/posts"}],"about":[{"href":"https:\/\/temucotelevision.cl\/web\/wp-json\/wp\/v2\/types\/post"}],"author":[{"embeddable":true,"href":"https:\/\/temucotelevision.cl\/web\/wp-json\/wp\/v2\/users\/1"}],"replies":[{"embeddable":true,"href":"https:\/\/temucotelevision.cl\/web\/wp-json\/wp\/v2\/comments?post=35508"}],"version-history":[{"count":1,"href":"https:\/\/temucotelevision.cl\/web\/wp-json\/wp\/v2\/posts\/35508\/revisions"}],"predecessor-version":[{"id":35510,"href":"https:\/\/temucotelevision.cl\/web\/wp-json\/wp\/v2\/posts\/35508\/revisions\/35510"}],"wp:featuredmedia":[{"embeddable":true,"href":"https:\/\/temucotelevision.cl\/web\/wp-json\/wp\/v2\/media\/35509"}],"wp:attachment":[{"href":"https:\/\/temucotelevision.cl\/web\/wp-json\/wp\/v2\/media?parent=35508"}],"wp:term":[{"taxonomy":"category","embeddable":true,"href":"https:\/\/temucotelevision.cl\/web\/wp-json\/wp\/v2\/categories?post=35508"},{"taxonomy":"post_tag","embeddable":true,"href":"https:\/\/temucotelevision.cl\/web\/wp-json\/wp\/v2\/tags?post=35508"}],"curies":[{"name":"wp","href":"https:\/\/api.w.org\/{rel}","templated":true}]}}