{"id":35498,"date":"2022-09-24T23:15:12","date_gmt":"2022-09-25T02:15:12","guid":{"rendered":"https:\/\/temucotelevision.cl\/web\/?p=35498"},"modified":"2022-09-25T00:23:07","modified_gmt":"2022-09-25T03:23:07","slug":"festival-activando-alegrias-regresa-a-la-serena-con-fiesta-de-halloween","status":"publish","type":"post","link":"https:\/\/temucotelevision.cl\/web\/2022\/09\/24\/festival-activando-alegrias-regresa-a-la-serena-con-fiesta-de-halloween\/","title":{"rendered":"Festival Activando Alegr\u00edas regresa a La Serena con fiesta de Halloween"},"content":{"rendered":"<div class=\"pvc_clear\"><\/div><p id=\"pvc_stats_35498\" class=\"pvc_stats total_only  \" data-element-id=\"35498\" style=\"\"><i class=\"pvc-stats-icon large\" aria-hidden=\"true\"><svg aria-hidden=\"true\" focusable=\"false\" data-prefix=\"far\" data-icon=\"chart-bar\" role=\"img\" xmlns=\"http:\/\/www.w3.org\/2000\/svg\" viewBox=\"0 0 512 512\" class=\"svg-inline--fa fa-chart-bar fa-w-16 fa-2x\"><path fill=\"currentColor\" d=\"M396.8 352h22.4c6.4 0 12.8-6.4 12.8-12.8V108.8c0-6.4-6.4-12.8-12.8-12.8h-22.4c-6.4 0-12.8 6.4-12.8 12.8v230.4c0 6.4 6.4 12.8 12.8 12.8zm-192 0h22.4c6.4 0 12.8-6.4 12.8-12.8V140.8c0-6.4-6.4-12.8-12.8-12.8h-22.4c-6.4 0-12.8 6.4-12.8 12.8v198.4c0 6.4 6.4 12.8 12.8 12.8zm96 0h22.4c6.4 0 12.8-6.4 12.8-12.8V204.8c0-6.4-6.4-12.8-12.8-12.8h-22.4c-6.4 0-12.8 6.4-12.8 12.8v134.4c0 6.4 6.4 12.8 12.8 12.8zM496 400H48V80c0-8.84-7.16-16-16-16H16C7.16 64 0 71.16 0 80v336c0 17.67 14.33 32 32 32h464c8.84 0 16-7.16 16-16v-16c0-8.84-7.16-16-16-16zm-387.2-48h22.4c6.4 0 12.8-6.4 12.8-12.8v-70.4c0-6.4-6.4-12.8-12.8-12.8h-22.4c-6.4 0-12.8 6.4-12.8 12.8v70.4c0 6.4 6.4 12.8 12.8 12.8z\" class=\"\"><\/path><\/svg><\/i> <img loading=\"lazy\" decoding=\"async\" width=\"16\" height=\"16\" alt=\"Loading\" src=\"https:\/\/temucotelevision.cl\/web\/wp-content\/plugins\/page-views-count\/ajax-loader-2x.gif\" border=0 \/><\/p><div class=\"pvc_clear\"><\/div>\n<p>Luego de cinco meses \u201cLa fiesta m\u00e1s feliz del mundo\u201d, el festival Activando Alegr\u00edas, regresar\u00e1 con todo a la Cuarta Regi\u00f3n, para encontrarse con el p\u00fablico de Coquimbo y La Serena, en una edici\u00f3n que promete ser muy especial. Esta nueva versi\u00f3n del&nbsp;Festival llevar\u00e1 por nombre: &#8220;Activando Alegr\u00edas Halloween&#8221;. Cumbia, Rap y Travesuras&#8221;.<\/p>\n\n\n\n<p>El evento debut\u00f3 en la Cuarta Regi\u00f3n el pasado 11 de junio, con una exitosa parrilla que incluy\u00f3 al destacado m\u00fasico urbano Arte Elegante. La nueva\u00a0edici\u00f3n est\u00e1 programada para el pr\u00f3ximo 31 de de octubre y contar\u00e1 con la presencia de grandes referentes de la cumbia y del rap. El evento se dar\u00e1 en un ambiente marcado por la celebraci\u00f3n mundial de la noche de Halloween y\u00a0se desarrollar\u00e1 en el Centro de Eventos Pe\u00f1uelas. Entre los artistas que estar\u00e1n presentes destacan <strong>Flor de Rap, Chyste Mc, Stailok, La Combo Tortuga,\u00a0\u00a0La Gran Magia Tropical y Amerikan Sound<\/strong>. <\/p>\n\n\n\n<p>Como el evento est\u00e1 pensado como un panorama familiar, tambi\u00e9n habr\u00e1 una <strong>Expo Otaku (Cosplay) <\/strong>\u00a0y sector de atracciones para ni\u00f1os.\u00a0Habr\u00e1 actividades recreativas,<strong> Expo Sativa 420, Expo Emprendedores <\/strong>y muchas sorpresas. Ser\u00e1 un evento donde la familia podr\u00e1 vibrar con grandes referentes musicales y un gran ambiente muy en la l\u00ednea del recordado Festival Sativa, exitoso evento cuyo principal productor ha levantado este nuevo concepto y festival: Activando Alegr\u00edas.\u00a0\u00a0<\/p>\n\n\n\n<figure class=\"wp-block-image is-resized\"><img loading=\"lazy\" decoding=\"async\" src=\"https:\/\/www.shia.cl\/wp-content\/uploads\/2022\/09\/activando-alegrias.jpg\" alt=\"Festival Activando Alegr\u00edas regresa a La Serena con fiesta de Halloween -  www.shia.cl : Cultura Urbana Hip-Hop Shia Soldiers!\" width=\"800\" height=\"1000\"\/><\/figure>\n\n\n\n<p><strong>PUNTOS DE VENTA DE TICKETS:<\/strong><\/p>\n\n\n\n<p><strong>LA SERENA<\/strong><\/p>\n\n\n\n<p><strong>-Tienda eleven<\/strong><\/p>\n\n\n\n<p>Caracol colonial Av.Balmaceda #460 Loval 33<\/p>\n\n\n\n<p>Lunes a viernes 10:30 a 18:30 hrs \/ s\u00e1bado 10:30 a 17:30 hrs<\/p>\n\n\n\n<p><strong>&nbsp;-Astro Growshop<\/strong><\/p>\n\n\n\n<p>Balmaceda #3039 local 3<\/p>\n\n\n\n<p>Lunes a viernes 10:00 a 19:30hrs \/ s\u00e1bado de 11:00 a 18:30 hrs<\/p>\n\n\n\n<p>&nbsp;<strong>-Spacio container<\/strong><\/p>\n\n\n\n<p>Av. del Mar #4300<\/p>\n\n\n\n<p>Lunes a domingo 09:30 a 23:30 hrs<\/p>\n\n\n\n<p>&nbsp;<strong>-Grow CultivaSeed<\/strong><\/p>\n\n\n\n<p>Cienfuegos #561 Persa las cenizas local 504<\/p>\n\n\n\n<p>Lunes a viernes 11:00 a 18:30 hrs<\/p>\n\n\n\n<p>S\u00e1bado 11:00 a 16:00 hrs<\/p>\n\n\n\n<p><strong>&nbsp;COQUIMBO<\/strong><\/p>\n\n\n\n<p><strong>-Sativa420<\/strong><\/p>\n\n\n\n<p>An\u00edbal pinto #1552 local 13 galer\u00eda Arag\u00f3n<\/p>\n\n\n\n<p>Lunes a s\u00e1bado 10:30 a 19:00 hrs<\/p>\n\n\n\n<p><strong>-Ayuwoki<\/strong><\/p>\n\n\n\n<p>Pe\u00f1uelas frente a Outlet esquina ruta 5 norte<\/p>\n\n\n\n<p>Lunes a s\u00e1bado 12:00 &#8211; 21:30 hrs<\/p>\n\n\n\n<p>Domingo 12:00 a 18:00 hrs<\/p>\n\n\n\n<p>&nbsp;<strong>-King est\u00e9tica la Serena<\/strong><\/p>\n\n\n\n<p><\/p>\n\n\n\n<p><\/p>\n","protected":false},"excerpt":{"rendered":"<div class=\"pvc_clear\"><\/div>\n<p id=\"pvc_stats_35498\" class=\"pvc_stats total_only  \" data-element-id=\"35498\" style=\"\"><i class=\"pvc-stats-icon large\" aria-hidden=\"true\"><svg aria-hidden=\"true\" focusable=\"false\" data-prefix=\"far\" data-icon=\"chart-bar\" role=\"img\" xmlns=\"http:\/\/www.w3.org\/2000\/svg\" viewBox=\"0 0 512 512\" class=\"svg-inline--fa fa-chart-bar fa-w-16 fa-2x\"><path fill=\"currentColor\" d=\"M396.8 352h22.4c6.4 0 12.8-6.4 12.8-12.8V108.8c0-6.4-6.4-12.8-12.8-12.8h-22.4c-6.4 0-12.8 6.4-12.8 12.8v230.4c0 6.4 6.4 12.8 12.8 12.8zm-192 0h22.4c6.4 0 12.8-6.4 12.8-12.8V140.8c0-6.4-6.4-12.8-12.8-12.8h-22.4c-6.4 0-12.8 6.4-12.8 12.8v198.4c0 6.4 6.4 12.8 12.8 12.8zm96 0h22.4c6.4 0 12.8-6.4 12.8-12.8V204.8c0-6.4-6.4-12.8-12.8-12.8h-22.4c-6.4 0-12.8 6.4-12.8 12.8v134.4c0 6.4 6.4 12.8 12.8 12.8zM496 400H48V80c0-8.84-7.16-16-16-16H16C7.16 64 0 71.16 0 80v336c0 17.67 14.33 32 32 32h464c8.84 0 16-7.16 16-16v-16c0-8.84-7.16-16-16-16zm-387.2-48h22.4c6.4 0 12.8-6.4 12.8-12.8v-70.4c0-6.4-6.4-12.8-12.8-12.8h-22.4c-6.4 0-12.8 6.4-12.8 12.8v70.4c0 6.4 6.4 12.8 12.8 12.8z\" class=\"\"><\/path><\/svg><\/i> <img loading=\"lazy\" decoding=\"async\" width=\"16\" height=\"16\" alt=\"Loading\" src=\"https:\/\/temucotelevision.cl\/web\/wp-content\/plugins\/page-views-count\/ajax-loader-2x.gif\" border=0 \/><\/p>\n<div class=\"pvc_clear\"><\/div>\n<p>Luego de cinco meses \u201cLa fiesta m\u00e1s feliz del mundo\u201d, el festival Activando Alegr\u00edas, regresar\u00e1 con todo a la Cuarta<\/p>\n","protected":false},"author":1,"featured_media":35499,"comment_status":"open","ping_status":"open","sticky":false,"template":"","format":"standard","meta":{"colormag_page_container_layout":"default_layout","colormag_page_sidebar_layout":"default_layout","footnotes":""},"categories":[369],"tags":[],"class_list":["post-35498","post","type-post","status-publish","format-standard","has-post-thumbnail","hentry","category-musica"],"a3_pvc":{"activated":true,"total_views":135,"today_views":0},"_links":{"self":[{"href":"https:\/\/temucotelevision.cl\/web\/wp-json\/wp\/v2\/posts\/35498","targetHints":{"allow":["GET"]}}],"collection":[{"href":"https:\/\/temucotelevision.cl\/web\/wp-json\/wp\/v2\/posts"}],"about":[{"href":"https:\/\/temucotelevision.cl\/web\/wp-json\/wp\/v2\/types\/post"}],"author":[{"embeddable":true,"href":"https:\/\/temucotelevision.cl\/web\/wp-json\/wp\/v2\/users\/1"}],"replies":[{"embeddable":true,"href":"https:\/\/temucotelevision.cl\/web\/wp-json\/wp\/v2\/comments?post=35498"}],"version-history":[{"count":7,"href":"https:\/\/temucotelevision.cl\/web\/wp-json\/wp\/v2\/posts\/35498\/revisions"}],"predecessor-version":[{"id":35507,"href":"https:\/\/temucotelevision.cl\/web\/wp-json\/wp\/v2\/posts\/35498\/revisions\/35507"}],"wp:featuredmedia":[{"embeddable":true,"href":"https:\/\/temucotelevision.cl\/web\/wp-json\/wp\/v2\/media\/35499"}],"wp:attachment":[{"href":"https:\/\/temucotelevision.cl\/web\/wp-json\/wp\/v2\/media?parent=35498"}],"wp:term":[{"taxonomy":"category","embeddable":true,"href":"https:\/\/temucotelevision.cl\/web\/wp-json\/wp\/v2\/categories?post=35498"},{"taxonomy":"post_tag","embeddable":true,"href":"https:\/\/temucotelevision.cl\/web\/wp-json\/wp\/v2\/tags?post=35498"}],"curies":[{"name":"wp","href":"https:\/\/api.w.org\/{rel}","templated":true}]}}