{"id":35489,"date":"2022-09-24T17:37:35","date_gmt":"2022-09-24T20:37:35","guid":{"rendered":"https:\/\/temucotelevision.cl\/web\/?p=35489"},"modified":"2022-09-24T17:37:36","modified_gmt":"2022-09-24T20:37:36","slug":"gobierno-instala-inedita-mesa-de-memorias-y-derechos-humanos-de-la-araucania-wallmapu","status":"publish","type":"post","link":"https:\/\/temucotelevision.cl\/web\/2022\/09\/24\/gobierno-instala-inedita-mesa-de-memorias-y-derechos-humanos-de-la-araucania-wallmapu\/","title":{"rendered":"Gobierno instala in\u00e9dita Mesa de Memorias y Derechos Humanos de La Araucan\u00eda &#8211; Wallmapu"},"content":{"rendered":"<div class=\"pvc_clear\"><\/div><p id=\"pvc_stats_35489\" class=\"pvc_stats total_only  \" data-element-id=\"35489\" style=\"\"><i class=\"pvc-stats-icon large\" aria-hidden=\"true\"><svg aria-hidden=\"true\" focusable=\"false\" data-prefix=\"far\" data-icon=\"chart-bar\" role=\"img\" xmlns=\"http:\/\/www.w3.org\/2000\/svg\" viewBox=\"0 0 512 512\" class=\"svg-inline--fa fa-chart-bar fa-w-16 fa-2x\"><path fill=\"currentColor\" d=\"M396.8 352h22.4c6.4 0 12.8-6.4 12.8-12.8V108.8c0-6.4-6.4-12.8-12.8-12.8h-22.4c-6.4 0-12.8 6.4-12.8 12.8v230.4c0 6.4 6.4 12.8 12.8 12.8zm-192 0h22.4c6.4 0 12.8-6.4 12.8-12.8V140.8c0-6.4-6.4-12.8-12.8-12.8h-22.4c-6.4 0-12.8 6.4-12.8 12.8v198.4c0 6.4 6.4 12.8 12.8 12.8zm96 0h22.4c6.4 0 12.8-6.4 12.8-12.8V204.8c0-6.4-6.4-12.8-12.8-12.8h-22.4c-6.4 0-12.8 6.4-12.8 12.8v134.4c0 6.4 6.4 12.8 12.8 12.8zM496 400H48V80c0-8.84-7.16-16-16-16H16C7.16 64 0 71.16 0 80v336c0 17.67 14.33 32 32 32h464c8.84 0 16-7.16 16-16v-16c0-8.84-7.16-16-16-16zm-387.2-48h22.4c6.4 0 12.8-6.4 12.8-12.8v-70.4c0-6.4-6.4-12.8-12.8-12.8h-22.4c-6.4 0-12.8 6.4-12.8 12.8v70.4c0 6.4 6.4 12.8 12.8 12.8z\" class=\"\"><\/path><\/svg><\/i> <img loading=\"lazy\" decoding=\"async\" width=\"16\" height=\"16\" alt=\"Loading\" src=\"https:\/\/temucotelevision.cl\/web\/wp-content\/plugins\/page-views-count\/ajax-loader-2x.gif\" border=0 \/><\/p><div class=\"pvc_clear\"><\/div>\n<p><strong>Esta instancia, convocada por la Seremi de las Culturas, tiene entre sus objetivos coordinar la conmemoraci\u00f3n de los 50 a\u00f1os del Golpe de Estado y articular la implementaci\u00f3n del enfoque de memoria y DD.HH. en las pol\u00edticas p\u00fablicas regionales.<\/strong><\/p>\n\n\n\n<p>Con la participaci\u00f3n del delegado presidencial Ra\u00fal Allard y las seremis de las Culturas Jeannette Paillan y del Deporte Marcela V\u00e9jar, en Cecrea Temuco, se constituy\u00f3 la &#8220;Mesa Intersectorial de Memorias y DD.HH. de La Araucan\u00eda, Wallmapu&#8221;.<\/p>\n\n\n\n<p>Esta mesa busca ser una instancia de coordinaci\u00f3n para la conmemoraci\u00f3n de los 50 a\u00f1os del Golpe de Estado y, a m\u00e1s largo plazo, de articulaci\u00f3n para la implementaci\u00f3n del enfoque de memoria y DD.HH. en las pol\u00edticas p\u00fablicas regionales.<\/p>\n\n\n\n<p>A esta primera convocatoria asistieron representantes de diversas instituciones p\u00fablicas, entre ellas: Seremis de Salud, Educaci\u00f3n, Justicia y DD.HH y de la Mujer y Equidad de G\u00e9nero, el Servicio del Patrimonio Cultural y Consejo de Monumentos Nacionales, el INDH, la Defensor\u00eda de la Ni\u00f1ez, Conaf y Conadi.<\/p>\n\n\n\n<p>El delegado presidencial regional, Ra\u00fal Allard, sostuvo que \u201ccomo Gobierno valoramos la instalaci\u00f3n y las proyecciones de esta mesa de memorias y derechos humanos porque ratifica nuestro irrestricto compromiso con la defensa, la promoci\u00f3n de los DD.HH y con la b\u00fasqueda de&nbsp; verdad, justicia, reparaci\u00f3n y garant\u00edas de&nbsp;no repetici\u00f3n. Aqu\u00ed, desde el quehacer de las diversas instituciones p\u00fablicas participantes, se ha enfatizado en la tarea relevante que significa impulsar el enfoque de DDHH en las pol\u00edticas p\u00fablicas regionales; as\u00ed como coordinar la conmemoraci\u00f3n de los 50 a\u00f1os del Golpe de Estado en La Araucan\u00eda, que es una de las responsabilidades que nos ha mandatado el presidente Gabriel Boric\u201d.&nbsp;<\/p>\n\n\n\n<p>En tanto&nbsp;Jeannette Paillan, seremi de las Culturas, instituci\u00f3n que convoc\u00f3 a esta mesa, resalt\u00f3 que \u201cestamos muy conformes con la acogida y disposici\u00f3n de todas y todos quienes integran esta instancia, pues han manifestado su voluntad para materializar los objetivos planteados. Creemos que este es un espacio muy relevante que nos desaf\u00eda y que nos va a permitir posicionar el tema de las memorias y los derechos humanos en un territorio en el que como Estado y Gobierno hay mucho que decir y que avanzar\u201d.&nbsp;<\/p>\n\n\n\n<p>M\u00e1rcela V\u00e9jar, seremi del Deporte expres\u00f3 que \u201cdado que somos un pa\u00eds con memoria y tenemos un compromiso importante con el deporte, en estos momentos cruciales, donde se define el futuro, estamos trabajando con nuestro mejor esfuerzo por el desarrollo de todas las personas, luchando por lograr una cultura deportiva. Con ello, tenemos la convicci\u00f3n profunda, que contribuiremos al crecimiento sustancial de estas y las nuevas generaciones, porque la actividad f\u00edsica y el deporte son un aporte durante todo el desarrollo de la vida, tanto f\u00edsica como mentalmente\u201d.<\/p>\n\n\n\n<p>Mientras que Carolina Nahuelhual, conservadora del Archivo Regional de La Araucan\u00eda, enfatiz\u00f3 que \u201cla participaci\u00f3n ha sido bien significativa y como regi\u00f3n debemos entregarle un sello propio en un espacio territorial que ha sido tambi\u00e9n tan fuertemente da\u00f1ado en t\u00e9rminos de derechos humanos. Es necesario hacer un esfuerzo de un trabajo en educaci\u00f3n, los ni\u00f1os, los j\u00f3venes, la ciudadan\u00eda completa y desde nuestra funci\u00f3n como servidores p\u00fablicos\u201d.&nbsp;<\/p>\n\n\n\n<p>Cristian Rodr\u00edguez, encargado de la Oficina T\u00e9cnica Regional del Consejo de Monumentos Nacionales, subray\u00f3 que \u201cesta reuni\u00f3n es tremendamente importante porque da inicio a un espacio en que es necesario relevar los sitios de memoria en DD.HH. Como regi\u00f3n tenemos dos espacios que tienen la categor\u00eda de Monumentos Hist\u00f3ricos, el Sitio Matanza de Mulch\u00e9n que colinda con la comuna de Collipulli y tambi\u00e9n el Parque para la paz en Temuco. Para nosotros desde el punto de vista del espacio p\u00fablico y el v\u00ednculo con la comunidad son tremendamente significativos, uno rural y el otro urbano, porque simbolizan aquella tragedia que represent\u00f3 las graves violaciones a los DDHH durante la dictadura militar\u201d.&nbsp;<\/p>\n\n\n\n<p>Es importante destacar que el Ministerio de las Culturas, las Artes y el Patrimonio cuenta con una Unidad de Memoria y Derechos Humanos, y en este contexto adscribe el principio de memoria hist\u00f3rica: \u201cReconocer a la memoria hist\u00f3rica como pilar fundamental de la cultura y del patrimonio intangible del pa\u00eds, que se recrea y proyecta a s\u00ed misma en un permanente respeto a los derechos humanos, la diversidad, la tolerancia, la democracia y el Estado de Derecho\u201d.<\/p>\n\n\n\n<figure class=\"wp-block-image size-large\"><img loading=\"lazy\" decoding=\"async\" width=\"1024\" height=\"683\" src=\"https:\/\/temucotelevision.cl\/web\/wp-content\/uploads\/2022\/09\/Mesa-1024x683.jpg\" alt=\"\" class=\"wp-image-35491\" srcset=\"https:\/\/temucotelevision.cl\/web\/wp-content\/uploads\/2022\/09\/Mesa-1024x683.jpg 1024w, https:\/\/temucotelevision.cl\/web\/wp-content\/uploads\/2022\/09\/Mesa-768x512.jpg 768w, https:\/\/temucotelevision.cl\/web\/wp-content\/uploads\/2022\/09\/Mesa-1536x1024.jpg 1536w, https:\/\/temucotelevision.cl\/web\/wp-content\/uploads\/2022\/09\/Mesa-2048x1365.jpg 2048w\" sizes=\"auto, (max-width: 1024px) 100vw, 1024px\" \/><\/figure>\n","protected":false},"excerpt":{"rendered":"<div class=\"pvc_clear\"><\/div>\n<p id=\"pvc_stats_35489\" class=\"pvc_stats total_only  \" data-element-id=\"35489\" style=\"\"><i class=\"pvc-stats-icon large\" aria-hidden=\"true\"><svg aria-hidden=\"true\" focusable=\"false\" data-prefix=\"far\" data-icon=\"chart-bar\" role=\"img\" xmlns=\"http:\/\/www.w3.org\/2000\/svg\" viewBox=\"0 0 512 512\" class=\"svg-inline--fa fa-chart-bar fa-w-16 fa-2x\"><path fill=\"currentColor\" d=\"M396.8 352h22.4c6.4 0 12.8-6.4 12.8-12.8V108.8c0-6.4-6.4-12.8-12.8-12.8h-22.4c-6.4 0-12.8 6.4-12.8 12.8v230.4c0 6.4 6.4 12.8 12.8 12.8zm-192 0h22.4c6.4 0 12.8-6.4 12.8-12.8V140.8c0-6.4-6.4-12.8-12.8-12.8h-22.4c-6.4 0-12.8 6.4-12.8 12.8v198.4c0 6.4 6.4 12.8 12.8 12.8zm96 0h22.4c6.4 0 12.8-6.4 12.8-12.8V204.8c0-6.4-6.4-12.8-12.8-12.8h-22.4c-6.4 0-12.8 6.4-12.8 12.8v134.4c0 6.4 6.4 12.8 12.8 12.8zM496 400H48V80c0-8.84-7.16-16-16-16H16C7.16 64 0 71.16 0 80v336c0 17.67 14.33 32 32 32h464c8.84 0 16-7.16 16-16v-16c0-8.84-7.16-16-16-16zm-387.2-48h22.4c6.4 0 12.8-6.4 12.8-12.8v-70.4c0-6.4-6.4-12.8-12.8-12.8h-22.4c-6.4 0-12.8 6.4-12.8 12.8v70.4c0 6.4 6.4 12.8 12.8 12.8z\" class=\"\"><\/path><\/svg><\/i> <img loading=\"lazy\" decoding=\"async\" width=\"16\" height=\"16\" alt=\"Loading\" src=\"https:\/\/temucotelevision.cl\/web\/wp-content\/plugins\/page-views-count\/ajax-loader-2x.gif\" border=0 \/><\/p>\n<div class=\"pvc_clear\"><\/div>\n<p>Esta instancia, convocada por la Seremi de las Culturas, tiene entre sus objetivos coordinar la conmemoraci\u00f3n de los 50 a\u00f1os<\/p>\n","protected":false},"author":1,"featured_media":35490,"comment_status":"open","ping_status":"open","sticky":false,"template":"","format":"standard","meta":{"colormag_page_container_layout":"default_layout","colormag_page_sidebar_layout":"default_layout","footnotes":""},"categories":[84,14],"tags":[915,5812,1110,2605],"class_list":["post-35489","post","type-post","status-publish","format-standard","has-post-thumbnail","hentry","category-politica","category-temuco","tag-ddhh","tag-memorias","tag-mesa","tag-wallmapu"],"a3_pvc":{"activated":true,"total_views":37,"today_views":0},"_links":{"self":[{"href":"https:\/\/temucotelevision.cl\/web\/wp-json\/wp\/v2\/posts\/35489","targetHints":{"allow":["GET"]}}],"collection":[{"href":"https:\/\/temucotelevision.cl\/web\/wp-json\/wp\/v2\/posts"}],"about":[{"href":"https:\/\/temucotelevision.cl\/web\/wp-json\/wp\/v2\/types\/post"}],"author":[{"embeddable":true,"href":"https:\/\/temucotelevision.cl\/web\/wp-json\/wp\/v2\/users\/1"}],"replies":[{"embeddable":true,"href":"https:\/\/temucotelevision.cl\/web\/wp-json\/wp\/v2\/comments?post=35489"}],"version-history":[{"count":1,"href":"https:\/\/temucotelevision.cl\/web\/wp-json\/wp\/v2\/posts\/35489\/revisions"}],"predecessor-version":[{"id":35492,"href":"https:\/\/temucotelevision.cl\/web\/wp-json\/wp\/v2\/posts\/35489\/revisions\/35492"}],"wp:featuredmedia":[{"embeddable":true,"href":"https:\/\/temucotelevision.cl\/web\/wp-json\/wp\/v2\/media\/35490"}],"wp:attachment":[{"href":"https:\/\/temucotelevision.cl\/web\/wp-json\/wp\/v2\/media?parent=35489"}],"wp:term":[{"taxonomy":"category","embeddable":true,"href":"https:\/\/temucotelevision.cl\/web\/wp-json\/wp\/v2\/categories?post=35489"},{"taxonomy":"post_tag","embeddable":true,"href":"https:\/\/temucotelevision.cl\/web\/wp-json\/wp\/v2\/tags?post=35489"}],"curies":[{"name":"wp","href":"https:\/\/api.w.org\/{rel}","templated":true}]}}