{"id":35482,"date":"2022-09-24T17:42:38","date_gmt":"2022-09-24T20:42:38","guid":{"rendered":"https:\/\/temucotelevision.cl\/web\/?p=35482"},"modified":"2022-09-24T17:42:39","modified_gmt":"2022-09-24T20:42:39","slug":"festival-vibraciones-lleva-el-rap-y-la-cumbia-a-coquimbo","status":"publish","type":"post","link":"https:\/\/temucotelevision.cl\/web\/2022\/09\/24\/festival-vibraciones-lleva-el-rap-y-la-cumbia-a-coquimbo\/","title":{"rendered":"Festival Vibraciones lleva el rap y la cumbia a Coquimbo"},"content":{"rendered":"<div class=\"pvc_clear\"><\/div><p id=\"pvc_stats_35482\" class=\"pvc_stats total_only  \" data-element-id=\"35482\" style=\"\"><i class=\"pvc-stats-icon large\" aria-hidden=\"true\"><svg aria-hidden=\"true\" focusable=\"false\" data-prefix=\"far\" data-icon=\"chart-bar\" role=\"img\" xmlns=\"http:\/\/www.w3.org\/2000\/svg\" viewBox=\"0 0 512 512\" class=\"svg-inline--fa fa-chart-bar fa-w-16 fa-2x\"><path fill=\"currentColor\" d=\"M396.8 352h22.4c6.4 0 12.8-6.4 12.8-12.8V108.8c0-6.4-6.4-12.8-12.8-12.8h-22.4c-6.4 0-12.8 6.4-12.8 12.8v230.4c0 6.4 6.4 12.8 12.8 12.8zm-192 0h22.4c6.4 0 12.8-6.4 12.8-12.8V140.8c0-6.4-6.4-12.8-12.8-12.8h-22.4c-6.4 0-12.8 6.4-12.8 12.8v198.4c0 6.4 6.4 12.8 12.8 12.8zm96 0h22.4c6.4 0 12.8-6.4 12.8-12.8V204.8c0-6.4-6.4-12.8-12.8-12.8h-22.4c-6.4 0-12.8 6.4-12.8 12.8v134.4c0 6.4 6.4 12.8 12.8 12.8zM496 400H48V80c0-8.84-7.16-16-16-16H16C7.16 64 0 71.16 0 80v336c0 17.67 14.33 32 32 32h464c8.84 0 16-7.16 16-16v-16c0-8.84-7.16-16-16-16zm-387.2-48h22.4c6.4 0 12.8-6.4 12.8-12.8v-70.4c0-6.4-6.4-12.8-12.8-12.8h-22.4c-6.4 0-12.8 6.4-12.8 12.8v70.4c0 6.4 6.4 12.8 12.8 12.8z\" class=\"\"><\/path><\/svg><\/i> <img loading=\"lazy\" decoding=\"async\" width=\"16\" height=\"16\" alt=\"Loading\" src=\"https:\/\/temucotelevision.cl\/web\/wp-content\/plugins\/page-views-count\/ajax-loader-2x.gif\" border=0 \/><\/p><div class=\"pvc_clear\"><\/div>\n<p><strong>La cita promete una jornada con destacados exponentes de la cumbia y el hip hop.<\/strong><\/p>\n\n\n\n<p>Festival Vibraciones es el nuevo evento y concepto que aterrizar\u00e1 el pr\u00f3ximo 8 de octubre en la ciudad de Coquimbo, con la promesa de ofrecer una gran jornada musical,\u00a0en compa\u00f1\u00eda\u00a0de diversos y grandes artistas, nacionales e internacionales.<\/p>\n\n\n\n<p>Es as\u00ed como contar\u00e1 con la presencia del Hurac\u00e1n Bailable de la cumbia, Santaferia, al mismo tiempo actuar\u00e1n los m\u00fasicos de El Bloque 8 y Luis Lambis, la destacada voz de la colombiana Sonora Malec\u00f3n. Tambi\u00e9n estar\u00e1 desde Argentina Traiko y Meta Guacha, adem\u00e1s de grandes referentes del rap y la m\u00fasica urbana como Amenadiel, Ree, DJ Jopsen, DJ Lito y DJ Martisso.<\/p>\n\n\n\n<p>Una parrilla imbatible para -como lo dice el slogan del evento \u2013 disfrutar del atardecer de Coquimbo, tradicionalmente una gran plaza para la m\u00fasica en vivo que tras un largo periodo vuelve a abrir sus puertas al p\u00fablico y la m\u00fasica.<\/p>\n\n\n\n<p>Compre tus entradas en <a href=\"http:\/\/passline.\/\">Passline.<\/a><\/p>\n\n\n\n<figure class=\"wp-block-image is-resized\"><img loading=\"lazy\" decoding=\"async\" src=\"https:\/\/www.passline.com\/imagenes\/eventos\/festival-vibraciones-atardecer-cumbiero-img_1.jpg\" alt=\"\" width=\"717\" height=\"717\"\/><\/figure>\n","protected":false},"excerpt":{"rendered":"<div class=\"pvc_clear\"><\/div>\n<p id=\"pvc_stats_35482\" class=\"pvc_stats total_only  \" data-element-id=\"35482\" style=\"\"><i class=\"pvc-stats-icon large\" aria-hidden=\"true\"><svg aria-hidden=\"true\" focusable=\"false\" data-prefix=\"far\" data-icon=\"chart-bar\" role=\"img\" xmlns=\"http:\/\/www.w3.org\/2000\/svg\" viewBox=\"0 0 512 512\" class=\"svg-inline--fa fa-chart-bar fa-w-16 fa-2x\"><path fill=\"currentColor\" d=\"M396.8 352h22.4c6.4 0 12.8-6.4 12.8-12.8V108.8c0-6.4-6.4-12.8-12.8-12.8h-22.4c-6.4 0-12.8 6.4-12.8 12.8v230.4c0 6.4 6.4 12.8 12.8 12.8zm-192 0h22.4c6.4 0 12.8-6.4 12.8-12.8V140.8c0-6.4-6.4-12.8-12.8-12.8h-22.4c-6.4 0-12.8 6.4-12.8 12.8v198.4c0 6.4 6.4 12.8 12.8 12.8zm96 0h22.4c6.4 0 12.8-6.4 12.8-12.8V204.8c0-6.4-6.4-12.8-12.8-12.8h-22.4c-6.4 0-12.8 6.4-12.8 12.8v134.4c0 6.4 6.4 12.8 12.8 12.8zM496 400H48V80c0-8.84-7.16-16-16-16H16C7.16 64 0 71.16 0 80v336c0 17.67 14.33 32 32 32h464c8.84 0 16-7.16 16-16v-16c0-8.84-7.16-16-16-16zm-387.2-48h22.4c6.4 0 12.8-6.4 12.8-12.8v-70.4c0-6.4-6.4-12.8-12.8-12.8h-22.4c-6.4 0-12.8 6.4-12.8 12.8v70.4c0 6.4 6.4 12.8 12.8 12.8z\" class=\"\"><\/path><\/svg><\/i> <img loading=\"lazy\" decoding=\"async\" width=\"16\" height=\"16\" alt=\"Loading\" src=\"https:\/\/temucotelevision.cl\/web\/wp-content\/plugins\/page-views-count\/ajax-loader-2x.gif\" border=0 \/><\/p>\n<div class=\"pvc_clear\"><\/div>\n<p>La cita promete una jornada con destacados exponentes de la cumbia y el hip hop. Festival Vibraciones es el nuevo<\/p>\n","protected":false},"author":1,"featured_media":35495,"comment_status":"open","ping_status":"open","sticky":false,"template":"","format":"standard","meta":{"colormag_page_container_layout":"default_layout","colormag_page_sidebar_layout":"default_layout","footnotes":""},"categories":[369],"tags":[],"class_list":["post-35482","post","type-post","status-publish","format-standard","has-post-thumbnail","hentry","category-musica"],"a3_pvc":{"activated":true,"total_views":70,"today_views":0},"_links":{"self":[{"href":"https:\/\/temucotelevision.cl\/web\/wp-json\/wp\/v2\/posts\/35482","targetHints":{"allow":["GET"]}}],"collection":[{"href":"https:\/\/temucotelevision.cl\/web\/wp-json\/wp\/v2\/posts"}],"about":[{"href":"https:\/\/temucotelevision.cl\/web\/wp-json\/wp\/v2\/types\/post"}],"author":[{"embeddable":true,"href":"https:\/\/temucotelevision.cl\/web\/wp-json\/wp\/v2\/users\/1"}],"replies":[{"embeddable":true,"href":"https:\/\/temucotelevision.cl\/web\/wp-json\/wp\/v2\/comments?post=35482"}],"version-history":[{"count":1,"href":"https:\/\/temucotelevision.cl\/web\/wp-json\/wp\/v2\/posts\/35482\/revisions"}],"predecessor-version":[{"id":35494,"href":"https:\/\/temucotelevision.cl\/web\/wp-json\/wp\/v2\/posts\/35482\/revisions\/35494"}],"wp:featuredmedia":[{"embeddable":true,"href":"https:\/\/temucotelevision.cl\/web\/wp-json\/wp\/v2\/media\/35495"}],"wp:attachment":[{"href":"https:\/\/temucotelevision.cl\/web\/wp-json\/wp\/v2\/media?parent=35482"}],"wp:term":[{"taxonomy":"category","embeddable":true,"href":"https:\/\/temucotelevision.cl\/web\/wp-json\/wp\/v2\/categories?post=35482"},{"taxonomy":"post_tag","embeddable":true,"href":"https:\/\/temucotelevision.cl\/web\/wp-json\/wp\/v2\/tags?post=35482"}],"curies":[{"name":"wp","href":"https:\/\/api.w.org\/{rel}","templated":true}]}}