{"id":35481,"date":"2022-09-24T17:22:33","date_gmt":"2022-09-24T20:22:33","guid":{"rendered":"https:\/\/temucotelevision.cl\/web\/?p=35481"},"modified":"2022-09-24T17:22:34","modified_gmt":"2022-09-24T20:22:34","slug":"seremi-de-las-culturas-invita-a-presentar-candidaturas-para-los-premios-regionales-2022","status":"publish","type":"post","link":"https:\/\/temucotelevision.cl\/web\/2022\/09\/24\/seremi-de-las-culturas-invita-a-presentar-candidaturas-para-los-premios-regionales-2022\/","title":{"rendered":"Seremi de las Culturas invita a presentar candidaturas para los Premios Regionales 2022"},"content":{"rendered":"<div class=\"pvc_clear\"><\/div><p id=\"pvc_stats_35481\" class=\"pvc_stats total_only  \" data-element-id=\"35481\" style=\"\"><i class=\"pvc-stats-icon large\" aria-hidden=\"true\"><svg aria-hidden=\"true\" focusable=\"false\" data-prefix=\"far\" data-icon=\"chart-bar\" role=\"img\" xmlns=\"http:\/\/www.w3.org\/2000\/svg\" viewBox=\"0 0 512 512\" class=\"svg-inline--fa fa-chart-bar fa-w-16 fa-2x\"><path fill=\"currentColor\" d=\"M396.8 352h22.4c6.4 0 12.8-6.4 12.8-12.8V108.8c0-6.4-6.4-12.8-12.8-12.8h-22.4c-6.4 0-12.8 6.4-12.8 12.8v230.4c0 6.4 6.4 12.8 12.8 12.8zm-192 0h22.4c6.4 0 12.8-6.4 12.8-12.8V140.8c0-6.4-6.4-12.8-12.8-12.8h-22.4c-6.4 0-12.8 6.4-12.8 12.8v198.4c0 6.4 6.4 12.8 12.8 12.8zm96 0h22.4c6.4 0 12.8-6.4 12.8-12.8V204.8c0-6.4-6.4-12.8-12.8-12.8h-22.4c-6.4 0-12.8 6.4-12.8 12.8v134.4c0 6.4 6.4 12.8 12.8 12.8zM496 400H48V80c0-8.84-7.16-16-16-16H16C7.16 64 0 71.16 0 80v336c0 17.67 14.33 32 32 32h464c8.84 0 16-7.16 16-16v-16c0-8.84-7.16-16-16-16zm-387.2-48h22.4c6.4 0 12.8-6.4 12.8-12.8v-70.4c0-6.4-6.4-12.8-12.8-12.8h-22.4c-6.4 0-12.8 6.4-12.8 12.8v70.4c0 6.4 6.4 12.8 12.8 12.8z\" class=\"\"><\/path><\/svg><\/i> <img loading=\"lazy\" decoding=\"async\" width=\"16\" height=\"16\" alt=\"Loading\" src=\"https:\/\/temucotelevision.cl\/web\/wp-content\/plugins\/page-views-count\/ajax-loader-2x.gif\" border=0 \/><\/p><div class=\"pvc_clear\"><\/div>\n<p><strong>Para esta convocatoria se podr\u00e1n presentar las postulaciones hasta el 8 de noviembre, ya sea por parte del mismo artista o bien de alguna organizaci\u00f3n que postule a un\/a tercero\/a, en cinco categor\u00edas a distinguir.<\/strong><\/p>\n\n\n\n<p>La seremi de las Culturas de La Araucan\u00eda Jeannette Paillan, la consejera de las Culturas Rosa Millaqueo y la cantora, investigadora y folclorista Mar\u00eda Molina invitaron a participar en los Premios Regionales de las Culturas, las Artes y el Patrimonio de La Araucan\u00eda 2022,&nbsp; convocatoria que estar\u00e1 abierta hasta el 8 de noviembre del presente a\u00f1o y que buscar reconocer la trayectoria de quienes han aportado significativamente a la cultura de la regi\u00f3n.<\/p>\n\n\n\n<p>\u201cEstos premios son muy relevantes, dado que tanto para el Ministerio, como tambi\u00e9n para la sociedad en su conjunto es fundamental reconocer y poner en valor la contribuci\u00f3n de creadoras, creadores, cultoras y cultores, quienes aportan al desarrollo de un territorio a trav\u00e9s de sus obras y la dedicaci\u00f3n de toda una vida\u201d, enfatiz\u00f3 la seremi, haciendo un llamado a participar.<\/p>\n\n\n\n<p>En relaci\u00f3n a la categor\u00eda arte y cultura mapuche que se incorpora por primera vez en estas distinciones, Jeannette Paillan recalc\u00f3 que \u201cpensamos que en un momento donde la interculturalidad, el rol y participaci\u00f3n de los pueblos originarios a nivel nacional ha sido importante, la Regi\u00f3n de La Araucan\u00eda debe tener su sello particular y este premio viene a visibilizar el trabajo de muchos artistas mapuche\u201d.<\/p>\n\n\n\n<p>Mar\u00eda Molina, ganadora de este reconocimiento en 2021, en la categor\u00eda Trayectoria a la mujer destacada en Culturas, Artes y Patrimonio, expres\u00f3 que \u201cyo creo que es el mayor premio para todas las cultoras y todos los cultores, porque fueron mis grandes maestros, empezando por mi familia, mi madre y aquellas cantoras y cantores que me formaron y que gracias a ellas y a ellos puedo hacer lo que hago\u201d.<\/p>\n\n\n\n<p>Rosa Millaqueo, consejera de las Culturas, las Artes y el Patrimonio ser\u00e1 en esta edici\u00f3n parte del comit\u00e9 evaluador, destac\u00f3 que \u201cen mi caso esta es primera vez que voy a participar en la evaluaci\u00f3n para hacer el reconocimiento. Invito a las y los artistas a ser parte de este importante premio\u201d.<\/p>\n\n\n\n<p>Los Premios Regionales surgen como una medida importante para reconocer la trayectoria de artistas, gestores y cultores que han contribuido al desarrollo cultural, art\u00edstico y patrimonial de La Araucan\u00eda y tambi\u00e9n a las y los artistas j\u00f3venes que comienzan a destacar en el \u00e1mbito art\u00edstico cultural de la regi\u00f3n.<\/p>\n\n\n\n<p><strong>Cinco categor\u00edas<\/strong><\/p>\n\n\n\n<p>Para esta convocatoria se podr\u00e1n presentar las postulaciones hasta el 8 de noviembre, ya sea por parte del mismo artista o bien de alguna organizaci\u00f3n que desee postular a un\/a tercero\/a, en las siguientes categor\u00edas:<\/p>\n\n\n\n<p>1.&nbsp;&nbsp;&nbsp;&nbsp;&nbsp;&nbsp;&nbsp;&nbsp;&nbsp;&nbsp;&nbsp; Arte y Cultura Mapuche;<\/p>\n\n\n\n<p>2.&nbsp;&nbsp;&nbsp;&nbsp;&nbsp;&nbsp;&nbsp;&nbsp;&nbsp;&nbsp;&nbsp; Trayectoria a la gesti\u00f3n cultural territorial;<\/p>\n\n\n\n<p>3.&nbsp;&nbsp;&nbsp;&nbsp;&nbsp;&nbsp;&nbsp;&nbsp;&nbsp;&nbsp;&nbsp; Trayectoria a la mujer destacada en culturas, artes y patrimonio;<\/p>\n\n\n\n<p>4.&nbsp;&nbsp;&nbsp;&nbsp;&nbsp;&nbsp;&nbsp;&nbsp;&nbsp;&nbsp;&nbsp; Trayectoria a la creaci\u00f3n art\u00edstica;<\/p>\n\n\n\n<p>5.&nbsp;&nbsp;&nbsp;&nbsp;&nbsp;&nbsp;&nbsp;&nbsp;&nbsp;&nbsp;&nbsp; Artista\/Creador Joven.<\/p>\n\n\n\n<p>El est\u00edmulo monetario ser\u00e1 de&nbsp; $2.000.000 para los ganadores en cada una de las categor\u00edas.<\/p>\n\n\n\n<p>Las postulaciones pueden efectuarse a trav\u00e9s de soporte material y digital, las bases y el formulario de postulaci\u00f3n est\u00e1n disponibles en:<a href=\"http:\/\/www.cultura.gob.cl\/araucania\" target=\"_blank\" rel=\"noreferrer noopener\">http:\/\/www.cultura.gob.cl\/araucania<\/a>.<\/p>\n\n\n\n<p><strong>Premiados en 2021<\/strong><\/p>\n\n\n\n<p>En la versi\u00f3n anterior los ganadores de los Premios Regionales fueron: Carlos Matus, artista joven; Jos\u00e9 Boggen, en gesti\u00f3n cultural; Alfredo Castillo, en creaci\u00f3n con identidad; Mar\u00eda Molina, mujer destacada y Eduardo Inostroza en creaci\u00f3n art\u00edstica.\u00a0<\/p>\n\n\n\n<figure class=\"wp-block-image size-large\"><img loading=\"lazy\" decoding=\"async\" width=\"1024\" height=\"576\" src=\"https:\/\/temucotelevision.cl\/web\/wp-content\/uploads\/2022\/09\/LA-ARAUCANIeA_2022_TW-1024x576.png\" alt=\"\" class=\"wp-image-35484\" srcset=\"https:\/\/temucotelevision.cl\/web\/wp-content\/uploads\/2022\/09\/LA-ARAUCANIeA_2022_TW-1024x576.png 1024w, https:\/\/temucotelevision.cl\/web\/wp-content\/uploads\/2022\/09\/LA-ARAUCANIeA_2022_TW-768x432.png 768w, https:\/\/temucotelevision.cl\/web\/wp-content\/uploads\/2022\/09\/LA-ARAUCANIeA_2022_TW-1536x864.png 1536w, https:\/\/temucotelevision.cl\/web\/wp-content\/uploads\/2022\/09\/LA-ARAUCANIeA_2022_TW-2048x1152.png 2048w\" sizes=\"auto, (max-width: 1024px) 100vw, 1024px\" \/><\/figure>\n","protected":false},"excerpt":{"rendered":"<div class=\"pvc_clear\"><\/div>\n<p id=\"pvc_stats_35481\" class=\"pvc_stats total_only  \" data-element-id=\"35481\" style=\"\"><i class=\"pvc-stats-icon large\" aria-hidden=\"true\"><svg aria-hidden=\"true\" focusable=\"false\" data-prefix=\"far\" data-icon=\"chart-bar\" role=\"img\" xmlns=\"http:\/\/www.w3.org\/2000\/svg\" viewBox=\"0 0 512 512\" class=\"svg-inline--fa fa-chart-bar fa-w-16 fa-2x\"><path fill=\"currentColor\" d=\"M396.8 352h22.4c6.4 0 12.8-6.4 12.8-12.8V108.8c0-6.4-6.4-12.8-12.8-12.8h-22.4c-6.4 0-12.8 6.4-12.8 12.8v230.4c0 6.4 6.4 12.8 12.8 12.8zm-192 0h22.4c6.4 0 12.8-6.4 12.8-12.8V140.8c0-6.4-6.4-12.8-12.8-12.8h-22.4c-6.4 0-12.8 6.4-12.8 12.8v198.4c0 6.4 6.4 12.8 12.8 12.8zm96 0h22.4c6.4 0 12.8-6.4 12.8-12.8V204.8c0-6.4-6.4-12.8-12.8-12.8h-22.4c-6.4 0-12.8 6.4-12.8 12.8v134.4c0 6.4 6.4 12.8 12.8 12.8zM496 400H48V80c0-8.84-7.16-16-16-16H16C7.16 64 0 71.16 0 80v336c0 17.67 14.33 32 32 32h464c8.84 0 16-7.16 16-16v-16c0-8.84-7.16-16-16-16zm-387.2-48h22.4c6.4 0 12.8-6.4 12.8-12.8v-70.4c0-6.4-6.4-12.8-12.8-12.8h-22.4c-6.4 0-12.8 6.4-12.8 12.8v70.4c0 6.4 6.4 12.8 12.8 12.8z\" class=\"\"><\/path><\/svg><\/i> <img loading=\"lazy\" decoding=\"async\" width=\"16\" height=\"16\" alt=\"Loading\" src=\"https:\/\/temucotelevision.cl\/web\/wp-content\/plugins\/page-views-count\/ajax-loader-2x.gif\" border=0 \/><\/p>\n<div class=\"pvc_clear\"><\/div>\n<p>Para esta convocatoria se podr\u00e1n presentar las postulaciones hasta el 8 de noviembre, ya sea por parte del mismo artista<\/p>\n","protected":false},"author":1,"featured_media":35483,"comment_status":"open","ping_status":"open","sticky":false,"template":"","format":"standard","meta":{"colormag_page_container_layout":"default_layout","colormag_page_sidebar_layout":"default_layout","footnotes":""},"categories":[14],"tags":[319,3436,4228,1383,232],"class_list":["post-35481","post","type-post","status-publish","format-standard","has-post-thumbnail","hentry","category-temuco","tag-agricultura","tag-candidaturas","tag-culturas","tag-premios","tag-seremi"],"a3_pvc":{"activated":true,"total_views":58,"today_views":0},"_links":{"self":[{"href":"https:\/\/temucotelevision.cl\/web\/wp-json\/wp\/v2\/posts\/35481","targetHints":{"allow":["GET"]}}],"collection":[{"href":"https:\/\/temucotelevision.cl\/web\/wp-json\/wp\/v2\/posts"}],"about":[{"href":"https:\/\/temucotelevision.cl\/web\/wp-json\/wp\/v2\/types\/post"}],"author":[{"embeddable":true,"href":"https:\/\/temucotelevision.cl\/web\/wp-json\/wp\/v2\/users\/1"}],"replies":[{"embeddable":true,"href":"https:\/\/temucotelevision.cl\/web\/wp-json\/wp\/v2\/comments?post=35481"}],"version-history":[{"count":1,"href":"https:\/\/temucotelevision.cl\/web\/wp-json\/wp\/v2\/posts\/35481\/revisions"}],"predecessor-version":[{"id":35485,"href":"https:\/\/temucotelevision.cl\/web\/wp-json\/wp\/v2\/posts\/35481\/revisions\/35485"}],"wp:featuredmedia":[{"embeddable":true,"href":"https:\/\/temucotelevision.cl\/web\/wp-json\/wp\/v2\/media\/35483"}],"wp:attachment":[{"href":"https:\/\/temucotelevision.cl\/web\/wp-json\/wp\/v2\/media?parent=35481"}],"wp:term":[{"taxonomy":"category","embeddable":true,"href":"https:\/\/temucotelevision.cl\/web\/wp-json\/wp\/v2\/categories?post=35481"},{"taxonomy":"post_tag","embeddable":true,"href":"https:\/\/temucotelevision.cl\/web\/wp-json\/wp\/v2\/tags?post=35481"}],"curies":[{"name":"wp","href":"https:\/\/api.w.org\/{rel}","templated":true}]}}