{"id":35475,"date":"2022-09-24T17:16:07","date_gmt":"2022-09-24T20:16:07","guid":{"rendered":"https:\/\/temucotelevision.cl\/web\/?p=35475"},"modified":"2022-09-24T17:16:36","modified_gmt":"2022-09-24T20:16:36","slug":"universidad-mayor-celebrara-semana-del-turismo-con-actividades-gratuitas-para-la-comunidad","status":"publish","type":"post","link":"https:\/\/temucotelevision.cl\/web\/2022\/09\/24\/universidad-mayor-celebrara-semana-del-turismo-con-actividades-gratuitas-para-la-comunidad\/","title":{"rendered":"Universidad Mayor celebrar\u00e1 semana del Turismo con actividades gratuitas para la comunidad"},"content":{"rendered":"<div class=\"pvc_clear\"><\/div><p id=\"pvc_stats_35475\" class=\"pvc_stats total_only  \" data-element-id=\"35475\" style=\"\"><i class=\"pvc-stats-icon large\" aria-hidden=\"true\"><svg aria-hidden=\"true\" focusable=\"false\" data-prefix=\"far\" data-icon=\"chart-bar\" role=\"img\" xmlns=\"http:\/\/www.w3.org\/2000\/svg\" viewBox=\"0 0 512 512\" class=\"svg-inline--fa fa-chart-bar fa-w-16 fa-2x\"><path fill=\"currentColor\" d=\"M396.8 352h22.4c6.4 0 12.8-6.4 12.8-12.8V108.8c0-6.4-6.4-12.8-12.8-12.8h-22.4c-6.4 0-12.8 6.4-12.8 12.8v230.4c0 6.4 6.4 12.8 12.8 12.8zm-192 0h22.4c6.4 0 12.8-6.4 12.8-12.8V140.8c0-6.4-6.4-12.8-12.8-12.8h-22.4c-6.4 0-12.8 6.4-12.8 12.8v198.4c0 6.4 6.4 12.8 12.8 12.8zm96 0h22.4c6.4 0 12.8-6.4 12.8-12.8V204.8c0-6.4-6.4-12.8-12.8-12.8h-22.4c-6.4 0-12.8 6.4-12.8 12.8v134.4c0 6.4 6.4 12.8 12.8 12.8zM496 400H48V80c0-8.84-7.16-16-16-16H16C7.16 64 0 71.16 0 80v336c0 17.67 14.33 32 32 32h464c8.84 0 16-7.16 16-16v-16c0-8.84-7.16-16-16-16zm-387.2-48h22.4c6.4 0 12.8-6.4 12.8-12.8v-70.4c0-6.4-6.4-12.8-12.8-12.8h-22.4c-6.4 0-12.8 6.4-12.8 12.8v70.4c0 6.4 6.4 12.8 12.8 12.8z\" class=\"\"><\/path><\/svg><\/i> <img loading=\"lazy\" decoding=\"async\" width=\"16\" height=\"16\" alt=\"Loading\" src=\"https:\/\/temucotelevision.cl\/web\/wp-content\/plugins\/page-views-count\/ajax-loader-2x.gif\" border=0 \/><\/p><div class=\"pvc_clear\"><\/div>\n<p><em>La Escuela de Turismo Sustentable de la sede Temuco invita al seminario \u201cRepensar el turismo desde el sur\u201d en el Aula Magna y a la inauguraci\u00f3n de la exposici\u00f3n fotogr\u00e1fica \u201cLente Tur\u00edstico, Enfoque Patrimonial\u201d en la Sala de Arte, ambas el martes 27 de septiembre. Mientras que el viernes 30, ser\u00e1 el turno de una Feria en los Domos, enfocada en abrir un espacio a actores p\u00fablicos y privados del sector tur\u00edstico de La Araucan\u00eda.&nbsp;<\/em><\/p>\n\n\n\n<p>La Escuela de Turismo Sustentable de la Universidad Mayor sede Temuco, invita a toda la comunidad a ser parte de las actividades que han preparado con motivo del D\u00eda Mundial del Turismo, las que se extender\u00e1n del martes 27 al viernes 30 de septiembre en distintos espacios del Campus Alemania.<\/p>\n\n\n\n<p>La Organizaci\u00f3n Mundial del Turismo (OMT), dice la directora de Escuela, Dra. Luz Andrea Cote, invita a que, ahora que la recuperaci\u00f3n del sector tur\u00edstico est\u00e1 en marcha, y cuando su reconocimiento pol\u00edtico y p\u00fablico es mayor que nunca, aprovechemos la oportunidad para repensar c\u00f3mo hacemos turismo.&nbsp;<\/p>\n\n\n\n<p>\u201cEsto significa poner en primer plano a las personas y al planeta, y reunir a todos los interesados, desde los gobiernos y las empresas hasta las comunidades locales, en torno a una visi\u00f3n compartida de un sector m\u00e1s sostenible, inclusivo y resiliente\u201d, agrega.&nbsp;<\/p>\n\n\n\n<p>Es por eso que Turismo Sustentable busca responder al llamado abriendo un espacio para repensar el papel que puede jugar el turismo en el bienestar general de la macrozona sur de Chile, con especial \u00e9nfasis en sus pueblos originarios, artesanos y comunidades rurales.&nbsp;<\/p>\n\n\n\n<p>\u201cEsto significa abordar con visi\u00f3n cr\u00edtica el desarrollo tur\u00edstico que hemos tenido hasta la actualidad tocando temas sensibles como la democratizaci\u00f3n de los beneficios del turismo, su impacto en las comunidades locales y pueblos originarios, las tipolog\u00edas de turismo por las cuales hemos apostado y estamos apostando, y los caminos que podemos seguir para mejorar en criterios de sostenibilidad tur\u00edstica. Lo que queremos es aportar a una reflexi\u00f3n pertinente sobre el turismo que necesitamos en el sur del mundo, en Chile, y en su macrozona sur, especialmente en la Regi\u00f3n de La Araucan\u00eda\u201d, explica la Dra. Cote.<\/p>\n\n\n\n<p><strong>Repensar el turismo desde el sur<\/strong><\/p>\n\n\n\n<p>El d\u00eda martes 27 de septiembre, a las 10.00 horas, se desarrollar\u00e1 el seminario \u201cRepensar el turismo desde el sur\u201d en el Aula Magna de la U. Mayor, y lo har\u00e1 con expositoras de nivel internacional y nacional.<\/p>\n\n\n\n<p>Se trata de la Dra. Mar\u00eda Jos\u00e9 Pastor Alfonso, acad\u00e9mica e investigadora de la Universidad de Alicante, Espa\u00f1a, reconocida especialista en temas de patrimonio cultural y turismo ind\u00edgena, quien ha desarrollado sus investigaciones con pueblos originarios y comunidades locales de su pa\u00eds, M\u00e9xico y Venezuela.&nbsp;<\/p>\n\n\n\n<p>Su ponencia se titular\u00e1: \u201cTurismo ind\u00edgena y conservaci\u00f3n del patrimonio. \u00bfVamos hacia la sostenibilidad?\u201d.<\/p>\n\n\n\n<p>Luego ser\u00e1 el turno de la Dra. Marisela Pilquiman, investigadora chilena asociada al Grupo de Investigaci\u00f3n en Estudios Urbanos y del Turismo (URByTUR) de la Universidad Aut\u00f3noma de Madrid; quien adem\u00e1s es investigadora asociada del Centro de Investigaci\u00f3n, Desarrollo e Innovaci\u00f3n en Turismo de Intereses; y acad\u00e9mica del Instituto de Turismo, ambos de la Universidad Austral de Chile, y vicepresidenta de la Sociedad de Investigadores en Turismo de Chile, Societur.&nbsp;<\/p>\n\n\n\n<p>La Dra. Pilquiman presentar\u00e1 la ponencia: \u201cPuesta en valor tur\u00edstico de los patrimonios.&nbsp;&nbsp;Beneficios y cautelas para los pueblos originarios\u201d.<\/p>\n\n\n\n<p>Continuar\u00e1 con las exposiciones, Isabel Carvajal Gamonal, especialista en comercio justo y actualmente encargada de Comercializaci\u00f3n de la Fundaci\u00f3n Artesan\u00edas de Chile, quien abordar\u00e1: \u201cEl comercio justo en la artesan\u00eda como factor clave de la sostenibilidad tur\u00edstica\u201d.&nbsp;<\/p>\n\n\n\n<p>Carvajal Gamonal se ha desempe\u00f1ado en diversos cargos de gerencia, direcci\u00f3n y asesoramiento, en organizaciones como la Fundaci\u00f3n para la Superaci\u00f3n de la Pobreza, la Asociaci\u00f3n Ind\u00edgenas Relmu Witral, Comparte S.A., y Grupo de Mujeres Rayen Lafken de Tir\u00faa, entre otras.&nbsp;<\/p>\n\n\n\n<p>Para cerrar la jornada, Patricia Herrera Pintor presentar\u00e1 la ponencia titulada: \u201cGeoturismo para el desarrollo territorial rural\u201d.&nbsp;<\/p>\n\n\n\n<p>Herrera Pintor es coordinadora del Geoparque Mundial UNESCO K\u00fctralkura y secretaria general de la Red Latinoamericana y del Caribe de Geoparques Mundiales UNESCO. Tiene m\u00e1s de 30 a\u00f1os de experiencia laboral en la Regi\u00f3n de La Araucan\u00eda, en cargos directivos del Gobierno Regional, y en programas de desarrollo, con trabajo directo con instituciones p\u00fablicas, privadas, y organizaciones locales.<\/p>\n\n\n\n<p><strong>Exposici\u00f3n fotogr\u00e1fica<\/strong><\/p>\n\n\n\n<p>El mismo d\u00eda, pero en la Sala de Arte de la U. Mayor, se inaugurar\u00e1 la exposici\u00f3n que da cuenta del exitoso primer concurso de fotograf\u00eda de Turismo Sustentable titulado: \u201cLente Tur\u00edstico, Enfoque Patrimonial\u201d.&nbsp;<\/p>\n\n\n\n<p>\u201cTanto el concurso como la exposici\u00f3n buscan poner en valor el patrimonio cultural y natural como un recurso para el desarrollo del turismo sostenible en Chile, especialmente en las regiones del Biob\u00edo, La Araucan\u00eda, Los R\u00edos y Los Lagos, as\u00ed como reflexionar acerca de su fragilidad y la necesidad de su apropiaci\u00f3n y protecci\u00f3n\u201d, dice la directora Cote.&nbsp;<\/p>\n\n\n\n<p>Asimismo, a\u00f1ade que \u201calgo muy importante es que la exposici\u00f3n nos permitir\u00e1 tener una mejor idea de lo que las personas identifican como su patrimonio, algo que resulta muy importante actualmente, cuando estamos intentando sacudirnos los viejos preceptos que nos han dejado d\u00e9cadas de una mirada monumentalista y centralizada del patrimonio. En este sentido, esta exposici\u00f3n es un di\u00e1logo, no solo sobre lo que constituye nuestro patrimonio, sino sobre el concepto mismo. En esta ocasi\u00f3n, ha primado una valoraci\u00f3n del paisaje, tanto de cordillera como de costa, y tambi\u00e9n de especies de fauna y flora. Tambi\u00e9n, aunque en menor medida, han estado presentes las manifestaciones culturales, de manera que algunas fotograf\u00edas han destacado principalmente el patrimonio cultural inmaterial, especialmente en contexto rural y de pueblos originarios\u201d.<\/p>\n\n\n\n<p>\u201cPara el concurso recibimos m\u00e1s de 60 fotograf\u00edas, pero hemos tenido que seleccionar diez finalistas con el objetivo de hacer factible la exposici\u00f3n. Para tratar de subsanarlo, estaremos exhibiendo en digital las dem\u00e1s obras que no pudieron imprimirse, y que merecen darse a conocer. Fue muy dif\u00edcil reducir la muestra a diez, y pedimos a todos los participantes su comprensi\u00f3n. De entre los diez finalistas, se elegir\u00e1n los ganadores: 1\u00b0, 2\u00b0, 3\u00b0 y 4\u00b0 puesto para la categor\u00eda P\u00fablico General, y 1\u00b0 y 2\u00b0 puesto para la categor\u00eda 3\u00b0 y 4\u00b0 Medio. La exposici\u00f3n estar\u00e9 disponible hasta el 21 de octubre en la Sala de Artes de la Universidad Mayor\u201d, detalla la acad\u00e9mica.<\/p>\n\n\n\n<p><strong>Feria en los Domos<\/strong><\/p>\n\n\n\n<p>Las actividades finalizar\u00e1n el viernes 30 de septiembre, en los Domos de la sede Temuco, donde, entre las 10.00 y las 18.00 horas, se desarrollar\u00e1 la Feria \u201cRepensar el turismo desde el sur\u201d, enfocada en abrir un espacio a actores p\u00fablicos y privados del sector tur\u00edstico de la Regi\u00f3n de La Araucan\u00eda, para que expongan a la comunidad general el aporte que realizan al desarrollo del turismo sostenible.&nbsp;<\/p>\n\n\n\n<p>\u201cTendremos m\u00e1s de diez expositores, individuales y asociados, que mostrar\u00e1n el trabajo que realizan desde su visi\u00f3n particular de turismo, haciendo posible la diversidad de oferta que actualmente tenemos en la regi\u00f3n. La idea es que estudiantes y docentes, emprendedores, investigadores, y la comunidad en general, puedan enterarse de primera mano de la din\u00e1mica tur\u00edstica de nuestro territorio, y puedan preguntar a sus protagonistas acerca de los temas que m\u00e1s les despiertan inter\u00e9s. La exposici\u00f3n en los stands estar\u00e1 dinamizada por presentaciones y talleres que se realizar\u00e1n en el mismo espacio de los Domos de la Universidad Mayor\u201d, concluye la Dra. Cote.<\/p>\n\n\n\n<figure class=\"wp-block-image size-large\"><img loading=\"lazy\" decoding=\"async\" width=\"1024\" height=\"681\" src=\"https:\/\/temucotelevision.cl\/web\/wp-content\/uploads\/2022\/09\/Semana-del-Turismo-UM-02-1024x681.jpeg\" alt=\"\" class=\"wp-image-35479\" srcset=\"https:\/\/temucotelevision.cl\/web\/wp-content\/uploads\/2022\/09\/Semana-del-Turismo-UM-02-1024x681.jpeg 1024w, https:\/\/temucotelevision.cl\/web\/wp-content\/uploads\/2022\/09\/Semana-del-Turismo-UM-02-768x511.jpeg 768w, https:\/\/temucotelevision.cl\/web\/wp-content\/uploads\/2022\/09\/Semana-del-Turismo-UM-02.jpeg 1280w\" sizes=\"auto, (max-width: 1024px) 100vw, 1024px\" \/><\/figure>\n","protected":false},"excerpt":{"rendered":"<div class=\"pvc_clear\"><\/div>\n<p id=\"pvc_stats_35475\" class=\"pvc_stats total_only  \" data-element-id=\"35475\" style=\"\"><i class=\"pvc-stats-icon large\" aria-hidden=\"true\"><svg aria-hidden=\"true\" focusable=\"false\" data-prefix=\"far\" data-icon=\"chart-bar\" role=\"img\" xmlns=\"http:\/\/www.w3.org\/2000\/svg\" viewBox=\"0 0 512 512\" class=\"svg-inline--fa fa-chart-bar fa-w-16 fa-2x\"><path fill=\"currentColor\" d=\"M396.8 352h22.4c6.4 0 12.8-6.4 12.8-12.8V108.8c0-6.4-6.4-12.8-12.8-12.8h-22.4c-6.4 0-12.8 6.4-12.8 12.8v230.4c0 6.4 6.4 12.8 12.8 12.8zm-192 0h22.4c6.4 0 12.8-6.4 12.8-12.8V140.8c0-6.4-6.4-12.8-12.8-12.8h-22.4c-6.4 0-12.8 6.4-12.8 12.8v198.4c0 6.4 6.4 12.8 12.8 12.8zm96 0h22.4c6.4 0 12.8-6.4 12.8-12.8V204.8c0-6.4-6.4-12.8-12.8-12.8h-22.4c-6.4 0-12.8 6.4-12.8 12.8v134.4c0 6.4 6.4 12.8 12.8 12.8zM496 400H48V80c0-8.84-7.16-16-16-16H16C7.16 64 0 71.16 0 80v336c0 17.67 14.33 32 32 32h464c8.84 0 16-7.16 16-16v-16c0-8.84-7.16-16-16-16zm-387.2-48h22.4c6.4 0 12.8-6.4 12.8-12.8v-70.4c0-6.4-6.4-12.8-12.8-12.8h-22.4c-6.4 0-12.8 6.4-12.8 12.8v70.4c0 6.4 6.4 12.8 12.8 12.8z\" class=\"\"><\/path><\/svg><\/i> <img loading=\"lazy\" decoding=\"async\" width=\"16\" height=\"16\" alt=\"Loading\" src=\"https:\/\/temucotelevision.cl\/web\/wp-content\/plugins\/page-views-count\/ajax-loader-2x.gif\" border=0 \/><\/p>\n<div class=\"pvc_clear\"><\/div>\n<p>La Escuela de Turismo Sustentable de la sede Temuco invita al seminario \u201cRepensar el turismo desde el sur\u201d en el<\/p>\n","protected":false},"author":1,"featured_media":35476,"comment_status":"open","ping_status":"open","sticky":false,"template":"","format":"standard","meta":{"colormag_page_container_layout":"default_layout","colormag_page_sidebar_layout":"default_layout","footnotes":""},"categories":[86,14],"tags":[1462,1038,5810,734,1154,94],"class_list":["post-35475","post","type-post","status-publish","format-standard","has-post-thumbnail","hentry","category-panoramas","category-temuco","tag-actividades","tag-comunidad","tag-domos","tag-escuela","tag-seminario","tag-turismo"],"a3_pvc":{"activated":true,"total_views":47,"today_views":0},"_links":{"self":[{"href":"https:\/\/temucotelevision.cl\/web\/wp-json\/wp\/v2\/posts\/35475","targetHints":{"allow":["GET"]}}],"collection":[{"href":"https:\/\/temucotelevision.cl\/web\/wp-json\/wp\/v2\/posts"}],"about":[{"href":"https:\/\/temucotelevision.cl\/web\/wp-json\/wp\/v2\/types\/post"}],"author":[{"embeddable":true,"href":"https:\/\/temucotelevision.cl\/web\/wp-json\/wp\/v2\/users\/1"}],"replies":[{"embeddable":true,"href":"https:\/\/temucotelevision.cl\/web\/wp-json\/wp\/v2\/comments?post=35475"}],"version-history":[{"count":2,"href":"https:\/\/temucotelevision.cl\/web\/wp-json\/wp\/v2\/posts\/35475\/revisions"}],"predecessor-version":[{"id":35480,"href":"https:\/\/temucotelevision.cl\/web\/wp-json\/wp\/v2\/posts\/35475\/revisions\/35480"}],"wp:featuredmedia":[{"embeddable":true,"href":"https:\/\/temucotelevision.cl\/web\/wp-json\/wp\/v2\/media\/35476"}],"wp:attachment":[{"href":"https:\/\/temucotelevision.cl\/web\/wp-json\/wp\/v2\/media?parent=35475"}],"wp:term":[{"taxonomy":"category","embeddable":true,"href":"https:\/\/temucotelevision.cl\/web\/wp-json\/wp\/v2\/categories?post=35475"},{"taxonomy":"post_tag","embeddable":true,"href":"https:\/\/temucotelevision.cl\/web\/wp-json\/wp\/v2\/tags?post=35475"}],"curies":[{"name":"wp","href":"https:\/\/api.w.org\/{rel}","templated":true}]}}