{"id":35469,"date":"2022-09-24T17:04:57","date_gmt":"2022-09-24T20:04:57","guid":{"rendered":"https:\/\/temucotelevision.cl\/web\/?p=35469"},"modified":"2022-09-24T17:12:37","modified_gmt":"2022-09-24T20:12:37","slug":"destinos-turisticos-son-protagonistas-en-las-rutas-turisticas-del-sur-del-pais","status":"publish","type":"post","link":"https:\/\/temucotelevision.cl\/web\/2022\/09\/24\/destinos-turisticos-son-protagonistas-en-las-rutas-turisticas-del-sur-del-pais\/","title":{"rendered":"Destinos tur\u00edsticos son protagonistas en las rutas tur\u00edsticas del sur del pa\u00eds"},"content":{"rendered":"<div class=\"pvc_clear\"><\/div><p id=\"pvc_stats_35469\" class=\"pvc_stats total_only  \" data-element-id=\"35469\" style=\"\"><i class=\"pvc-stats-icon large\" aria-hidden=\"true\"><svg aria-hidden=\"true\" focusable=\"false\" data-prefix=\"far\" data-icon=\"chart-bar\" role=\"img\" xmlns=\"http:\/\/www.w3.org\/2000\/svg\" viewBox=\"0 0 512 512\" class=\"svg-inline--fa fa-chart-bar fa-w-16 fa-2x\"><path fill=\"currentColor\" d=\"M396.8 352h22.4c6.4 0 12.8-6.4 12.8-12.8V108.8c0-6.4-6.4-12.8-12.8-12.8h-22.4c-6.4 0-12.8 6.4-12.8 12.8v230.4c0 6.4 6.4 12.8 12.8 12.8zm-192 0h22.4c6.4 0 12.8-6.4 12.8-12.8V140.8c0-6.4-6.4-12.8-12.8-12.8h-22.4c-6.4 0-12.8 6.4-12.8 12.8v198.4c0 6.4 6.4 12.8 12.8 12.8zm96 0h22.4c6.4 0 12.8-6.4 12.8-12.8V204.8c0-6.4-6.4-12.8-12.8-12.8h-22.4c-6.4 0-12.8 6.4-12.8 12.8v134.4c0 6.4 6.4 12.8 12.8 12.8zM496 400H48V80c0-8.84-7.16-16-16-16H16C7.16 64 0 71.16 0 80v336c0 17.67 14.33 32 32 32h464c8.84 0 16-7.16 16-16v-16c0-8.84-7.16-16-16-16zm-387.2-48h22.4c6.4 0 12.8-6.4 12.8-12.8v-70.4c0-6.4-6.4-12.8-12.8-12.8h-22.4c-6.4 0-12.8 6.4-12.8 12.8v70.4c0 6.4 6.4 12.8 12.8 12.8z\" class=\"\"><\/path><\/svg><\/i> <img loading=\"lazy\" decoding=\"async\" width=\"16\" height=\"16\" alt=\"Loading\" src=\"https:\/\/temucotelevision.cl\/web\/wp-content\/plugins\/page-views-count\/ajax-loader-2x.gif\" border=0 \/><\/p><div class=\"pvc_clear\"><\/div>\n<ul class=\"wp-block-list\"><li>El posicionamiento de atracciones rurales que muestran tradiciones y experiencias distintas al visitante han ido tomando fuerza en el \u00faltimo tiempo, lo que genera a su vez que los peque\u00f1os emprendimientos tur\u00edsticos capaciten para entregar un mejor servicio y atenci\u00f3n.<\/li><\/ul>\n\n\n\n<p>Ver como preparan platos tradicionales o ancestrales, sacando ingredientes de la misma tierra, conversar con mujeres rurales conocedoras de plantas y semillas, apreciar la elaboraci\u00f3n de hermosos telares, son algunas de las experiencias posibles a conocer de una manera distinta y cercana. La Ruta Lagos y Volcanes concentra una serie de atractivos culturales que invitan al turista a ser parte de la historia, demanda en crecimiento que ha fomentado la aparici\u00f3n de nuevos emprendimientos de turismo en sectores rurales de nuestro pa\u00eds. Emprendedores y emprendedoras que han comenzado a capacitarse para entregar un mejor servicio y atenci\u00f3n.<\/p>\n\n\n\n<p>Con motivo de la conmemoraci\u00f3n del D\u00eda Mundial del Turismo, el Programa Ruta Lagos y Volcanes en conjunto a la Subsecretar\u00eda de Turismo, Indap, Centros de Negocios y representantes privados del territorio, realizar\u00e1n dos webinars que pretenden transferir informaci\u00f3n y experiencias en torno a tem\u00e1ticas relevantes del turismo rural e ind\u00edgena del destino.<\/p>\n\n\n\n<p>El jueves&nbsp;<strong>29 de septiembre se realizar\u00e1 el webinar \u201cOportunidades y desaf\u00edos del emprendimiento tur\u00edstico en entornos rurales<\/strong>\u201d, pensada para emprendedores de turismo en entornos rurales, que quieran conocer el proceso de formalizaci\u00f3n de proyectos, instituciones relacionadas, plazos y documentaci\u00f3n requerida. Y lo m\u00e1s importante, se expondr\u00e1 el cambio en la normativa sanitaria para la formalizaci\u00f3n de emprendimientos que por las condiciones de su entorno no puedan habilitar instalaciones sanitarias tradicionales.&nbsp;\ud835\udddc\ud835\uddfb\ud835\ude00\ud835\uddf0\ud835\uddff\ud835\uddf6\u0301\ud835\uddef\ud835\uddf2\ud835\ude01\ud835\uddf2&nbsp;\ud835\uddf2\ud835\uddfb&nbsp;\ud835\uddf2\ud835\uddf9&nbsp;\ud835\ude00\ud835\uddf6\ud835\uddf4\ud835\ude02\ud835\uddf6\ud835\uddf2\ud835\uddfb\ud835\ude01\ud835\uddf2&nbsp;\ud835\uddf9\ud835\uddf6\ud835\uddfb\ud835\uddf8<a href=\"https:\/\/forms.gle\/dZc7hrsa8r7oKD3C9\">https:\/\/forms.gle\/dZc7hrsa8r7oKD3C9<\/a><\/p>\n\n\n\n<p>La segunda jornada ser\u00e1 el<strong>&nbsp;jueves 6 de octubre sobre \u201cAsociatividad en turismo Ind\u00edgena, fortalecimiento de liderazgos para el desarrollo local\u201d,&nbsp;<\/strong>que<strong>&nbsp;<\/strong>tendr\u00e1 como tem\u00e1tica la asociatividad en turismo ind\u00edgena, donde tres expositores relatar\u00e1n sus diversas experiencias en el trabajo asociativo: Javier Lefiman, director ejecutivo de la Sociedad de Turismo Mapuche A.G;&nbsp;&nbsp;Ang\u00e9lica Chincolef, gerenta de Cooperativa \u00d1a\u00f1as Gourmet; y Joaqu\u00edn Meli\u00f1ir representante de la empresa Mely Ayin.&nbsp;\ud835\udddc\ud835\uddfb\ud835\ude00\ud835\uddf0\ud835\uddff\ud835\uddf6\u0301\ud835\uddef\ud835\uddf2\ud835\ude01\ud835\uddf2&nbsp;\ud835\uddf2\ud835\uddfb&nbsp;\ud835\uddf2\ud835\uddf9&nbsp;\ud835\ude00\ud835\uddf6\ud835\uddf4\ud835\ude02\ud835\uddf6\ud835\uddf2\ud835\uddfb\ud835\ude01\ud835\uddf2&nbsp;\ud835\uddf9\ud835\uddf6\ud835\uddfb\ud835\uddf8&nbsp;<a href=\"https:\/\/forms.gle\/dZc7hrsa8r7oKD3C9\">https:\/\/forms.gle\/dZc7hrsa8r7oKD3C9<\/a><\/p>\n\n\n\n<p>El gerente de la Ruta Lagos y Volcanes, Rodrigo Moreno, destac\u00f3 el inter\u00e9s de los peque\u00f1os emprendedores por llevar sus negocios un paso m\u00e1s all\u00e1, en un momento importante dado el levantamiento de las restricciones sanitarias. \u201cHan sido tiempos dificiles&nbsp;&nbsp;pero vemos grandes oportunidads en esta post pandemia. Se han dado diversos cambios en los intereses de los turistas, quienes cada vez m\u00e1s priorizan destinos rurales, actividades vinculadas a la naturaleza y experiencias que ncluyan elementos culturales locales\u201d.<\/p>\n\n\n\n<p>La Ruta Lagos y Volcanes es una red de m\u00e1s de 2.000 kil\u00f3metros de caminos tur\u00edsticos que recorre 6 circuitos que en conjunto presentan una oferta de turismo de naturaleza y aventura de nivel mundial, acompa\u00f1ado de nuestra diversidad cultural compuesta por familias campesinas, ind\u00edgenas y criollas, los que conforman un patrimonio cultural \u00fanico.<\/p>\n\n\n\n<figure class=\"wp-block-image size-large\"><img loading=\"lazy\" decoding=\"async\" width=\"819\" height=\"1024\" src=\"https:\/\/temucotelevision.cl\/web\/wp-content\/uploads\/2022\/09\/Turismo-rural-819x1024.jpeg\" alt=\"\" class=\"wp-image-35472\" srcset=\"https:\/\/temucotelevision.cl\/web\/wp-content\/uploads\/2022\/09\/Turismo-rural-819x1024.jpeg 819w, https:\/\/temucotelevision.cl\/web\/wp-content\/uploads\/2022\/09\/Turismo-rural-768x960.jpeg 768w, https:\/\/temucotelevision.cl\/web\/wp-content\/uploads\/2022\/09\/Turismo-rural.jpeg 1024w\" sizes=\"auto, (max-width: 819px) 100vw, 819px\" \/><\/figure>\n\n\n\n<figure class=\"wp-block-image size-large\"><img loading=\"lazy\" decoding=\"async\" width=\"819\" height=\"1024\" src=\"https:\/\/temucotelevision.cl\/web\/wp-content\/uploads\/2022\/09\/Asociatividad-en-turismo-indigena-819x1024.jpeg\" alt=\"\" class=\"wp-image-35473\" srcset=\"https:\/\/temucotelevision.cl\/web\/wp-content\/uploads\/2022\/09\/Asociatividad-en-turismo-indigena-819x1024.jpeg 819w, https:\/\/temucotelevision.cl\/web\/wp-content\/uploads\/2022\/09\/Asociatividad-en-turismo-indigena-768x960.jpeg 768w, https:\/\/temucotelevision.cl\/web\/wp-content\/uploads\/2022\/09\/Asociatividad-en-turismo-indigena.jpeg 1024w\" sizes=\"auto, (max-width: 819px) 100vw, 819px\" \/><\/figure>\n","protected":false},"excerpt":{"rendered":"<div class=\"pvc_clear\"><\/div>\n<p id=\"pvc_stats_35469\" class=\"pvc_stats total_only  \" data-element-id=\"35469\" style=\"\"><i class=\"pvc-stats-icon large\" aria-hidden=\"true\"><svg aria-hidden=\"true\" focusable=\"false\" data-prefix=\"far\" data-icon=\"chart-bar\" role=\"img\" xmlns=\"http:\/\/www.w3.org\/2000\/svg\" viewBox=\"0 0 512 512\" class=\"svg-inline--fa fa-chart-bar fa-w-16 fa-2x\"><path fill=\"currentColor\" d=\"M396.8 352h22.4c6.4 0 12.8-6.4 12.8-12.8V108.8c0-6.4-6.4-12.8-12.8-12.8h-22.4c-6.4 0-12.8 6.4-12.8 12.8v230.4c0 6.4 6.4 12.8 12.8 12.8zm-192 0h22.4c6.4 0 12.8-6.4 12.8-12.8V140.8c0-6.4-6.4-12.8-12.8-12.8h-22.4c-6.4 0-12.8 6.4-12.8 12.8v198.4c0 6.4 6.4 12.8 12.8 12.8zm96 0h22.4c6.4 0 12.8-6.4 12.8-12.8V204.8c0-6.4-6.4-12.8-12.8-12.8h-22.4c-6.4 0-12.8 6.4-12.8 12.8v134.4c0 6.4 6.4 12.8 12.8 12.8zM496 400H48V80c0-8.84-7.16-16-16-16H16C7.16 64 0 71.16 0 80v336c0 17.67 14.33 32 32 32h464c8.84 0 16-7.16 16-16v-16c0-8.84-7.16-16-16-16zm-387.2-48h22.4c6.4 0 12.8-6.4 12.8-12.8v-70.4c0-6.4-6.4-12.8-12.8-12.8h-22.4c-6.4 0-12.8 6.4-12.8 12.8v70.4c0 6.4 6.4 12.8 12.8 12.8z\" class=\"\"><\/path><\/svg><\/i> <img loading=\"lazy\" decoding=\"async\" width=\"16\" height=\"16\" alt=\"Loading\" src=\"https:\/\/temucotelevision.cl\/web\/wp-content\/plugins\/page-views-count\/ajax-loader-2x.gif\" border=0 \/><\/p>\n<div class=\"pvc_clear\"><\/div>\n<p>El posicionamiento de atracciones rurales que muestran tradiciones y experiencias distintas al visitante han ido tomando fuerza en el \u00faltimo<\/p>\n","protected":false},"author":1,"featured_media":35470,"comment_status":"open","ping_status":"open","sticky":false,"template":"","format":"standard","meta":{"colormag_page_container_layout":"default_layout","colormag_page_sidebar_layout":"default_layout","footnotes":""},"categories":[15,86],"tags":[5809,1501,331,3036,396],"class_list":["post-35469","post","type-post","status-publish","format-standard","has-post-thumbnail","hentry","category-la-araucania","category-panoramas","tag-atracciones","tag-conguillio","tag-pais","tag-rutas","tag-tradiciones"],"a3_pvc":{"activated":true,"total_views":41,"today_views":0},"_links":{"self":[{"href":"https:\/\/temucotelevision.cl\/web\/wp-json\/wp\/v2\/posts\/35469","targetHints":{"allow":["GET"]}}],"collection":[{"href":"https:\/\/temucotelevision.cl\/web\/wp-json\/wp\/v2\/posts"}],"about":[{"href":"https:\/\/temucotelevision.cl\/web\/wp-json\/wp\/v2\/types\/post"}],"author":[{"embeddable":true,"href":"https:\/\/temucotelevision.cl\/web\/wp-json\/wp\/v2\/users\/1"}],"replies":[{"embeddable":true,"href":"https:\/\/temucotelevision.cl\/web\/wp-json\/wp\/v2\/comments?post=35469"}],"version-history":[{"count":2,"href":"https:\/\/temucotelevision.cl\/web\/wp-json\/wp\/v2\/posts\/35469\/revisions"}],"predecessor-version":[{"id":35474,"href":"https:\/\/temucotelevision.cl\/web\/wp-json\/wp\/v2\/posts\/35469\/revisions\/35474"}],"wp:featuredmedia":[{"embeddable":true,"href":"https:\/\/temucotelevision.cl\/web\/wp-json\/wp\/v2\/media\/35470"}],"wp:attachment":[{"href":"https:\/\/temucotelevision.cl\/web\/wp-json\/wp\/v2\/media?parent=35469"}],"wp:term":[{"taxonomy":"category","embeddable":true,"href":"https:\/\/temucotelevision.cl\/web\/wp-json\/wp\/v2\/categories?post=35469"},{"taxonomy":"post_tag","embeddable":true,"href":"https:\/\/temucotelevision.cl\/web\/wp-json\/wp\/v2\/tags?post=35469"}],"curies":[{"name":"wp","href":"https:\/\/api.w.org\/{rel}","templated":true}]}}