{"id":35466,"date":"2022-09-24T16:59:10","date_gmt":"2022-09-24T19:59:10","guid":{"rendered":"https:\/\/temucotelevision.cl\/web\/?p=35466"},"modified":"2022-09-24T16:59:11","modified_gmt":"2022-09-24T19:59:11","slug":"somos-la-voz-del-viento-golosa-la-orquesta-estrena-videoclip","status":"publish","type":"post","link":"https:\/\/temucotelevision.cl\/web\/2022\/09\/24\/somos-la-voz-del-viento-golosa-la-orquesta-estrena-videoclip\/","title":{"rendered":"&#8220;Somos la voz del viento&#8221;: Golosa la Orquesta estrena videoclip"},"content":{"rendered":"<div class=\"pvc_clear\"><\/div><p id=\"pvc_stats_35466\" class=\"pvc_stats total_only  \" data-element-id=\"35466\" style=\"\"><i class=\"pvc-stats-icon large\" aria-hidden=\"true\"><svg aria-hidden=\"true\" focusable=\"false\" data-prefix=\"far\" data-icon=\"chart-bar\" role=\"img\" xmlns=\"http:\/\/www.w3.org\/2000\/svg\" viewBox=\"0 0 512 512\" class=\"svg-inline--fa fa-chart-bar fa-w-16 fa-2x\"><path fill=\"currentColor\" d=\"M396.8 352h22.4c6.4 0 12.8-6.4 12.8-12.8V108.8c0-6.4-6.4-12.8-12.8-12.8h-22.4c-6.4 0-12.8 6.4-12.8 12.8v230.4c0 6.4 6.4 12.8 12.8 12.8zm-192 0h22.4c6.4 0 12.8-6.4 12.8-12.8V140.8c0-6.4-6.4-12.8-12.8-12.8h-22.4c-6.4 0-12.8 6.4-12.8 12.8v198.4c0 6.4 6.4 12.8 12.8 12.8zm96 0h22.4c6.4 0 12.8-6.4 12.8-12.8V204.8c0-6.4-6.4-12.8-12.8-12.8h-22.4c-6.4 0-12.8 6.4-12.8 12.8v134.4c0 6.4 6.4 12.8 12.8 12.8zM496 400H48V80c0-8.84-7.16-16-16-16H16C7.16 64 0 71.16 0 80v336c0 17.67 14.33 32 32 32h464c8.84 0 16-7.16 16-16v-16c0-8.84-7.16-16-16-16zm-387.2-48h22.4c6.4 0 12.8-6.4 12.8-12.8v-70.4c0-6.4-6.4-12.8-12.8-12.8h-22.4c-6.4 0-12.8 6.4-12.8 12.8v70.4c0 6.4 6.4 12.8 12.8 12.8z\" class=\"\"><\/path><\/svg><\/i> <img loading=\"lazy\" decoding=\"async\" width=\"16\" height=\"16\" alt=\"Loading\" src=\"https:\/\/temucotelevision.cl\/web\/wp-content\/plugins\/page-views-count\/ajax-loader-2x.gif\" border=0 \/><\/p><div class=\"pvc_clear\"><\/div>\n<p><strong>La banda chilena de ra\u00edces fokl\u00f3ricas y World Music\u00a0Golosa La Orquesta\u00a0se encuentra lanzando un nuevo videoclip. La pieza fue dirigida por Leonardo Toro, quien trabaj\u00f3 anteriormente con bandas nacionales de historia y prestigio como Inti Illimani e Illapu.<\/strong><\/p>\n\n\n\n<p>Para el rodaje del sencillo\u00a0<strong>\u201cSomos la voz del viento\u201d<\/strong>,\u00a0 grabaron en el m\u00edtico <strong>Persa V\u00edctor Manuel del barrio Franklin<\/strong>, un lugar cuyo entorno y estilo es un\u00a0reflejo vivo de latinoam\u00e9rica,\u00a0 adem\u00e1s donde estuviesen presentes elementos de las culturas ancestrales. Se apost\u00f3 por un barrio que ha sufrido un cierto abandono, pero que posee de todos modos, una riqueza cultural muy importante. Por eso el video tambi\u00e9n es un homenaje a los barrios antiguos, la banda ha querido hablar de la importancia de que los espacios con historia sigan existiendo.<\/p>\n\n\n\n<p><strong>Golosa la Orquesta<\/strong>\u00a0es una banda musical chilena, con dos discos de estudio, uno en vivo, y cinco giras Internacionales (abarcando Canad\u00e1 y 10 pa\u00edses de Europa). En el a\u00f1o 2019 fueron nominados a los Premios Pulsar por su disco \u201cSobre la Ciudad\u201d, placa que cont\u00f3 con la colaboraci\u00f3n del cantautor argentino Kevin Johansen.<\/p>\n\n\n\n<p>Durante el 2021 lanzaron dos singles<strong> \u201cVoy bajando por la quebr\u00e1\u201d<\/strong>, donde participan el destacado cantautor chileno Nano Stern y el guitarronero Luciano Fuentes, y <strong>\u201cMonta\u00f1a Arriba\u201d<\/strong>, escrito en homenaje a la cordillera de Los Andes. El mismo 2021 participaron en Global Music Match, el mayor programa de colaboraci\u00f3n internacional en el mundo. Actualmente vienen llegado de su gira por Europa y Canad\u00e1, donde participaron de los m\u00e1s destacados festivales de Folk y World Music.<\/p>\n\n\n\n<p><strong>Golosa\u00a0la Orquesta<\/strong>\u00a0plasma en sus canciones y shows, un mensaje consciente y en\u00e9rgico. En palabras de la banda:\u00a0\u00a0<strong>\u201cViajamos desde nuestra tierra para entregar por el mundo las sonoridades m\u00e1s profundas enraizadas en nuestro m\u00edstico continente. Ritmos con aires de huayno, de festejo, de carnaval\u00a0\u00a0entre otros del folklore del cono sur de Latinoam\u00e9rica; fusionados con la fuerza del rock y la libertad del jazz, est\u00e1n presentes en nuestra m\u00fasica. Recogemos en nuestras giras por el mundo, sonidos de una variedad de culturas que se plasman en diversos arreglos, evocando paisajes de nuestro contexto natural y urbano, para unir libremente el mundo en una sola m\u00fasica\u201d<\/strong>.<\/p>\n\n\n\n<figure class=\"wp-block-embed is-type-video is-provider-youtube wp-block-embed-youtube wp-embed-aspect-16-9 wp-has-aspect-ratio\"><div class=\"wp-block-embed__wrapper\">\n<div class=\"epyt-video-wrapper\"><iframe loading=\"lazy\"  id=\"_ytid_73401\"  width=\"800\" height=\"450\"  data-origwidth=\"800\" data-origheight=\"450\" src=\"https:\/\/www.youtube.com\/embed\/1dodA8h92hk?enablejsapi=1&#038;autoplay=0&#038;cc_load_policy=0&#038;cc_lang_pref=&#038;iv_load_policy=1&#038;loop=0&#038;rel=1&#038;fs=1&#038;playsinline=0&#038;autohide=2&#038;theme=dark&#038;color=red&#038;controls=1&#038;disablekb=0&#038;\" class=\"__youtube_prefs__  epyt-is-override  no-lazyload\" title=\"YouTube player\"  allow=\"fullscreen; accelerometer; autoplay; clipboard-write; encrypted-media; gyroscope; picture-in-picture; web-share\" referrerpolicy=\"strict-origin-when-cross-origin\" allowfullscreen data-no-lazy=\"1\" data-skipgform_ajax_framebjll=\"\"><\/iframe><\/div>\n<\/div><\/figure>\n\n\n\n<p><\/p>\n","protected":false},"excerpt":{"rendered":"<div class=\"pvc_clear\"><\/div>\n<p id=\"pvc_stats_35466\" class=\"pvc_stats total_only  \" data-element-id=\"35466\" style=\"\"><i class=\"pvc-stats-icon large\" aria-hidden=\"true\"><svg aria-hidden=\"true\" focusable=\"false\" data-prefix=\"far\" data-icon=\"chart-bar\" role=\"img\" xmlns=\"http:\/\/www.w3.org\/2000\/svg\" viewBox=\"0 0 512 512\" class=\"svg-inline--fa fa-chart-bar fa-w-16 fa-2x\"><path fill=\"currentColor\" d=\"M396.8 352h22.4c6.4 0 12.8-6.4 12.8-12.8V108.8c0-6.4-6.4-12.8-12.8-12.8h-22.4c-6.4 0-12.8 6.4-12.8 12.8v230.4c0 6.4 6.4 12.8 12.8 12.8zm-192 0h22.4c6.4 0 12.8-6.4 12.8-12.8V140.8c0-6.4-6.4-12.8-12.8-12.8h-22.4c-6.4 0-12.8 6.4-12.8 12.8v198.4c0 6.4 6.4 12.8 12.8 12.8zm96 0h22.4c6.4 0 12.8-6.4 12.8-12.8V204.8c0-6.4-6.4-12.8-12.8-12.8h-22.4c-6.4 0-12.8 6.4-12.8 12.8v134.4c0 6.4 6.4 12.8 12.8 12.8zM496 400H48V80c0-8.84-7.16-16-16-16H16C7.16 64 0 71.16 0 80v336c0 17.67 14.33 32 32 32h464c8.84 0 16-7.16 16-16v-16c0-8.84-7.16-16-16-16zm-387.2-48h22.4c6.4 0 12.8-6.4 12.8-12.8v-70.4c0-6.4-6.4-12.8-12.8-12.8h-22.4c-6.4 0-12.8 6.4-12.8 12.8v70.4c0 6.4 6.4 12.8 12.8 12.8z\" class=\"\"><\/path><\/svg><\/i> <img loading=\"lazy\" decoding=\"async\" width=\"16\" height=\"16\" alt=\"Loading\" src=\"https:\/\/temucotelevision.cl\/web\/wp-content\/plugins\/page-views-count\/ajax-loader-2x.gif\" border=0 \/><\/p>\n<div class=\"pvc_clear\"><\/div>\n<p>La banda chilena de ra\u00edces fokl\u00f3ricas y World Music\u00a0Golosa La Orquesta\u00a0se encuentra lanzando un nuevo videoclip. La pieza fue dirigida<\/p>\n","protected":false},"author":1,"featured_media":35467,"comment_status":"open","ping_status":"open","sticky":false,"template":"","format":"standard","meta":{"colormag_page_container_layout":"default_layout","colormag_page_sidebar_layout":"default_layout","footnotes":""},"categories":[369],"tags":[],"class_list":["post-35466","post","type-post","status-publish","format-standard","has-post-thumbnail","hentry","category-musica"],"a3_pvc":{"activated":true,"total_views":29,"today_views":0},"_links":{"self":[{"href":"https:\/\/temucotelevision.cl\/web\/wp-json\/wp\/v2\/posts\/35466","targetHints":{"allow":["GET"]}}],"collection":[{"href":"https:\/\/temucotelevision.cl\/web\/wp-json\/wp\/v2\/posts"}],"about":[{"href":"https:\/\/temucotelevision.cl\/web\/wp-json\/wp\/v2\/types\/post"}],"author":[{"embeddable":true,"href":"https:\/\/temucotelevision.cl\/web\/wp-json\/wp\/v2\/users\/1"}],"replies":[{"embeddable":true,"href":"https:\/\/temucotelevision.cl\/web\/wp-json\/wp\/v2\/comments?post=35466"}],"version-history":[{"count":1,"href":"https:\/\/temucotelevision.cl\/web\/wp-json\/wp\/v2\/posts\/35466\/revisions"}],"predecessor-version":[{"id":35468,"href":"https:\/\/temucotelevision.cl\/web\/wp-json\/wp\/v2\/posts\/35466\/revisions\/35468"}],"wp:featuredmedia":[{"embeddable":true,"href":"https:\/\/temucotelevision.cl\/web\/wp-json\/wp\/v2\/media\/35467"}],"wp:attachment":[{"href":"https:\/\/temucotelevision.cl\/web\/wp-json\/wp\/v2\/media?parent=35466"}],"wp:term":[{"taxonomy":"category","embeddable":true,"href":"https:\/\/temucotelevision.cl\/web\/wp-json\/wp\/v2\/categories?post=35466"},{"taxonomy":"post_tag","embeddable":true,"href":"https:\/\/temucotelevision.cl\/web\/wp-json\/wp\/v2\/tags?post=35466"}],"curies":[{"name":"wp","href":"https:\/\/api.w.org\/{rel}","templated":true}]}}