{"id":35462,"date":"2022-09-23T22:22:44","date_gmt":"2022-09-24T01:22:44","guid":{"rendered":"https:\/\/temucotelevision.cl\/web\/?p=35462"},"modified":"2022-09-23T22:25:03","modified_gmt":"2022-09-24T01:25:03","slug":"continua-busqueda-de-hombre-desaparecido-luego-de-caer-a-rio-en-curarrehue","status":"publish","type":"post","link":"https:\/\/temucotelevision.cl\/web\/2022\/09\/23\/continua-busqueda-de-hombre-desaparecido-luego-de-caer-a-rio-en-curarrehue\/","title":{"rendered":"Sin resultados concluyeron labores de b\u00fasqueda de hombre desaparecido luego de caer a rio en Curarrehue"},"content":{"rendered":"<div class=\"pvc_clear\"><\/div><p id=\"pvc_stats_35462\" class=\"pvc_stats total_only  \" data-element-id=\"35462\" style=\"\"><i class=\"pvc-stats-icon large\" aria-hidden=\"true\"><svg aria-hidden=\"true\" focusable=\"false\" data-prefix=\"far\" data-icon=\"chart-bar\" role=\"img\" xmlns=\"http:\/\/www.w3.org\/2000\/svg\" viewBox=\"0 0 512 512\" class=\"svg-inline--fa fa-chart-bar fa-w-16 fa-2x\"><path fill=\"currentColor\" d=\"M396.8 352h22.4c6.4 0 12.8-6.4 12.8-12.8V108.8c0-6.4-6.4-12.8-12.8-12.8h-22.4c-6.4 0-12.8 6.4-12.8 12.8v230.4c0 6.4 6.4 12.8 12.8 12.8zm-192 0h22.4c6.4 0 12.8-6.4 12.8-12.8V140.8c0-6.4-6.4-12.8-12.8-12.8h-22.4c-6.4 0-12.8 6.4-12.8 12.8v198.4c0 6.4 6.4 12.8 12.8 12.8zm96 0h22.4c6.4 0 12.8-6.4 12.8-12.8V204.8c0-6.4-6.4-12.8-12.8-12.8h-22.4c-6.4 0-12.8 6.4-12.8 12.8v134.4c0 6.4 6.4 12.8 12.8 12.8zM496 400H48V80c0-8.84-7.16-16-16-16H16C7.16 64 0 71.16 0 80v336c0 17.67 14.33 32 32 32h464c8.84 0 16-7.16 16-16v-16c0-8.84-7.16-16-16-16zm-387.2-48h22.4c6.4 0 12.8-6.4 12.8-12.8v-70.4c0-6.4-6.4-12.8-12.8-12.8h-22.4c-6.4 0-12.8 6.4-12.8 12.8v70.4c0 6.4 6.4 12.8 12.8 12.8z\" class=\"\"><\/path><\/svg><\/i> <img loading=\"lazy\" decoding=\"async\" width=\"16\" height=\"16\" alt=\"Loading\" src=\"https:\/\/temucotelevision.cl\/web\/wp-content\/plugins\/page-views-count\/ajax-loader-2x.gif\" border=0 \/><\/p><div class=\"pvc_clear\"><\/div>\n<p>Equipos especializados de Bomberos trabajan en Curarrehue para dar con el paradero de un hombre que se encuentra desaparecido luego que este cayera al lecho de un rio en el sector rural de la comuna.<\/p>\n\n\n\n<p>Desde el d\u00eda de ayer personal de Bomberos de Curarrehue con apoyo de voluntarios de los cuerpos de Bomberos de Puc\u00f3n y Villarrica trabajan en la b\u00fasqueda de un hombre de 43 a\u00f1os que se encuentra extraviado en el sector de Maite Medio desde la tarde del d\u00eda jueves cuando se recibi\u00f3 un llamado a la central de alarmas de Bomberos Curarrehue, en una primera instancia se activaron los grupos GERSAS de la comuna de Villarrica y Puc\u00f3n, quienes trabajaron hasta altas horas de la tarde noche sin obtener resultados positivos.<\/p>\n\n\n\n<p>Seg\u00fan inform\u00f3 el comandante de Bomberos de Curarrehue Sebasti\u00e1n Alvares, lo trabajos de b\u00fasqueda de esta persona se reiniciaron la ma\u00f1ana de este viernes con apoyo de equipos de Kayak de la ciudad de Puc\u00f3n, adem\u00e1s del trabajo de personal de la segunda compa\u00f1\u00eda de Bomberos de Villarrica quienes realizaran el trabajo de b\u00fasqueda por zonas agrestes, siguiendo el cauce del rio donde se habr\u00eda precipitado el hombre desaparecido.<\/p>\n","protected":false},"excerpt":{"rendered":"<div class=\"pvc_clear\"><\/div>\n<p id=\"pvc_stats_35462\" class=\"pvc_stats total_only  \" data-element-id=\"35462\" style=\"\"><i class=\"pvc-stats-icon large\" aria-hidden=\"true\"><svg aria-hidden=\"true\" focusable=\"false\" data-prefix=\"far\" data-icon=\"chart-bar\" role=\"img\" xmlns=\"http:\/\/www.w3.org\/2000\/svg\" viewBox=\"0 0 512 512\" class=\"svg-inline--fa fa-chart-bar fa-w-16 fa-2x\"><path fill=\"currentColor\" d=\"M396.8 352h22.4c6.4 0 12.8-6.4 12.8-12.8V108.8c0-6.4-6.4-12.8-12.8-12.8h-22.4c-6.4 0-12.8 6.4-12.8 12.8v230.4c0 6.4 6.4 12.8 12.8 12.8zm-192 0h22.4c6.4 0 12.8-6.4 12.8-12.8V140.8c0-6.4-6.4-12.8-12.8-12.8h-22.4c-6.4 0-12.8 6.4-12.8 12.8v198.4c0 6.4 6.4 12.8 12.8 12.8zm96 0h22.4c6.4 0 12.8-6.4 12.8-12.8V204.8c0-6.4-6.4-12.8-12.8-12.8h-22.4c-6.4 0-12.8 6.4-12.8 12.8v134.4c0 6.4 6.4 12.8 12.8 12.8zM496 400H48V80c0-8.84-7.16-16-16-16H16C7.16 64 0 71.16 0 80v336c0 17.67 14.33 32 32 32h464c8.84 0 16-7.16 16-16v-16c0-8.84-7.16-16-16-16zm-387.2-48h22.4c6.4 0 12.8-6.4 12.8-12.8v-70.4c0-6.4-6.4-12.8-12.8-12.8h-22.4c-6.4 0-12.8 6.4-12.8 12.8v70.4c0 6.4 6.4 12.8 12.8 12.8z\" class=\"\"><\/path><\/svg><\/i> <img loading=\"lazy\" decoding=\"async\" width=\"16\" height=\"16\" alt=\"Loading\" src=\"https:\/\/temucotelevision.cl\/web\/wp-content\/plugins\/page-views-count\/ajax-loader-2x.gif\" border=0 \/><\/p>\n<div class=\"pvc_clear\"><\/div>\n<p>Equipos especializados de Bomberos trabajan en Curarrehue para dar con el paradero de un hombre que se encuentra desaparecido luego<\/p>\n","protected":false},"author":1,"featured_media":35463,"comment_status":"open","ping_status":"open","sticky":false,"template":"","format":"standard","meta":{"colormag_page_container_layout":"default_layout","colormag_page_sidebar_layout":"default_layout","footnotes":""},"categories":[15],"tags":[304,666,188,368],"class_list":["post-35462","post","type-post","status-publish","format-standard","has-post-thumbnail","hentry","category-la-araucania","tag-bomberos","tag-curarrehue","tag-hombre","tag-rio"],"a3_pvc":{"activated":true,"total_views":108,"today_views":0},"_links":{"self":[{"href":"https:\/\/temucotelevision.cl\/web\/wp-json\/wp\/v2\/posts\/35462","targetHints":{"allow":["GET"]}}],"collection":[{"href":"https:\/\/temucotelevision.cl\/web\/wp-json\/wp\/v2\/posts"}],"about":[{"href":"https:\/\/temucotelevision.cl\/web\/wp-json\/wp\/v2\/types\/post"}],"author":[{"embeddable":true,"href":"https:\/\/temucotelevision.cl\/web\/wp-json\/wp\/v2\/users\/1"}],"replies":[{"embeddable":true,"href":"https:\/\/temucotelevision.cl\/web\/wp-json\/wp\/v2\/comments?post=35462"}],"version-history":[{"count":2,"href":"https:\/\/temucotelevision.cl\/web\/wp-json\/wp\/v2\/posts\/35462\/revisions"}],"predecessor-version":[{"id":35465,"href":"https:\/\/temucotelevision.cl\/web\/wp-json\/wp\/v2\/posts\/35462\/revisions\/35465"}],"wp:featuredmedia":[{"embeddable":true,"href":"https:\/\/temucotelevision.cl\/web\/wp-json\/wp\/v2\/media\/35463"}],"wp:attachment":[{"href":"https:\/\/temucotelevision.cl\/web\/wp-json\/wp\/v2\/media?parent=35462"}],"wp:term":[{"taxonomy":"category","embeddable":true,"href":"https:\/\/temucotelevision.cl\/web\/wp-json\/wp\/v2\/categories?post=35462"},{"taxonomy":"post_tag","embeddable":true,"href":"https:\/\/temucotelevision.cl\/web\/wp-json\/wp\/v2\/tags?post=35462"}],"curies":[{"name":"wp","href":"https:\/\/api.w.org\/{rel}","templated":true}]}}