{"id":35459,"date":"2022-09-23T16:40:33","date_gmt":"2022-09-23T19:40:33","guid":{"rendered":"https:\/\/temucotelevision.cl\/web\/?p=35459"},"modified":"2022-09-23T16:40:34","modified_gmt":"2022-09-23T19:40:34","slug":"temuco-sera-sede-del-campeonato-nacional-de-ajedrez-de-la-juventud-chile-2023","status":"publish","type":"post","link":"https:\/\/temucotelevision.cl\/web\/2022\/09\/23\/temuco-sera-sede-del-campeonato-nacional-de-ajedrez-de-la-juventud-chile-2023\/","title":{"rendered":"Temuco ser\u00e1 sede del Campeonato Nacional de Ajedrez de la Juventud Chile 2023"},"content":{"rendered":"<div class=\"pvc_clear\"><\/div><p id=\"pvc_stats_35459\" class=\"pvc_stats total_only  \" data-element-id=\"35459\" style=\"\"><i class=\"pvc-stats-icon large\" aria-hidden=\"true\"><svg aria-hidden=\"true\" focusable=\"false\" data-prefix=\"far\" data-icon=\"chart-bar\" role=\"img\" xmlns=\"http:\/\/www.w3.org\/2000\/svg\" viewBox=\"0 0 512 512\" class=\"svg-inline--fa fa-chart-bar fa-w-16 fa-2x\"><path fill=\"currentColor\" d=\"M396.8 352h22.4c6.4 0 12.8-6.4 12.8-12.8V108.8c0-6.4-6.4-12.8-12.8-12.8h-22.4c-6.4 0-12.8 6.4-12.8 12.8v230.4c0 6.4 6.4 12.8 12.8 12.8zm-192 0h22.4c6.4 0 12.8-6.4 12.8-12.8V140.8c0-6.4-6.4-12.8-12.8-12.8h-22.4c-6.4 0-12.8 6.4-12.8 12.8v198.4c0 6.4 6.4 12.8 12.8 12.8zm96 0h22.4c6.4 0 12.8-6.4 12.8-12.8V204.8c0-6.4-6.4-12.8-12.8-12.8h-22.4c-6.4 0-12.8 6.4-12.8 12.8v134.4c0 6.4 6.4 12.8 12.8 12.8zM496 400H48V80c0-8.84-7.16-16-16-16H16C7.16 64 0 71.16 0 80v336c0 17.67 14.33 32 32 32h464c8.84 0 16-7.16 16-16v-16c0-8.84-7.16-16-16-16zm-387.2-48h22.4c6.4 0 12.8-6.4 12.8-12.8v-70.4c0-6.4-6.4-12.8-12.8-12.8h-22.4c-6.4 0-12.8 6.4-12.8 12.8v70.4c0 6.4 6.4 12.8 12.8 12.8z\" class=\"\"><\/path><\/svg><\/i> <img loading=\"lazy\" decoding=\"async\" width=\"16\" height=\"16\" alt=\"Loading\" src=\"https:\/\/temucotelevision.cl\/web\/wp-content\/plugins\/page-views-count\/ajax-loader-2x.gif\" border=0 \/><\/p><div class=\"pvc_clear\"><\/div>\n<p>&nbsp;&nbsp;&nbsp;&nbsp;&nbsp;&nbsp;&nbsp;&nbsp;&nbsp;&nbsp;&nbsp;&nbsp;&nbsp;&nbsp;&nbsp;&nbsp;&nbsp;&nbsp;&nbsp;&nbsp;&nbsp;&nbsp;&nbsp;Entre los d\u00edas&nbsp;&nbsp;<strong>30&nbsp;&nbsp;de enero&nbsp;&nbsp;y 04 de Febrero de 2023<\/strong>&nbsp;&nbsp;&nbsp;se realizar\u00e1 en el&nbsp;&nbsp;Gimnasio Rufino&nbsp;&nbsp;Bernedo de&nbsp;&nbsp;la ciudad de&nbsp;&nbsp;Temuco&nbsp;&nbsp;el&nbsp;&nbsp;&nbsp;\u201c<strong>Campeonato Nacional de Ajedrez de la Juventud Chile&nbsp;&nbsp;a\u00f1o 2023\u201d&nbsp;<\/strong>&nbsp;.&nbsp;&nbsp;&nbsp;&nbsp;<\/p>\n\n\n\n<p>&nbsp;&nbsp;&nbsp;&nbsp;&nbsp;&nbsp;&nbsp;&nbsp;&nbsp;&nbsp;&nbsp;&nbsp;&nbsp;&nbsp;&nbsp;&nbsp;&nbsp;&nbsp;&nbsp;&nbsp;&nbsp;&nbsp;&nbsp;Dicho evento&nbsp;&nbsp;es&nbsp;&nbsp;organizado&nbsp;&nbsp;por la&nbsp;&nbsp;<strong>Federaci\u00f3n de Ajedrez de Chile&nbsp;&nbsp;en conjunto con&nbsp;&nbsp;el Club de&nbsp;&nbsp;Ajedrez \u201cTorres del \u00d1ielol de&nbsp;&nbsp;Temuco<\/strong>\u201d&nbsp;&nbsp;&nbsp;y cuenta&nbsp;&nbsp;con el importante&nbsp;&nbsp;y valioso&nbsp;&nbsp;apoyo&nbsp;&nbsp;de&nbsp;&nbsp;la Municipalidad de Temuco a&nbsp;&nbsp;trav\u00e9s del Departamento&nbsp;&nbsp;&nbsp;y la Corporaci\u00f3n del&nbsp;&nbsp;Deporte&nbsp;&nbsp;como asimismo, el Instituto&nbsp;&nbsp;Nacional del Deportes de la IX Regi\u00f3n.&nbsp;&nbsp;<\/p>\n\n\n\n<p>&nbsp;&nbsp;&nbsp;&nbsp;&nbsp;&nbsp;&nbsp;&nbsp;&nbsp;&nbsp;&nbsp;&nbsp;&nbsp;&nbsp;&nbsp;&nbsp;&nbsp;&nbsp;&nbsp;&nbsp;&nbsp;&nbsp;&nbsp;El Campeonato Nacional de&nbsp;&nbsp;la Jueventud&nbsp;&nbsp;es uno de los&nbsp;<strong>eventos nacionales federados<\/strong>m\u00e1s importante del pa\u00eds&nbsp;&nbsp;y&nbsp;&nbsp;&nbsp;convoca a&nbsp;&nbsp;un n\u00famero aproximado de 400 ajedrecistas de todo Chile, quienes&nbsp;&nbsp;participan en busca de un cupo&nbsp;&nbsp;por cada categor\u00eda &#8211;&nbsp;&nbsp;desde&nbsp;&nbsp;la&nbsp;&nbsp;sub 8 hasta la sub 18 damas y absoluto &#8211; para representar al pa\u00eds en todas las competencias de car\u00e1cter internacional del a\u00f1o 2023.&nbsp;<\/p>\n\n\n\n<p>&nbsp;&nbsp;&nbsp;&nbsp;&nbsp;&nbsp;&nbsp;&nbsp;&nbsp;&nbsp;&nbsp;&nbsp;&nbsp;&nbsp;&nbsp;&nbsp;&nbsp;&nbsp;&nbsp;&nbsp;&nbsp;&nbsp;&nbsp;El Club de Ajedrez&nbsp;&nbsp;Torres del \u00d1ielol de Temuco&nbsp;&nbsp;con tres a\u00f1os de existencia,&nbsp;&nbsp;ha&nbsp;logrado por segunda vez&nbsp;&nbsp;adjudicarse&nbsp;&nbsp;&nbsp;la organizaci\u00f3n y sede&nbsp;&nbsp;de&nbsp;&nbsp;este evento,&nbsp;&nbsp;lo que sin duda,&nbsp;&nbsp;es un gran m\u00e9rito y nos enorgullece como Club&nbsp;&nbsp;&nbsp;&nbsp;otorgando&nbsp;&nbsp;&nbsp;una valisoa&nbsp;&nbsp;oportunidad para que los j\u00f3venes escolares amantes del deporte ciencia de Temuco y la Regi\u00f3n&nbsp;&nbsp;tengan la posibilidad de&nbsp;&nbsp;participar&nbsp;&nbsp;en un campeonato nacional de ajedrez federado.&nbsp;&nbsp;&nbsp;Agradecemos&nbsp;&nbsp;a la Federaci\u00f3n de Ajedrez&nbsp;&nbsp;la confianza depositada en nuestro Club y nuestro trabajo.<\/p>\n\n\n\n<p>&nbsp;&nbsp;&nbsp;&nbsp;&nbsp;&nbsp;&nbsp;&nbsp;&nbsp;&nbsp;&nbsp;&nbsp;&nbsp;&nbsp;&nbsp;&nbsp;&nbsp;&nbsp;&nbsp;&nbsp;&nbsp;&nbsp;&nbsp;Importante es se\u00f1alar que la postulaci\u00f3n como&nbsp;&nbsp;sede fue posible gracias al&nbsp;&nbsp;&nbsp;apoyo&nbsp;encontrado&nbsp;&nbsp;por la Directiva del Club&nbsp;&nbsp;Torres del \u00d1ielol&nbsp;&nbsp;&nbsp;en&nbsp;&nbsp;&nbsp;la Municipalidad de&nbsp;&nbsp;&nbsp;Temuco&nbsp;&nbsp;representada en su Alcalde don Roberto Neira como tambi\u00e9n a la disposici\u00f3n y&nbsp;&nbsp;acogida encontrada en el Instituto Nacional del&nbsp;&nbsp;Deporte representado por su&nbsp;&nbsp;Directora Regional, Sra. Oriana Aliquintuy, cuyo organismo&nbsp;&nbsp;nos facilit\u00f3 las dependencias para&nbsp;&nbsp;el desarrollo de dicha&nbsp;&nbsp;competencia,&nbsp;&nbsp;ambos apoyos&nbsp;&nbsp;resultaron decidores para&nbsp;&nbsp;presentar nuestra postulaci\u00f3n.<\/p>\n","protected":false},"excerpt":{"rendered":"<div class=\"pvc_clear\"><\/div>\n<p id=\"pvc_stats_35459\" class=\"pvc_stats total_only  \" data-element-id=\"35459\" style=\"\"><i class=\"pvc-stats-icon large\" aria-hidden=\"true\"><svg aria-hidden=\"true\" focusable=\"false\" data-prefix=\"far\" data-icon=\"chart-bar\" role=\"img\" xmlns=\"http:\/\/www.w3.org\/2000\/svg\" viewBox=\"0 0 512 512\" class=\"svg-inline--fa fa-chart-bar fa-w-16 fa-2x\"><path fill=\"currentColor\" d=\"M396.8 352h22.4c6.4 0 12.8-6.4 12.8-12.8V108.8c0-6.4-6.4-12.8-12.8-12.8h-22.4c-6.4 0-12.8 6.4-12.8 12.8v230.4c0 6.4 6.4 12.8 12.8 12.8zm-192 0h22.4c6.4 0 12.8-6.4 12.8-12.8V140.8c0-6.4-6.4-12.8-12.8-12.8h-22.4c-6.4 0-12.8 6.4-12.8 12.8v198.4c0 6.4 6.4 12.8 12.8 12.8zm96 0h22.4c6.4 0 12.8-6.4 12.8-12.8V204.8c0-6.4-6.4-12.8-12.8-12.8h-22.4c-6.4 0-12.8 6.4-12.8 12.8v134.4c0 6.4 6.4 12.8 12.8 12.8zM496 400H48V80c0-8.84-7.16-16-16-16H16C7.16 64 0 71.16 0 80v336c0 17.67 14.33 32 32 32h464c8.84 0 16-7.16 16-16v-16c0-8.84-7.16-16-16-16zm-387.2-48h22.4c6.4 0 12.8-6.4 12.8-12.8v-70.4c0-6.4-6.4-12.8-12.8-12.8h-22.4c-6.4 0-12.8 6.4-12.8 12.8v70.4c0 6.4 6.4 12.8 12.8 12.8z\" class=\"\"><\/path><\/svg><\/i> <img loading=\"lazy\" decoding=\"async\" width=\"16\" height=\"16\" alt=\"Loading\" src=\"https:\/\/temucotelevision.cl\/web\/wp-content\/plugins\/page-views-count\/ajax-loader-2x.gif\" border=0 \/><\/p>\n<div class=\"pvc_clear\"><\/div>\n<p>&nbsp;&nbsp;&nbsp;&nbsp;&nbsp;&nbsp;&nbsp;&nbsp;&nbsp;&nbsp;&nbsp;&nbsp;&nbsp;&nbsp;&nbsp;&nbsp;&nbsp;&nbsp;&nbsp;&nbsp;&nbsp;&nbsp;&nbsp;Entre los d\u00edas&nbsp;&nbsp;30&nbsp;&nbsp;de enero&nbsp;&nbsp;y 04 de Febrero de 2023&nbsp;&nbsp;&nbsp;se realizar\u00e1 en el&nbsp;&nbsp;Gimnasio Rufino&nbsp;&nbsp;Bernedo de&nbsp;&nbsp;la ciudad de&nbsp;&nbsp;Temuco&nbsp;&nbsp;el&nbsp;&nbsp;&nbsp;\u201cCampeonato Nacional de Ajedrez de<\/p>\n","protected":false},"author":1,"featured_media":35460,"comment_status":"open","ping_status":"open","sticky":false,"template":"","format":"standard","meta":{"colormag_page_container_layout":"default_layout","colormag_page_sidebar_layout":"default_layout","footnotes":""},"categories":[86,14],"tags":[3033,910,1353,1247],"class_list":["post-35459","post","type-post","status-publish","format-standard","has-post-thumbnail","hentry","category-panoramas","category-temuco","tag-ajedrez","tag-campeonato","tag-juventud","tag-sede"],"a3_pvc":{"activated":true,"total_views":257,"today_views":0},"_links":{"self":[{"href":"https:\/\/temucotelevision.cl\/web\/wp-json\/wp\/v2\/posts\/35459","targetHints":{"allow":["GET"]}}],"collection":[{"href":"https:\/\/temucotelevision.cl\/web\/wp-json\/wp\/v2\/posts"}],"about":[{"href":"https:\/\/temucotelevision.cl\/web\/wp-json\/wp\/v2\/types\/post"}],"author":[{"embeddable":true,"href":"https:\/\/temucotelevision.cl\/web\/wp-json\/wp\/v2\/users\/1"}],"replies":[{"embeddable":true,"href":"https:\/\/temucotelevision.cl\/web\/wp-json\/wp\/v2\/comments?post=35459"}],"version-history":[{"count":1,"href":"https:\/\/temucotelevision.cl\/web\/wp-json\/wp\/v2\/posts\/35459\/revisions"}],"predecessor-version":[{"id":35461,"href":"https:\/\/temucotelevision.cl\/web\/wp-json\/wp\/v2\/posts\/35459\/revisions\/35461"}],"wp:featuredmedia":[{"embeddable":true,"href":"https:\/\/temucotelevision.cl\/web\/wp-json\/wp\/v2\/media\/35460"}],"wp:attachment":[{"href":"https:\/\/temucotelevision.cl\/web\/wp-json\/wp\/v2\/media?parent=35459"}],"wp:term":[{"taxonomy":"category","embeddable":true,"href":"https:\/\/temucotelevision.cl\/web\/wp-json\/wp\/v2\/categories?post=35459"},{"taxonomy":"post_tag","embeddable":true,"href":"https:\/\/temucotelevision.cl\/web\/wp-json\/wp\/v2\/tags?post=35459"}],"curies":[{"name":"wp","href":"https:\/\/api.w.org\/{rel}","templated":true}]}}