{"id":35455,"date":"2022-09-23T16:32:43","date_gmt":"2022-09-23T19:32:43","guid":{"rendered":"https:\/\/temucotelevision.cl\/web\/?p=35455"},"modified":"2022-09-23T16:32:44","modified_gmt":"2022-09-23T19:32:44","slug":"bienes-nacionales-de-la-araucania-entrega-inmueble-a-pescadores-de-queule-para-el-desarrollo-de-proyectos-productivos","status":"publish","type":"post","link":"https:\/\/temucotelevision.cl\/web\/2022\/09\/23\/bienes-nacionales-de-la-araucania-entrega-inmueble-a-pescadores-de-queule-para-el-desarrollo-de-proyectos-productivos\/","title":{"rendered":"Bienes Nacionales de La Araucan\u00eda entrega inmueble a pescadores de Queule para el desarrollo de proyectos productivos"},"content":{"rendered":"<div class=\"pvc_clear\"><\/div><p id=\"pvc_stats_35455\" class=\"pvc_stats total_only  \" data-element-id=\"35455\" style=\"\"><i class=\"pvc-stats-icon large\" aria-hidden=\"true\"><svg aria-hidden=\"true\" focusable=\"false\" data-prefix=\"far\" data-icon=\"chart-bar\" role=\"img\" xmlns=\"http:\/\/www.w3.org\/2000\/svg\" viewBox=\"0 0 512 512\" class=\"svg-inline--fa fa-chart-bar fa-w-16 fa-2x\"><path fill=\"currentColor\" d=\"M396.8 352h22.4c6.4 0 12.8-6.4 12.8-12.8V108.8c0-6.4-6.4-12.8-12.8-12.8h-22.4c-6.4 0-12.8 6.4-12.8 12.8v230.4c0 6.4 6.4 12.8 12.8 12.8zm-192 0h22.4c6.4 0 12.8-6.4 12.8-12.8V140.8c0-6.4-6.4-12.8-12.8-12.8h-22.4c-6.4 0-12.8 6.4-12.8 12.8v198.4c0 6.4 6.4 12.8 12.8 12.8zm96 0h22.4c6.4 0 12.8-6.4 12.8-12.8V204.8c0-6.4-6.4-12.8-12.8-12.8h-22.4c-6.4 0-12.8 6.4-12.8 12.8v134.4c0 6.4 6.4 12.8 12.8 12.8zM496 400H48V80c0-8.84-7.16-16-16-16H16C7.16 64 0 71.16 0 80v336c0 17.67 14.33 32 32 32h464c8.84 0 16-7.16 16-16v-16c0-8.84-7.16-16-16-16zm-387.2-48h22.4c6.4 0 12.8-6.4 12.8-12.8v-70.4c0-6.4-6.4-12.8-12.8-12.8h-22.4c-6.4 0-12.8 6.4-12.8 12.8v70.4c0 6.4 6.4 12.8 12.8 12.8z\" class=\"\"><\/path><\/svg><\/i> <img loading=\"lazy\" decoding=\"async\" width=\"16\" height=\"16\" alt=\"Loading\" src=\"https:\/\/temucotelevision.cl\/web\/wp-content\/plugins\/page-views-count\/ajax-loader-2x.gif\" border=0 \/><\/p><div class=\"pvc_clear\"><\/div>\n<p>\u00b7&nbsp;&nbsp;&nbsp;&nbsp;&nbsp;&nbsp;&nbsp;&nbsp;&nbsp;<strong>El Seremi de la cartera, Luis Catrileo Gaete, junto al Delegado Presidencial, Ra\u00fal Allard y el Seremi de Econom\u00eda, Vicente Painel, se trasladaron hasta la caleta ubicada en la comuna de Tolt\u00e9n, para hacer entrega de un terreno que ser\u00e1 destinado a infraestructura productiva de la Cooperativa de Armaderos Pesqueros Artesanales.<\/strong><strong><\/strong><\/p>\n\n\n\n<p>Queule, caleta ubicada en la comuna de Tolt\u00e9n, tiene como principal motor de su econom\u00eda la pesca y gran parte de sus habitantes, trabajan a diario en este rubro desarrollando distintas actividades.<\/p>\n\n\n\n<p>Para apoyar su quehacer diario y as\u00ed los pescadores puedan tener mejores condiciones laborales, Bienes Nacionales de La Araucan\u00eda, realiz\u00f3 la entrega de un inmueble de 800 metros cuadrados a la Cooperativa de Armadores Pesqueros Artesanales, con el objetivo de que puedan desarrollar un proyecto que vaya en pos de contar con nueva infraestructura y as\u00ed mejorar su calidad de vida y la de sus familias.<\/p>\n\n\n\n<p>El Seremi de la cartera, Luis Catrileo Gaete, junto al Delegado Presidencial, Ra\u00fal Allard y tambi\u00e9n el titular de Econom\u00eda, Vicente Painel y la Zonal de Pesca de La Araucan\u00eda y Los R\u00edos, Daniela Cajas, compartieron con los integrantes del colectivo que componen 15 familias, las que son encabezadas por su presidente, Hern\u00e1n Machuca.<\/p>\n\n\n\n<p>Para Bienes Nacionales, esto se ajusta al mandato de estar acompa\u00f1ando a las organizaciones y sobre todo a quienes hacen aportes a la productividad de La Araucan\u00eda, como puntualiz\u00f3 el Seremi Catrileo.<\/p>\n\n\n\n<p>\u201cEstamos llevando adelante la pol\u00edtica de Gobierno, que es una pol\u00edtica de ser cercano a la gente, encomendado por el Presidente Gabriel Boric, con nuestro Delegado estamos contentos de haber participado en esta actividad y hemos establecido una relaci\u00f3n importante con Queule, con esta caleta, con sus organizaciones de pescadores y lo seguiremos haciendo, creemos que nuestra misi\u00f3n es apoyar a cada sindicato como los pescadores artesanales, que son contribuyentes de la econom\u00eda de nuestro pa\u00eds y de la seguridad alimentaria, que es lo que requiere la poblaci\u00f3n de la Regi\u00f3n\u201d, argument\u00f3 el titular de Bienes Nacionales en La Araucan\u00eda.<\/p>\n\n\n\n<p>Una entrega importante, porque les servir\u00e1 para contar con un inmueble para refrigerar los productos y mejorar as\u00ed su est\u00e1ndar de trabajo, como manifest\u00f3 el timonel de la agrupaci\u00f3n, Hern\u00e1n Machuca.<\/p>\n\n\n\n<p>\u201cHemos dado un paso importante junto a las autoridades regionales, especialmente con la Delegaci\u00f3n Presidencial y el Seremi de Bienes Nacionales, que nos han hecho entrega de un recinto fiscal para que la Cooperativa pueda implementar los proyectos que tiene a futuro en especial con implementar y no dejar pasar la l\u00ednea de fr\u00edo de los productos del mar, sacarle un mayor valor y generar con esto mejores condiciones de vida para los socios y quienes trabajan en nuestras naves\u201d, indic\u00f3 Hern\u00e1n Machuca, en su calidad de presidente de la Cooperativa de Armadores Pesqueros Artesanales.<\/p>\n\n\n\n<p>Por su parte el Delegado Presidencial, Ra\u00fal Allard, coment\u00f3 que esta entrega va en l\u00ednea de potenciar la econom\u00eda de esta localidad de la comuna de Tolt\u00e9n, beneficiando a quienes trabajan en el sector pesquero y en especial a cada uno de sus integrantes.<\/p>\n\n\n\n<p>\u201cAqu\u00ed hoy se ha entregado en administraci\u00f3n un terreno de m\u00e1s de 800 metros cuadrados, en el cual la Cooperativa de Armadores Pesqueros de Queule va a poder mejorar la calidad de vida de sus integrantes y de las 15 familias que lo componen junto con un sindicato que tambi\u00e9n tendr\u00e1 cabida en este espacio\u201d, se\u00f1al\u00f3 el Delegado Allard.<\/p>\n\n\n\n<p>Desde Bienes Nacionales agregaron que durante las pr\u00f3ximas semanas junto con el trabajo de regularizaci\u00f3n de la peque\u00f1a propiedad ra\u00edz que realiza la cartera, tambi\u00e9n se realizar\u00e1n distintas entregas de concesiones a agrupaciones y municipios, para que sigan desarrollando un trabajo con la comunidad.<\/p>\n","protected":false},"excerpt":{"rendered":"<div class=\"pvc_clear\"><\/div>\n<p id=\"pvc_stats_35455\" class=\"pvc_stats total_only  \" data-element-id=\"35455\" style=\"\"><i class=\"pvc-stats-icon large\" aria-hidden=\"true\"><svg aria-hidden=\"true\" focusable=\"false\" data-prefix=\"far\" data-icon=\"chart-bar\" role=\"img\" xmlns=\"http:\/\/www.w3.org\/2000\/svg\" viewBox=\"0 0 512 512\" class=\"svg-inline--fa fa-chart-bar fa-w-16 fa-2x\"><path fill=\"currentColor\" d=\"M396.8 352h22.4c6.4 0 12.8-6.4 12.8-12.8V108.8c0-6.4-6.4-12.8-12.8-12.8h-22.4c-6.4 0-12.8 6.4-12.8 12.8v230.4c0 6.4 6.4 12.8 12.8 12.8zm-192 0h22.4c6.4 0 12.8-6.4 12.8-12.8V140.8c0-6.4-6.4-12.8-12.8-12.8h-22.4c-6.4 0-12.8 6.4-12.8 12.8v198.4c0 6.4 6.4 12.8 12.8 12.8zm96 0h22.4c6.4 0 12.8-6.4 12.8-12.8V204.8c0-6.4-6.4-12.8-12.8-12.8h-22.4c-6.4 0-12.8 6.4-12.8 12.8v134.4c0 6.4 6.4 12.8 12.8 12.8zM496 400H48V80c0-8.84-7.16-16-16-16H16C7.16 64 0 71.16 0 80v336c0 17.67 14.33 32 32 32h464c8.84 0 16-7.16 16-16v-16c0-8.84-7.16-16-16-16zm-387.2-48h22.4c6.4 0 12.8-6.4 12.8-12.8v-70.4c0-6.4-6.4-12.8-12.8-12.8h-22.4c-6.4 0-12.8 6.4-12.8 12.8v70.4c0 6.4 6.4 12.8 12.8 12.8z\" class=\"\"><\/path><\/svg><\/i> <img loading=\"lazy\" decoding=\"async\" width=\"16\" height=\"16\" alt=\"Loading\" src=\"https:\/\/temucotelevision.cl\/web\/wp-content\/plugins\/page-views-count\/ajax-loader-2x.gif\" border=0 \/><\/p>\n<div class=\"pvc_clear\"><\/div>\n<p>\u00b7&nbsp;&nbsp;&nbsp;&nbsp;&nbsp;&nbsp;&nbsp;&nbsp;&nbsp;El Seremi de la cartera, Luis Catrileo Gaete, junto al Delegado Presidencial, Ra\u00fal Allard y el Seremi de Econom\u00eda, Vicente<\/p>\n","protected":false},"author":1,"featured_media":35456,"comment_status":"open","ping_status":"open","sticky":false,"template":"","format":"standard","meta":{"colormag_page_container_layout":"default_layout","colormag_page_sidebar_layout":"default_layout","footnotes":""},"categories":[15],"tags":[952,83,651,1489,232],"class_list":["post-35455","post","type-post","status-publish","format-standard","has-post-thumbnail","hentry","category-la-araucania","tag-inmueble","tag-pescadores","tag-proyectos","tag-queule","tag-seremi"],"a3_pvc":{"activated":true,"total_views":69,"today_views":0},"_links":{"self":[{"href":"https:\/\/temucotelevision.cl\/web\/wp-json\/wp\/v2\/posts\/35455","targetHints":{"allow":["GET"]}}],"collection":[{"href":"https:\/\/temucotelevision.cl\/web\/wp-json\/wp\/v2\/posts"}],"about":[{"href":"https:\/\/temucotelevision.cl\/web\/wp-json\/wp\/v2\/types\/post"}],"author":[{"embeddable":true,"href":"https:\/\/temucotelevision.cl\/web\/wp-json\/wp\/v2\/users\/1"}],"replies":[{"embeddable":true,"href":"https:\/\/temucotelevision.cl\/web\/wp-json\/wp\/v2\/comments?post=35455"}],"version-history":[{"count":1,"href":"https:\/\/temucotelevision.cl\/web\/wp-json\/wp\/v2\/posts\/35455\/revisions"}],"predecessor-version":[{"id":35457,"href":"https:\/\/temucotelevision.cl\/web\/wp-json\/wp\/v2\/posts\/35455\/revisions\/35457"}],"wp:featuredmedia":[{"embeddable":true,"href":"https:\/\/temucotelevision.cl\/web\/wp-json\/wp\/v2\/media\/35456"}],"wp:attachment":[{"href":"https:\/\/temucotelevision.cl\/web\/wp-json\/wp\/v2\/media?parent=35455"}],"wp:term":[{"taxonomy":"category","embeddable":true,"href":"https:\/\/temucotelevision.cl\/web\/wp-json\/wp\/v2\/categories?post=35455"},{"taxonomy":"post_tag","embeddable":true,"href":"https:\/\/temucotelevision.cl\/web\/wp-json\/wp\/v2\/tags?post=35455"}],"curies":[{"name":"wp","href":"https:\/\/api.w.org\/{rel}","templated":true}]}}