{"id":35453,"date":"2022-09-23T16:24:09","date_gmt":"2022-09-23T19:24:09","guid":{"rendered":"https:\/\/temucotelevision.cl\/web\/?p=35453"},"modified":"2022-09-23T16:24:10","modified_gmt":"2022-09-23T19:24:10","slug":"diputado-rathgeb-por-nuevos-ataques-a-agricultores-en-malleco-el-gobierno-no-entiende-que-esto-afecta-a-todos-los-chilenos","status":"publish","type":"post","link":"https:\/\/temucotelevision.cl\/web\/2022\/09\/23\/diputado-rathgeb-por-nuevos-ataques-a-agricultores-en-malleco-el-gobierno-no-entiende-que-esto-afecta-a-todos-los-chilenos\/","title":{"rendered":"Diputado Rathgeb por nuevos ataques a agricultores en Malleco: \u201cEl Gobierno no entiende que esto afecta a todos los chilenos\u201d"},"content":{"rendered":"<div class=\"pvc_clear\"><\/div><p id=\"pvc_stats_35453\" class=\"pvc_stats total_only  \" data-element-id=\"35453\" style=\"\"><i class=\"pvc-stats-icon large\" aria-hidden=\"true\"><svg aria-hidden=\"true\" focusable=\"false\" data-prefix=\"far\" data-icon=\"chart-bar\" role=\"img\" xmlns=\"http:\/\/www.w3.org\/2000\/svg\" viewBox=\"0 0 512 512\" class=\"svg-inline--fa fa-chart-bar fa-w-16 fa-2x\"><path fill=\"currentColor\" d=\"M396.8 352h22.4c6.4 0 12.8-6.4 12.8-12.8V108.8c0-6.4-6.4-12.8-12.8-12.8h-22.4c-6.4 0-12.8 6.4-12.8 12.8v230.4c0 6.4 6.4 12.8 12.8 12.8zm-192 0h22.4c6.4 0 12.8-6.4 12.8-12.8V140.8c0-6.4-6.4-12.8-12.8-12.8h-22.4c-6.4 0-12.8 6.4-12.8 12.8v198.4c0 6.4 6.4 12.8 12.8 12.8zm96 0h22.4c6.4 0 12.8-6.4 12.8-12.8V204.8c0-6.4-6.4-12.8-12.8-12.8h-22.4c-6.4 0-12.8 6.4-12.8 12.8v134.4c0 6.4 6.4 12.8 12.8 12.8zM496 400H48V80c0-8.84-7.16-16-16-16H16C7.16 64 0 71.16 0 80v336c0 17.67 14.33 32 32 32h464c8.84 0 16-7.16 16-16v-16c0-8.84-7.16-16-16-16zm-387.2-48h22.4c6.4 0 12.8-6.4 12.8-12.8v-70.4c0-6.4-6.4-12.8-12.8-12.8h-22.4c-6.4 0-12.8 6.4-12.8 12.8v70.4c0 6.4 6.4 12.8 12.8 12.8z\" class=\"\"><\/path><\/svg><\/i> <img loading=\"lazy\" decoding=\"async\" width=\"16\" height=\"16\" alt=\"Loading\" src=\"https:\/\/temucotelevision.cl\/web\/wp-content\/plugins\/page-views-count\/ajax-loader-2x.gif\" border=0 \/><\/p><div class=\"pvc_clear\"><\/div>\n<p><strong>El parlamentario de manera abierta tambi\u00e9n apoy\u00f3 la misiva enviada por la Asociaci\u00f3n Gremial Agr\u00edcola de Malleco \u2013Agrima- que solicita a las autoridades mayores medidas de seguridad ante los ataques de los \u00faltimos d\u00edas y a la Fiscal\u00eda avances en materia de investigaci\u00f3n y protecci\u00f3n a las v\u00edctimas, indicando que ac\u00e1 muchos no reparan el grave perjuicio que esto trae para todos los chilenos.<\/strong><\/p>\n\n\n\n<p>A trav\u00e9s de una carta abierta a las autoridades de Gobierno, policiales, pol\u00edticas y a la Fiscal\u00eda, la Asociaci\u00f3n Gremial Agr\u00edcola de Malleco \u2013Agrima- manifest\u00f3 su preocupaci\u00f3n y tambi\u00e9n el clima de inseguridad que est\u00e1n viviendo, debido a los \u00faltimos hechos de violencia registrados en la provincia y donde sigue poni\u00e9ndose en riesgo la vida de trabajadores y junto a ello la producci\u00f3n de alimentos.<\/p>\n\n\n\n<p>El diputado de Renovaci\u00f3n Nacional por La Araucan\u00eda, Jorge Rathgeb, indic\u00f3 que ac\u00e1 ha existido un desprecio grande al rol que cumplen los agricultores y que nadie repara que en caso de que la violencia siga escalando quienes se ver\u00e1n perjudicados ser\u00e1n todos los chilenos.<\/p>\n\n\n\n<p>Rathgeb, coment\u00f3 que es inconcebible que se d\u00e9 la espalda a las v\u00edctimas y lo que es peor, que una vez que ocurren hechos de gravedad como aconteci\u00f3 en la comuna de Los Sauces d\u00edas atr\u00e1s, donde se puso en riesgo la integridad del cuidador de un predio y su familia, no se haya brindado las medias de protecci\u00f3n que se requieren.<\/p>\n\n\n\n<p>El legislador agreg\u00f3 que es lamentable que ac\u00e1 nadie pueda reparar en el da\u00f1o a las personas y tambi\u00e9n que se ponga en riesgo todo el trabajo y esfuerzo que beneficia a todo el pa\u00eds.<\/p>\n\n\n\n<p>\u201cEs incomprensible que las autoridades de este pa\u00eds no puedan entender que dentro del proceso productivo de alimentos es indispensable nuestros agricultores y se deben proteger y con ello la seguridad alimentaria de todo Chile\u201d, fueron las declaraciones del parlamentario.<\/p>\n\n\n\n<p>El diputado reiter\u00f3 que ac\u00e1 debe existir m\u00e1s presencia en terreno, m\u00e1s apoyo a las v\u00edctimas y sobre todo mayor seguridad o caso contrario muchos productores abandonar\u00e1n sus labores lo cual ir\u00e1 en perjuicio de todos los chilenos.<\/p>\n","protected":false},"excerpt":{"rendered":"<div class=\"pvc_clear\"><\/div>\n<p id=\"pvc_stats_35453\" class=\"pvc_stats total_only  \" data-element-id=\"35453\" style=\"\"><i class=\"pvc-stats-icon large\" aria-hidden=\"true\"><svg aria-hidden=\"true\" focusable=\"false\" data-prefix=\"far\" data-icon=\"chart-bar\" role=\"img\" xmlns=\"http:\/\/www.w3.org\/2000\/svg\" viewBox=\"0 0 512 512\" class=\"svg-inline--fa fa-chart-bar fa-w-16 fa-2x\"><path fill=\"currentColor\" d=\"M396.8 352h22.4c6.4 0 12.8-6.4 12.8-12.8V108.8c0-6.4-6.4-12.8-12.8-12.8h-22.4c-6.4 0-12.8 6.4-12.8 12.8v230.4c0 6.4 6.4 12.8 12.8 12.8zm-192 0h22.4c6.4 0 12.8-6.4 12.8-12.8V140.8c0-6.4-6.4-12.8-12.8-12.8h-22.4c-6.4 0-12.8 6.4-12.8 12.8v198.4c0 6.4 6.4 12.8 12.8 12.8zm96 0h22.4c6.4 0 12.8-6.4 12.8-12.8V204.8c0-6.4-6.4-12.8-12.8-12.8h-22.4c-6.4 0-12.8 6.4-12.8 12.8v134.4c0 6.4 6.4 12.8 12.8 12.8zM496 400H48V80c0-8.84-7.16-16-16-16H16C7.16 64 0 71.16 0 80v336c0 17.67 14.33 32 32 32h464c8.84 0 16-7.16 16-16v-16c0-8.84-7.16-16-16-16zm-387.2-48h22.4c6.4 0 12.8-6.4 12.8-12.8v-70.4c0-6.4-6.4-12.8-12.8-12.8h-22.4c-6.4 0-12.8 6.4-12.8 12.8v70.4c0 6.4 6.4 12.8 12.8 12.8z\" class=\"\"><\/path><\/svg><\/i> <img loading=\"lazy\" decoding=\"async\" width=\"16\" height=\"16\" alt=\"Loading\" src=\"https:\/\/temucotelevision.cl\/web\/wp-content\/plugins\/page-views-count\/ajax-loader-2x.gif\" border=0 \/><\/p>\n<div class=\"pvc_clear\"><\/div>\n<p>El parlamentario de manera abierta tambi\u00e9n apoy\u00f3 la misiva enviada por la Asociaci\u00f3n Gremial Agr\u00edcola de Malleco \u2013Agrima- que solicita<\/p>\n","protected":false},"author":1,"featured_media":25307,"comment_status":"open","ping_status":"open","sticky":false,"template":"","format":"standard","meta":{"colormag_page_container_layout":"default_layout","colormag_page_sidebar_layout":"default_layout","footnotes":""},"categories":[84],"tags":[479,1236,154,206,510],"class_list":["post-35453","post","type-post","status-publish","format-standard","has-post-thumbnail","hentry","category-politica","tag-agricultores","tag-ataques","tag-diputado","tag-gobierno","tag-malleco"],"a3_pvc":{"activated":true,"total_views":21,"today_views":0},"_links":{"self":[{"href":"https:\/\/temucotelevision.cl\/web\/wp-json\/wp\/v2\/posts\/35453","targetHints":{"allow":["GET"]}}],"collection":[{"href":"https:\/\/temucotelevision.cl\/web\/wp-json\/wp\/v2\/posts"}],"about":[{"href":"https:\/\/temucotelevision.cl\/web\/wp-json\/wp\/v2\/types\/post"}],"author":[{"embeddable":true,"href":"https:\/\/temucotelevision.cl\/web\/wp-json\/wp\/v2\/users\/1"}],"replies":[{"embeddable":true,"href":"https:\/\/temucotelevision.cl\/web\/wp-json\/wp\/v2\/comments?post=35453"}],"version-history":[{"count":1,"href":"https:\/\/temucotelevision.cl\/web\/wp-json\/wp\/v2\/posts\/35453\/revisions"}],"predecessor-version":[{"id":35454,"href":"https:\/\/temucotelevision.cl\/web\/wp-json\/wp\/v2\/posts\/35453\/revisions\/35454"}],"wp:featuredmedia":[{"embeddable":true,"href":"https:\/\/temucotelevision.cl\/web\/wp-json\/wp\/v2\/media\/25307"}],"wp:attachment":[{"href":"https:\/\/temucotelevision.cl\/web\/wp-json\/wp\/v2\/media?parent=35453"}],"wp:term":[{"taxonomy":"category","embeddable":true,"href":"https:\/\/temucotelevision.cl\/web\/wp-json\/wp\/v2\/categories?post=35453"},{"taxonomy":"post_tag","embeddable":true,"href":"https:\/\/temucotelevision.cl\/web\/wp-json\/wp\/v2\/tags?post=35453"}],"curies":[{"name":"wp","href":"https:\/\/api.w.org\/{rel}","templated":true}]}}