{"id":35450,"date":"2022-09-23T14:19:27","date_gmt":"2022-09-23T17:19:27","guid":{"rendered":"https:\/\/temucotelevision.cl\/web\/?p=35450"},"modified":"2022-09-23T14:19:29","modified_gmt":"2022-09-23T17:19:29","slug":"fallecio-el-destacado-bombero-honorario-hector-basualto-bustamante","status":"publish","type":"post","link":"https:\/\/temucotelevision.cl\/web\/2022\/09\/23\/fallecio-el-destacado-bombero-honorario-hector-basualto-bustamante\/","title":{"rendered":"Falleci\u00f3 el destacado bombero honorario H\u00e9ctor Basualto Bustamante"},"content":{"rendered":"<div class=\"pvc_clear\"><\/div><p id=\"pvc_stats_35450\" class=\"pvc_stats total_only  \" data-element-id=\"35450\" style=\"\"><i class=\"pvc-stats-icon large\" aria-hidden=\"true\"><svg aria-hidden=\"true\" focusable=\"false\" data-prefix=\"far\" data-icon=\"chart-bar\" role=\"img\" xmlns=\"http:\/\/www.w3.org\/2000\/svg\" viewBox=\"0 0 512 512\" class=\"svg-inline--fa fa-chart-bar fa-w-16 fa-2x\"><path fill=\"currentColor\" d=\"M396.8 352h22.4c6.4 0 12.8-6.4 12.8-12.8V108.8c0-6.4-6.4-12.8-12.8-12.8h-22.4c-6.4 0-12.8 6.4-12.8 12.8v230.4c0 6.4 6.4 12.8 12.8 12.8zm-192 0h22.4c6.4 0 12.8-6.4 12.8-12.8V140.8c0-6.4-6.4-12.8-12.8-12.8h-22.4c-6.4 0-12.8 6.4-12.8 12.8v198.4c0 6.4 6.4 12.8 12.8 12.8zm96 0h22.4c6.4 0 12.8-6.4 12.8-12.8V204.8c0-6.4-6.4-12.8-12.8-12.8h-22.4c-6.4 0-12.8 6.4-12.8 12.8v134.4c0 6.4 6.4 12.8 12.8 12.8zM496 400H48V80c0-8.84-7.16-16-16-16H16C7.16 64 0 71.16 0 80v336c0 17.67 14.33 32 32 32h464c8.84 0 16-7.16 16-16v-16c0-8.84-7.16-16-16-16zm-387.2-48h22.4c6.4 0 12.8-6.4 12.8-12.8v-70.4c0-6.4-6.4-12.8-12.8-12.8h-22.4c-6.4 0-12.8 6.4-12.8 12.8v70.4c0 6.4 6.4 12.8 12.8 12.8z\" class=\"\"><\/path><\/svg><\/i> <img loading=\"lazy\" decoding=\"async\" width=\"16\" height=\"16\" alt=\"Loading\" src=\"https:\/\/temucotelevision.cl\/web\/wp-content\/plugins\/page-views-count\/ajax-loader-2x.gif\" border=0 \/><\/p><div class=\"pvc_clear\"><\/div>\n<p>De duelo se encuentra el Cuerpo de Bomberos de Temuco, producto del fallecimiento del bombero honorario H\u00e9ctor Efra\u00edn Basualto Bustamante (Q.E.P.D.), de 74 a\u00f1os de edad.<\/p>\n\n\n\n<p>El extinto voluntario era ampliamente conocido en la capital regional, producto de su profesi\u00f3n de abogado, siendo propietario de la notar\u00eda Basualto, ubicada en calle Varas, frente a la plaza An\u00edbal Pinto de Temuco.<\/p>\n\n\n\n<p>Ingres\u00f3 el 5 de diciembre de 2012 a la Segunda Compa\u00f1\u00eda de Bomberos de Temuco y r\u00e1pidamente se gan\u00f3 la confianza de sus camaradas, siendo electo como director de la compa\u00f1\u00eda, cargo que ejerci\u00f3 por cinco a\u00f1os.<\/p>\n\n\n\n<p>Entre sus mayores logros, se cuenta haber gestionado un millonario aporte proveniente de una empresa local para adquirir sin costo para el Cuerpo de Bomberos ni para el Estado, de un carrobomba destinado al control de emergencias con sustancias peligrosas (Hazmat), el que fue comprado directamente en Estados Unidos con fondos propios de la Segunda Compa\u00f1\u00eda y el 50% restante gracias a la donaci\u00f3n particular.<\/p>\n\n\n\n<p>Esta m\u00e1quina contin\u00faa prestando servicios hasta la actualidad en la especialidad Hazmat, tanto en Temuco como cuando sus servicios son requeridos en cualquier punto de La Araucan\u00eda.<\/p>\n\n\n\n<p>Asimismo, durante la direcci\u00f3n de Basualto se produjeron diversos avances en la Segunda Compa\u00f1\u00eda, raz\u00f3n por la que diversos voluntarios solicitaron su promoci\u00f3n a bombero honorario del Cuerpo de Bomberos de Temuco, cargo que le fue conferido de manera extraordinaria.<\/p>\n\n\n\n<p>En la actualidad, H\u00e9ctor Basualto se desempe\u00f1aba activamente como miembro de la Comisi\u00f3n Contralora del Cuerpo de Bomberos e inspector del Departamento Jur\u00eddico, por lo que su deceso -producido por causas naturales- fue lamentado por toda la instituci\u00f3n, especialmente por tratarse de una persona muy activa, pese a su edad.<\/p>\n\n\n\n<p><strong>DUELO INSTITUCIONAL<\/strong><\/p>\n\n\n\n<p>Junto con confirmar el duelo institucional, el Superintendente del Cuerpo de Bomberos de Temuco, Armin Llanos, manifest\u00f3 que \u201cla partida del bombero honorario de cuerpo, H\u00e9ctor Basualto Bustamante, sin duda nos ha dejado sorprendidos y apenados. Es por ello que hemos hecho llegar como Directorio General, nuestros saludos de respeto y sentidas condolencias a su distinguida familia y a su Segunda Compa\u00f1\u00eda\u201d.<\/p>\n\n\n\n<p>Llanos agreg\u00f3 que \u201cconforme lo establece nuestro Reglamento General, he procedido a ordenar duelo institucional por 48 horas y citar a un Consejo de Oficiales Generales y sesi\u00f3n del Honorable Directorio General extraordinario, a fin de tomar los acuerdos de rigor\u201d.<\/p>\n\n\n\n<p>Asimismo, el Superintendente precis\u00f3 que dentro de las pr\u00f3ximas horas se comunicar\u00e1 horario, fecha y lugar de su velatorio y funerales.<\/p>\n","protected":false},"excerpt":{"rendered":"<div class=\"pvc_clear\"><\/div>\n<p id=\"pvc_stats_35450\" class=\"pvc_stats total_only  \" data-element-id=\"35450\" style=\"\"><i class=\"pvc-stats-icon large\" aria-hidden=\"true\"><svg aria-hidden=\"true\" focusable=\"false\" data-prefix=\"far\" data-icon=\"chart-bar\" role=\"img\" xmlns=\"http:\/\/www.w3.org\/2000\/svg\" viewBox=\"0 0 512 512\" class=\"svg-inline--fa fa-chart-bar fa-w-16 fa-2x\"><path fill=\"currentColor\" d=\"M396.8 352h22.4c6.4 0 12.8-6.4 12.8-12.8V108.8c0-6.4-6.4-12.8-12.8-12.8h-22.4c-6.4 0-12.8 6.4-12.8 12.8v230.4c0 6.4 6.4 12.8 12.8 12.8zm-192 0h22.4c6.4 0 12.8-6.4 12.8-12.8V140.8c0-6.4-6.4-12.8-12.8-12.8h-22.4c-6.4 0-12.8 6.4-12.8 12.8v198.4c0 6.4 6.4 12.8 12.8 12.8zm96 0h22.4c6.4 0 12.8-6.4 12.8-12.8V204.8c0-6.4-6.4-12.8-12.8-12.8h-22.4c-6.4 0-12.8 6.4-12.8 12.8v134.4c0 6.4 6.4 12.8 12.8 12.8zM496 400H48V80c0-8.84-7.16-16-16-16H16C7.16 64 0 71.16 0 80v336c0 17.67 14.33 32 32 32h464c8.84 0 16-7.16 16-16v-16c0-8.84-7.16-16-16-16zm-387.2-48h22.4c6.4 0 12.8-6.4 12.8-12.8v-70.4c0-6.4-6.4-12.8-12.8-12.8h-22.4c-6.4 0-12.8 6.4-12.8 12.8v70.4c0 6.4 6.4 12.8 12.8 12.8z\" class=\"\"><\/path><\/svg><\/i> <img loading=\"lazy\" decoding=\"async\" width=\"16\" height=\"16\" alt=\"Loading\" src=\"https:\/\/temucotelevision.cl\/web\/wp-content\/plugins\/page-views-count\/ajax-loader-2x.gif\" border=0 \/><\/p>\n<div class=\"pvc_clear\"><\/div>\n<p>De duelo se encuentra el Cuerpo de Bomberos de Temuco, producto del fallecimiento del bombero honorario H\u00e9ctor Efra\u00edn Basualto Bustamante<\/p>\n","protected":false},"author":1,"featured_media":35451,"comment_status":"open","ping_status":"open","sticky":false,"template":"","format":"standard","meta":{"colormag_page_container_layout":"default_layout","colormag_page_sidebar_layout":"default_layout","footnotes":""},"categories":[14],"tags":[699,5808,5725],"class_list":["post-35450","post","type-post","status-publish","format-standard","has-post-thumbnail","hentry","category-temuco","tag-bombero","tag-hector-basualto","tag-honorario"],"a3_pvc":{"activated":true,"total_views":172,"today_views":0},"_links":{"self":[{"href":"https:\/\/temucotelevision.cl\/web\/wp-json\/wp\/v2\/posts\/35450","targetHints":{"allow":["GET"]}}],"collection":[{"href":"https:\/\/temucotelevision.cl\/web\/wp-json\/wp\/v2\/posts"}],"about":[{"href":"https:\/\/temucotelevision.cl\/web\/wp-json\/wp\/v2\/types\/post"}],"author":[{"embeddable":true,"href":"https:\/\/temucotelevision.cl\/web\/wp-json\/wp\/v2\/users\/1"}],"replies":[{"embeddable":true,"href":"https:\/\/temucotelevision.cl\/web\/wp-json\/wp\/v2\/comments?post=35450"}],"version-history":[{"count":1,"href":"https:\/\/temucotelevision.cl\/web\/wp-json\/wp\/v2\/posts\/35450\/revisions"}],"predecessor-version":[{"id":35452,"href":"https:\/\/temucotelevision.cl\/web\/wp-json\/wp\/v2\/posts\/35450\/revisions\/35452"}],"wp:featuredmedia":[{"embeddable":true,"href":"https:\/\/temucotelevision.cl\/web\/wp-json\/wp\/v2\/media\/35451"}],"wp:attachment":[{"href":"https:\/\/temucotelevision.cl\/web\/wp-json\/wp\/v2\/media?parent=35450"}],"wp:term":[{"taxonomy":"category","embeddable":true,"href":"https:\/\/temucotelevision.cl\/web\/wp-json\/wp\/v2\/categories?post=35450"},{"taxonomy":"post_tag","embeddable":true,"href":"https:\/\/temucotelevision.cl\/web\/wp-json\/wp\/v2\/tags?post=35450"}],"curies":[{"name":"wp","href":"https:\/\/api.w.org\/{rel}","templated":true}]}}