{"id":35444,"date":"2022-09-23T09:23:09","date_gmt":"2022-09-23T12:23:09","guid":{"rendered":"https:\/\/temucotelevision.cl\/web\/?p=35444"},"modified":"2022-09-23T09:23:10","modified_gmt":"2022-09-23T12:23:10","slug":"teleton-anuncia-su-tradicional-gira-por-chile-el-19-de-octubre-llegara-a-temuco","status":"publish","type":"post","link":"https:\/\/temucotelevision.cl\/web\/2022\/09\/23\/teleton-anuncia-su-tradicional-gira-por-chile-el-19-de-octubre-llegara-a-temuco\/","title":{"rendered":"Telet\u00f3n anuncia su tradicional gira por Chile: el 19 de octubre llegar\u00e1 a Temuco"},"content":{"rendered":"<div class=\"pvc_clear\"><\/div><p id=\"pvc_stats_35444\" class=\"pvc_stats total_only  \" data-element-id=\"35444\" style=\"\"><i class=\"pvc-stats-icon large\" aria-hidden=\"true\"><svg aria-hidden=\"true\" focusable=\"false\" data-prefix=\"far\" data-icon=\"chart-bar\" role=\"img\" xmlns=\"http:\/\/www.w3.org\/2000\/svg\" viewBox=\"0 0 512 512\" class=\"svg-inline--fa fa-chart-bar fa-w-16 fa-2x\"><path fill=\"currentColor\" d=\"M396.8 352h22.4c6.4 0 12.8-6.4 12.8-12.8V108.8c0-6.4-6.4-12.8-12.8-12.8h-22.4c-6.4 0-12.8 6.4-12.8 12.8v230.4c0 6.4 6.4 12.8 12.8 12.8zm-192 0h22.4c6.4 0 12.8-6.4 12.8-12.8V140.8c0-6.4-6.4-12.8-12.8-12.8h-22.4c-6.4 0-12.8 6.4-12.8 12.8v198.4c0 6.4 6.4 12.8 12.8 12.8zm96 0h22.4c6.4 0 12.8-6.4 12.8-12.8V204.8c0-6.4-6.4-12.8-12.8-12.8h-22.4c-6.4 0-12.8 6.4-12.8 12.8v134.4c0 6.4 6.4 12.8 12.8 12.8zM496 400H48V80c0-8.84-7.16-16-16-16H16C7.16 64 0 71.16 0 80v336c0 17.67 14.33 32 32 32h464c8.84 0 16-7.16 16-16v-16c0-8.84-7.16-16-16-16zm-387.2-48h22.4c6.4 0 12.8-6.4 12.8-12.8v-70.4c0-6.4-6.4-12.8-12.8-12.8h-22.4c-6.4 0-12.8 6.4-12.8 12.8v70.4c0 6.4 6.4 12.8 12.8 12.8z\" class=\"\"><\/path><\/svg><\/i> <img loading=\"lazy\" decoding=\"async\" width=\"16\" height=\"16\" alt=\"Loading\" src=\"https:\/\/temucotelevision.cl\/web\/wp-content\/plugins\/page-views-count\/ajax-loader-2x.gif\" border=0 \/><\/p><div class=\"pvc_clear\"><\/div>\n<ul class=\"wp-block-list\"><li><em>En un marat\u00f3nico recorrido por programas matinales, animadoras, animadores y artistas, acompa\u00f1ados por Mario Kreutzberger, hicieron entrega del simb\u00f3lico coraz\u00f3n \u201cLa Telet\u00f3n nos hace bien a todos, #TodosLosD\u00edas\u201d en los canales de TV.&nbsp;<\/em><\/li><\/ul>\n\n\n\n<ul class=\"wp-block-list\"><li><em>En la actividad se anunci\u00f3 la Gira Telet\u00f3n, que se realizar\u00e1 entre el pr\u00f3ximo 11 y 22 de octubre.&nbsp;<\/em><\/li><\/ul>\n\n\n\n<p>Animadores y animadoras de TV, embajadores de Telet\u00f3n, acompa\u00f1ados por Mario Kreutzberger, cofundador y l\u00edder hist\u00f3rico de la cruzada, realizaron este mi\u00e9rcoles un recorrido por canales de televisi\u00f3n para entregar un simb\u00f3lico coraz\u00f3n que representa el compromiso con la gran obra solidaria colectiva de Chile, que este a\u00f1o realizar\u00e1 su tradicional programa televisivo el 4 y 5 de noviembre.&nbsp;<\/p>\n\n\n\n<p>La caravana de Telet\u00f3n, integrada, entre otras figuras, por Karen Doggenweiler, Mart\u00edn C\u00e1rcamo, Millaray Viera, Eduardo Fuentes, Daniel \u201cHuevo\u201d Fuenzalida, Juli\u00e1n Elfenbein, Jos\u00e9 Miguel Vi\u00f1uela, y artistas como Jordan y los payasos del circo \u201cPastelito y Tachuela Chico\u201d, recorri\u00f3 las calles de Santiago a bordo de un bus y visit\u00f3 a primera hora los estudios de Chilevisi\u00f3n. All\u00ed el grupo estuvo en \u201cContigo en la Ma\u00f1ana\u201d y, en un festivo ambiente, remarc\u00f3 como mensaje lo importante que es contar con el apoyo de todo el pa\u00eds para que los 14 institutos Telet\u00f3n, de Arica a Coyhaique, contin\u00faen sus atenciones a los m\u00e1s de 31 mil ni\u00f1os, ni\u00f1as y j\u00f3venes, las que nunca se han detenido, incluso en periodo de pandemia.<\/p>\n\n\n\n<p>La comitiva Telet\u00f3n continu\u00f3 su recorrido en bus por los canales y durante toda la ma\u00f1ana recibi\u00f3 la bienvenida en los programas matinales \u201cMucho Gusto\u201d, de Mega; \u201cTu D\u00eda\u201d, de Canal 13; y \u201cBuenos D\u00edas a Todos\u201d, de TVN.&nbsp; En todos ellos se hizo entrega de un coraz\u00f3n rojo que tiene escrito el eslogan \u201cLa Telet\u00f3n nos hace bien a todos, #TodosLosD\u00edas\u201d, al tiempo que Mario Kreutzberger se manifest\u00f3 \u201cmuy contento\u201d de ver c\u00f3mo nuevas generaciones se hacen cargo de continuar la cruzada que inici\u00f3 en 1978, que se construy\u00f3 de manera colectiva y solidaria, y que hoy le pertenece a todo Chile.&nbsp;<\/p>\n\n\n\n<p>Don Francisco reiter\u00f3 que, si bien a partir de este 2022 \u2013y a sus 82 a\u00f1os\u2013 dar\u00e1 un paso al costado en gran parte de las tareas de organizaci\u00f3n de la campa\u00f1a, estar\u00e1 presente en todas aquellas actividades e instancias en que pueda colaborar y en que Telet\u00f3n lo requiera, destacando el papel de liderazgo y apoyo que asumen los animadores y animadoras que lo acompa\u00f1aron en el recorrido y que lo recibieron en los programas que visitaron.<\/p>\n\n\n\n<p>Al t\u00e9rmino de la actividad se realiz\u00f3 un punto de prensa en el que Benjam\u00edn D\u00edaz, director ejecutivo de Fundaci\u00f3n Telet\u00f3n, explic\u00f3 que el eslogan de esta campa\u00f1a (\u201cLa Telet\u00f3n nos hace bien&nbsp;a todos, todos los d\u00edas\u201d), se impulsa con gran energ\u00eda porque es lo que se necesita hoy. \u201cLa tecla es entender que es un a\u00f1o complicado, pero un a\u00f1o en donde no nos cabe duda, toda la gente que a pesar tenga una complejidad para aportar, lo va a poder ser dentro de sus posibilidades. Y sus posibilidades, no necesariamente, son un aporte econ\u00f3mico, tambi\u00e9n pueden ser un buen comentario en redes sociales o la invitaci\u00f3n a un vecino o un amigo que s\u00ed pueda hacer un aporte para cumplir nuestra meta el 4 y 5 de noviembre\u201d, dijo.<\/p>\n\n\n\n<p>Benjam\u00edn D\u00edaz destac\u00f3 tambi\u00e9n que \u201cel equipo que est\u00e1 detr\u00e1s (de la campa\u00f1a y programa televisivo), esta nueva generaci\u00f3n, que est\u00e1 tomando esta posta, est\u00e1 agradeciendo lo que construyeron los primeros que iniciaron esta campa\u00f1a\u201d.<\/p>\n\n\n\n<p>Luego, Pablo Vidal, presidente de Anatel, destac\u00f3 que la televisi\u00f3n chilena ha estado comprometida con esta obra, no s\u00f3lo ahora, sino que desde 1978, cuando a Don Francisco se le ocurri\u00f3 \u201cesta locura\u201d que todos los canales transmitieran este evento conjuntamente. \u201cHoy la locura no es hacer la Telet\u00f3n. Hoy la locura ser\u00eda que no sigui\u00e9ramos haci\u00e9ndola. Por lo tanto, vamos a seguir adelante, la Telet\u00f3n sigue siendo un patrimonio de todo Chile, la televisi\u00f3n sigue comprometida con la Telet\u00f3n\u201d, dijo.&nbsp;<\/p>\n\n\n\n<p>Mario Kreutzberger, agradeci\u00f3 las palabras y destac\u00f3 especialmente el apoyo de las figuras televisivas que lo acompa\u00f1aron. \u201cEsto es muy emocionante, porque al dar un paso al costado veo que existe un futuro (\u2026) La marca que hemos creado, el concepto de la Telet\u00f3n, nos cobija a todos nosotros y es m\u00e1s importante que todos nosotros\u201d, dijo.<\/p>\n\n\n\n<p>Agreg\u00f3 tambi\u00e9n que \u201cdar un paso al costado no significa irse, sino ponerse a disposici\u00f3n de esta nueva generaci\u00f3n, en lo que necesite. Si necesita un consejo, ah\u00ed estar\u00e9. Si necesita una aparici\u00f3n y yo sirvo, ah\u00ed estar\u00e9. As\u00ed que es m\u00e1s bien un acto responsable con lo que, yo dir\u00eda, profesionalmente es lo que m\u00e1s he querido\u201d.&nbsp;<\/p>\n\n\n\n<p>Por parte de los institutos Telet\u00f3n, el doctor Bruno Camaggi director m\u00e9dico nacional de Telet\u00f3n, agradeci\u00f3 el compromiso que ha permitido esta obra y lo que ha sido posible realizar.&nbsp; \u201cDecirles que, gracias al apoyo que hemos tenido, tenemos hoy 14 centros, y vamos a tener dos m\u00e1s, en O\u2019Higgins y \u00d1uble (\u2026) Telet\u00f3n le hace muy bien a todos, y le hace muy bien a las 31 mil familias y pacientes que reciben una atenci\u00f3n gratuita, de calidad, con el mejor est\u00e1ndar internacional, lo que nos permite entregar este casi un mill\u00f3n de atenciones anuales y hacer muchas cirug\u00edas. Con estos datos quiero representar a quienes trabajan en Telet\u00f3n, darles las gracias y pedirles que se sumen nuevamente a la campa\u00f1a de este a\u00f1o\u201d.&nbsp;<\/p>\n\n\n\n<p>Karen Doggenweiler, una de las animadoras que habl\u00f3 en el punto de prensa, afirm\u00f3 que \u201cel esp\u00edritu que se vivi\u00f3 en el bus de la Telet\u00f3n, espero que llegue tambi\u00e9n a cada uno de los hogares, que nos motivemos (\u2026) Todo lo que hemos podido ver y qu\u00e9 hacen los institutos, el compromiso que tiene cada una de las personas que ah\u00ed est\u00e1, es precioso. Es un espacio de atenci\u00f3n de calidad, de esperanza. As\u00ed que esperamos que en todas las familias este espacio siga creciendo, y que no perdamos ese compromiso maravilloso que tenemos nosotros con los ni\u00f1os y sus familias\u201d.<\/p>\n\n\n\n<p><strong>Gira Telet\u00f3n<\/strong><\/p>\n\n\n\n<p>Durante la visita de la caravana, se anunci\u00f3 la esperada \u201cGira de la Telet\u00f3n\u201d, que este a\u00f1o se realizar\u00e1 desde el 11 al 22 de octubre, recorriendo 11 ciudades del pa\u00eds.&nbsp;<\/p>\n\n\n\n<p>Es en este sentido que Juli\u00e1n Elfenbein remarc\u00f3 que dicho evento \u201ces algo tan tradicional, que levanta el esp\u00edritu de la Telet\u00f3n (&#8230;) Es una de las actividades m\u00e1s importantes (&#8230;). La Telet\u00f3n es \u00fanica a nivel iberoamericano como instituci\u00f3n de salud. Pero adem\u00e1s de salud, de rehabilitaci\u00f3n, y adem\u00e1s de rehabilitaci\u00f3n, es de energ\u00eda, de \u00e1nimo y de esp\u00edritu. Y ese esp\u00edritu lo levantamos entre todos y con ustedes\u201d.<\/p>\n\n\n\n<p>El itinerario de la gira, en la que participar\u00e1n animadores y artistas, y que realizar\u00e1 aperturas comunitarias para destacar el esfuerzo y trabajo de pacientes y equipos Telet\u00f3n en los institutos, ser\u00e1 el siguiente: Arica (martes 11), Iquique (mi\u00e9rcoles 12); Antofagasta (jueves 13); Copiap\u00f3 (viernes 14); Coquimbo (s\u00e1bado 15); Talca (lunes 17); Concepci\u00f3n (martes 18); Temuco (mi\u00e9rcoles 19); Valdivia (jueves 20); Puerto Montt (viernes 21); y Coyhaique (s\u00e1bado 22).<\/p>\n\n\n\n<p>Entre los artistas que formar\u00e1n parte de la gira Telet\u00f3n est\u00e1n Noche de Brujas, el baladista, Andr\u00e9s de Le\u00f3n, y otros que se confirmar\u00e1n pronto. Adem\u00e1s de los shows art\u00edsticos, la comunidad podr\u00e1 participar en visitas guiadas por los institutos, conocer emprendimientos de mam\u00e1s, cuidadoras de pacientes Telet\u00f3n y ver exposiciones de arte.<\/p>\n\n\n\n<p>En las visitas guiadas la comunidad tambi\u00e9n podr\u00e1 conocer el trabajo que realizan los profesionales de Telet\u00f3n y la moderna tecnolog\u00eda con que cuentan nuestros institutos, entre ellos el Lokomat Pro (disponible en Talca); el robot Armeo, que permite trabajar movilidad de brazo y hombro (disponible en Concepci\u00f3n); salas de estimulaci\u00f3n multisensorial, entre otras.<\/p>\n\n\n\n<p>En la gira tambi\u00e9n participar\u00e1n&nbsp;<em>influencers<\/em>, entre ellos Ignacia Antonia y el comediante Lucho Miranda, quien fue protagonista de uno de los reportajes del programa Telet\u00f3n 2021.<\/p>\n\n\n\n<p>Este 2022 la gira contar\u00e1 con los protocolos Covid-19 que se requieran, seg\u00fan el escenario sanitario y el de las actividades que se realicen.<\/p>\n\n\n\n<p><strong>Himno de campa\u00f1a Telet\u00f3n 2022<\/strong><\/p>\n\n\n\n<p>En la parada final del recorrido, se estren\u00f3 un adelanto del himno de la campa\u00f1a de Telet\u00f3n 2022, una canci\u00f3n de estilo urbano titulada \u201c365\u201d, y cuya letra habla de autenticidad, de nunca rendirse y siempre luchar, para representar a los pacientes y a la labor que #TodosLosD\u00edas realizan los equipos Telet\u00f3n en los 14 institutos del pa\u00eds.<\/p>\n\n\n\n<p>La canci\u00f3n, definida como transgeneracional, es interpretada por las artistas nacionales, KYA y Seamoon, y pertenece al g\u00e9nero musical funk con influencias de rap, R&amp;B, soul y trap.&nbsp;<\/p>\n","protected":false},"excerpt":{"rendered":"<div class=\"pvc_clear\"><\/div>\n<p id=\"pvc_stats_35444\" class=\"pvc_stats total_only  \" data-element-id=\"35444\" style=\"\"><i class=\"pvc-stats-icon large\" aria-hidden=\"true\"><svg aria-hidden=\"true\" focusable=\"false\" data-prefix=\"far\" data-icon=\"chart-bar\" role=\"img\" xmlns=\"http:\/\/www.w3.org\/2000\/svg\" viewBox=\"0 0 512 512\" class=\"svg-inline--fa fa-chart-bar fa-w-16 fa-2x\"><path fill=\"currentColor\" d=\"M396.8 352h22.4c6.4 0 12.8-6.4 12.8-12.8V108.8c0-6.4-6.4-12.8-12.8-12.8h-22.4c-6.4 0-12.8 6.4-12.8 12.8v230.4c0 6.4 6.4 12.8 12.8 12.8zm-192 0h22.4c6.4 0 12.8-6.4 12.8-12.8V140.8c0-6.4-6.4-12.8-12.8-12.8h-22.4c-6.4 0-12.8 6.4-12.8 12.8v198.4c0 6.4 6.4 12.8 12.8 12.8zm96 0h22.4c6.4 0 12.8-6.4 12.8-12.8V204.8c0-6.4-6.4-12.8-12.8-12.8h-22.4c-6.4 0-12.8 6.4-12.8 12.8v134.4c0 6.4 6.4 12.8 12.8 12.8zM496 400H48V80c0-8.84-7.16-16-16-16H16C7.16 64 0 71.16 0 80v336c0 17.67 14.33 32 32 32h464c8.84 0 16-7.16 16-16v-16c0-8.84-7.16-16-16-16zm-387.2-48h22.4c6.4 0 12.8-6.4 12.8-12.8v-70.4c0-6.4-6.4-12.8-12.8-12.8h-22.4c-6.4 0-12.8 6.4-12.8 12.8v70.4c0 6.4 6.4 12.8 12.8 12.8z\" class=\"\"><\/path><\/svg><\/i> <img loading=\"lazy\" decoding=\"async\" width=\"16\" height=\"16\" alt=\"Loading\" src=\"https:\/\/temucotelevision.cl\/web\/wp-content\/plugins\/page-views-count\/ajax-loader-2x.gif\" border=0 \/><\/p>\n<div class=\"pvc_clear\"><\/div>\n<p>En un marat\u00f3nico recorrido por programas matinales, animadoras, animadores y artistas, acompa\u00f1ados por Mario Kreutzberger, hicieron entrega del simb\u00f3lico coraz\u00f3n<\/p>\n","protected":false},"author":1,"featured_media":35445,"comment_status":"open","ping_status":"open","sticky":false,"template":"","format":"standard","meta":{"colormag_page_container_layout":"default_layout","colormag_page_sidebar_layout":"default_layout","footnotes":""},"categories":[86,14],"tags":[5807,581,1149,1989],"class_list":["post-35444","post","type-post","status-publish","format-standard","has-post-thumbnail","hentry","category-panoramas","category-temuco","tag-animadores","tag-gira","tag-programas","tag-teleton"],"a3_pvc":{"activated":true,"total_views":114,"today_views":0},"_links":{"self":[{"href":"https:\/\/temucotelevision.cl\/web\/wp-json\/wp\/v2\/posts\/35444","targetHints":{"allow":["GET"]}}],"collection":[{"href":"https:\/\/temucotelevision.cl\/web\/wp-json\/wp\/v2\/posts"}],"about":[{"href":"https:\/\/temucotelevision.cl\/web\/wp-json\/wp\/v2\/types\/post"}],"author":[{"embeddable":true,"href":"https:\/\/temucotelevision.cl\/web\/wp-json\/wp\/v2\/users\/1"}],"replies":[{"embeddable":true,"href":"https:\/\/temucotelevision.cl\/web\/wp-json\/wp\/v2\/comments?post=35444"}],"version-history":[{"count":1,"href":"https:\/\/temucotelevision.cl\/web\/wp-json\/wp\/v2\/posts\/35444\/revisions"}],"predecessor-version":[{"id":35446,"href":"https:\/\/temucotelevision.cl\/web\/wp-json\/wp\/v2\/posts\/35444\/revisions\/35446"}],"wp:featuredmedia":[{"embeddable":true,"href":"https:\/\/temucotelevision.cl\/web\/wp-json\/wp\/v2\/media\/35445"}],"wp:attachment":[{"href":"https:\/\/temucotelevision.cl\/web\/wp-json\/wp\/v2\/media?parent=35444"}],"wp:term":[{"taxonomy":"category","embeddable":true,"href":"https:\/\/temucotelevision.cl\/web\/wp-json\/wp\/v2\/categories?post=35444"},{"taxonomy":"post_tag","embeddable":true,"href":"https:\/\/temucotelevision.cl\/web\/wp-json\/wp\/v2\/tags?post=35444"}],"curies":[{"name":"wp","href":"https:\/\/api.w.org\/{rel}","templated":true}]}}