{"id":35439,"date":"2022-09-23T09:08:37","date_gmt":"2022-09-23T12:08:37","guid":{"rendered":"https:\/\/temucotelevision.cl\/web\/?p=35439"},"modified":"2022-09-23T09:08:38","modified_gmt":"2022-09-23T12:08:38","slug":"ciclismo-tendra-jornada-de-fin-de-semana-para-coronar-campeones-regionales","status":"publish","type":"post","link":"https:\/\/temucotelevision.cl\/web\/2022\/09\/23\/ciclismo-tendra-jornada-de-fin-de-semana-para-coronar-campeones-regionales\/","title":{"rendered":"Ciclismo tendr\u00e1 jornada de fin de semana para coronar campeones regionales"},"content":{"rendered":"<div class=\"pvc_clear\"><\/div><p id=\"pvc_stats_35439\" class=\"pvc_stats total_only  \" data-element-id=\"35439\" style=\"\"><i class=\"pvc-stats-icon large\" aria-hidden=\"true\"><svg aria-hidden=\"true\" focusable=\"false\" data-prefix=\"far\" data-icon=\"chart-bar\" role=\"img\" xmlns=\"http:\/\/www.w3.org\/2000\/svg\" viewBox=\"0 0 512 512\" class=\"svg-inline--fa fa-chart-bar fa-w-16 fa-2x\"><path fill=\"currentColor\" d=\"M396.8 352h22.4c6.4 0 12.8-6.4 12.8-12.8V108.8c0-6.4-6.4-12.8-12.8-12.8h-22.4c-6.4 0-12.8 6.4-12.8 12.8v230.4c0 6.4 6.4 12.8 12.8 12.8zm-192 0h22.4c6.4 0 12.8-6.4 12.8-12.8V140.8c0-6.4-6.4-12.8-12.8-12.8h-22.4c-6.4 0-12.8 6.4-12.8 12.8v198.4c0 6.4 6.4 12.8 12.8 12.8zm96 0h22.4c6.4 0 12.8-6.4 12.8-12.8V204.8c0-6.4-6.4-12.8-12.8-12.8h-22.4c-6.4 0-12.8 6.4-12.8 12.8v134.4c0 6.4 6.4 12.8 12.8 12.8zM496 400H48V80c0-8.84-7.16-16-16-16H16C7.16 64 0 71.16 0 80v336c0 17.67 14.33 32 32 32h464c8.84 0 16-7.16 16-16v-16c0-8.84-7.16-16-16-16zm-387.2-48h22.4c6.4 0 12.8-6.4 12.8-12.8v-70.4c0-6.4-6.4-12.8-12.8-12.8h-22.4c-6.4 0-12.8 6.4-12.8 12.8v70.4c0 6.4 6.4 12.8 12.8 12.8z\" class=\"\"><\/path><\/svg><\/i> <img loading=\"lazy\" decoding=\"async\" width=\"16\" height=\"16\" alt=\"Loading\" src=\"https:\/\/temucotelevision.cl\/web\/wp-content\/plugins\/page-views-count\/ajax-loader-2x.gif\" border=0 \/><\/p><div class=\"pvc_clear\"><\/div>\n<p>\u00b7&nbsp;&nbsp;&nbsp;&nbsp;&nbsp;&nbsp;&nbsp;&nbsp;&nbsp;<strong>Una veintena de pedaleros se reunir\u00e1n en Freire este s\u00e1bado y domingo convocados por el IND en el marco de los Juegos Deportivos Escolares 2022. Las mejores marcas clasificar\u00e1n a la final nacional en el Bio-Bio &nbsp;<\/strong><\/p>\n\n\n\n<p> Con distintas pruebas y grados de dificultad se correr\u00e1 en Freire este fin de semana la final regional del Ciclismo sub14, organizado por el Instituto Nacional del Deporte La Araucan\u00eda.<\/p>\n\n\n\n<p>La cita forma parte de la programaci\u00f3n anual de los Juegos Deportivos Escolares (JDE) que desarrolla el servicio en el \u00e1mbito del deporte de competici\u00f3n.<\/p>\n\n\n\n<p>En tal sentido, de la veintena de pedaleros que llegaron hasta esta fase, quienes resulten con las mejores marcas clasificar\u00e1n a la final nacional de los JDE que para esta disciplina se resolver\u00e1 en San Pedro de la Paz, regi\u00f3n del Bio-Bio, entre el 31 de octubre y el 2 de noviembre pr\u00f3ximo. &nbsp;&nbsp;<\/p>\n\n\n\n<p>La jornada se dividir\u00e1 en dos d\u00edas. El s\u00e1bado iniciar\u00e1 a las 10 horas con el arribo de las delegaciones y la entrega de documentaci\u00f3n, en el Liceo Juan Schleyer de Freire (calle Villarrica 283). A las&nbsp; 10:30 horas se correr\u00e1 la primera de las pruebas, en crono damas en tres kil\u00f3metros. A las 11:15 ser\u00e1 el turno de los varones con crono de 5 kil\u00f3metros. &nbsp;&nbsp;<\/p>\n\n\n\n<p>Por la tarde, a las 14:30 horas se correr\u00e1 la competencia ruta damas de 20 kil\u00f3metros; y a las 16 horas, la misma prueba pero en 25 kil\u00f3metros para varones.<\/p>\n\n\n\n<p>El domingo las pruebas abrir\u00e1n a las 11:30 horas con el circuito para damas en 15 kil\u00f3metros; y a las 12:45 horas, la competencia circuito varones en 20 kil\u00f3metros.<\/p>\n\n\n\n<p>La premiaci\u00f3n de los mejores en cada prueba se realizar\u00e1 alrededor de las 14:15 horas del domingo en el mismo establecimiento educacional.<\/p>\n\n\n\n<p>La competencia de Ciclismo Escolar en todas sus fases clasificatorias convoc\u00f3 este a\u00f1o a m\u00e1s de 8 mil pedaleros de La Araucan\u00eda.<\/p>\n","protected":false},"excerpt":{"rendered":"<div class=\"pvc_clear\"><\/div>\n<p id=\"pvc_stats_35439\" class=\"pvc_stats total_only  \" data-element-id=\"35439\" style=\"\"><i class=\"pvc-stats-icon large\" aria-hidden=\"true\"><svg aria-hidden=\"true\" focusable=\"false\" data-prefix=\"far\" data-icon=\"chart-bar\" role=\"img\" xmlns=\"http:\/\/www.w3.org\/2000\/svg\" viewBox=\"0 0 512 512\" class=\"svg-inline--fa fa-chart-bar fa-w-16 fa-2x\"><path fill=\"currentColor\" d=\"M396.8 352h22.4c6.4 0 12.8-6.4 12.8-12.8V108.8c0-6.4-6.4-12.8-12.8-12.8h-22.4c-6.4 0-12.8 6.4-12.8 12.8v230.4c0 6.4 6.4 12.8 12.8 12.8zm-192 0h22.4c6.4 0 12.8-6.4 12.8-12.8V140.8c0-6.4-6.4-12.8-12.8-12.8h-22.4c-6.4 0-12.8 6.4-12.8 12.8v198.4c0 6.4 6.4 12.8 12.8 12.8zm96 0h22.4c6.4 0 12.8-6.4 12.8-12.8V204.8c0-6.4-6.4-12.8-12.8-12.8h-22.4c-6.4 0-12.8 6.4-12.8 12.8v134.4c0 6.4 6.4 12.8 12.8 12.8zM496 400H48V80c0-8.84-7.16-16-16-16H16C7.16 64 0 71.16 0 80v336c0 17.67 14.33 32 32 32h464c8.84 0 16-7.16 16-16v-16c0-8.84-7.16-16-16-16zm-387.2-48h22.4c6.4 0 12.8-6.4 12.8-12.8v-70.4c0-6.4-6.4-12.8-12.8-12.8h-22.4c-6.4 0-12.8 6.4-12.8 12.8v70.4c0 6.4 6.4 12.8 12.8 12.8z\" class=\"\"><\/path><\/svg><\/i> <img loading=\"lazy\" decoding=\"async\" width=\"16\" height=\"16\" alt=\"Loading\" src=\"https:\/\/temucotelevision.cl\/web\/wp-content\/plugins\/page-views-count\/ajax-loader-2x.gif\" border=0 \/><\/p>\n<div class=\"pvc_clear\"><\/div>\n<p>\u00b7&nbsp;&nbsp;&nbsp;&nbsp;&nbsp;&nbsp;&nbsp;&nbsp;&nbsp;Una veintena de pedaleros se reunir\u00e1n en Freire este s\u00e1bado y domingo convocados por el IND en el marco de<\/p>\n","protected":false},"author":1,"featured_media":35440,"comment_status":"open","ping_status":"open","sticky":false,"template":"","format":"standard","meta":{"colormag_page_container_layout":"default_layout","colormag_page_sidebar_layout":"default_layout","footnotes":""},"categories":[15],"tags":[1018,4294,469,1164],"class_list":["post-35439","post","type-post","status-publish","format-standard","has-post-thumbnail","hentry","category-la-araucania","tag-campeones","tag-ciclismo","tag-juegos","tag-pedaleros"],"a3_pvc":{"activated":true,"total_views":72,"today_views":0},"_links":{"self":[{"href":"https:\/\/temucotelevision.cl\/web\/wp-json\/wp\/v2\/posts\/35439","targetHints":{"allow":["GET"]}}],"collection":[{"href":"https:\/\/temucotelevision.cl\/web\/wp-json\/wp\/v2\/posts"}],"about":[{"href":"https:\/\/temucotelevision.cl\/web\/wp-json\/wp\/v2\/types\/post"}],"author":[{"embeddable":true,"href":"https:\/\/temucotelevision.cl\/web\/wp-json\/wp\/v2\/users\/1"}],"replies":[{"embeddable":true,"href":"https:\/\/temucotelevision.cl\/web\/wp-json\/wp\/v2\/comments?post=35439"}],"version-history":[{"count":1,"href":"https:\/\/temucotelevision.cl\/web\/wp-json\/wp\/v2\/posts\/35439\/revisions"}],"predecessor-version":[{"id":35441,"href":"https:\/\/temucotelevision.cl\/web\/wp-json\/wp\/v2\/posts\/35439\/revisions\/35441"}],"wp:featuredmedia":[{"embeddable":true,"href":"https:\/\/temucotelevision.cl\/web\/wp-json\/wp\/v2\/media\/35440"}],"wp:attachment":[{"href":"https:\/\/temucotelevision.cl\/web\/wp-json\/wp\/v2\/media?parent=35439"}],"wp:term":[{"taxonomy":"category","embeddable":true,"href":"https:\/\/temucotelevision.cl\/web\/wp-json\/wp\/v2\/categories?post=35439"},{"taxonomy":"post_tag","embeddable":true,"href":"https:\/\/temucotelevision.cl\/web\/wp-json\/wp\/v2\/tags?post=35439"}],"curies":[{"name":"wp","href":"https:\/\/api.w.org\/{rel}","templated":true}]}}