{"id":35433,"date":"2022-09-22T23:23:16","date_gmt":"2022-09-23T02:23:16","guid":{"rendered":"https:\/\/temucotelevision.cl\/web\/?p=35433"},"modified":"2022-09-22T23:23:17","modified_gmt":"2022-09-23T02:23:17","slug":"editorial-pehuen-recomienda-memorias-de-un-historiador-mirando-al-norte-de-jorge-pinto-rodriguez","status":"publish","type":"post","link":"https:\/\/temucotelevision.cl\/web\/2022\/09\/22\/editorial-pehuen-recomienda-memorias-de-un-historiador-mirando-al-norte-de-jorge-pinto-rodriguez\/","title":{"rendered":"Editorial Pehu\u00e9n recomienda \u201cMemorias de un Historiador Mirando al Norte\u201d de Jorge Pinto Rodr\u00edguez"},"content":{"rendered":"<div class=\"pvc_clear\"><\/div><p id=\"pvc_stats_35433\" class=\"pvc_stats total_only  \" data-element-id=\"35433\" style=\"\"><i class=\"pvc-stats-icon large\" aria-hidden=\"true\"><svg aria-hidden=\"true\" focusable=\"false\" data-prefix=\"far\" data-icon=\"chart-bar\" role=\"img\" xmlns=\"http:\/\/www.w3.org\/2000\/svg\" viewBox=\"0 0 512 512\" class=\"svg-inline--fa fa-chart-bar fa-w-16 fa-2x\"><path fill=\"currentColor\" d=\"M396.8 352h22.4c6.4 0 12.8-6.4 12.8-12.8V108.8c0-6.4-6.4-12.8-12.8-12.8h-22.4c-6.4 0-12.8 6.4-12.8 12.8v230.4c0 6.4 6.4 12.8 12.8 12.8zm-192 0h22.4c6.4 0 12.8-6.4 12.8-12.8V140.8c0-6.4-6.4-12.8-12.8-12.8h-22.4c-6.4 0-12.8 6.4-12.8 12.8v198.4c0 6.4 6.4 12.8 12.8 12.8zm96 0h22.4c6.4 0 12.8-6.4 12.8-12.8V204.8c0-6.4-6.4-12.8-12.8-12.8h-22.4c-6.4 0-12.8 6.4-12.8 12.8v134.4c0 6.4 6.4 12.8 12.8 12.8zM496 400H48V80c0-8.84-7.16-16-16-16H16C7.16 64 0 71.16 0 80v336c0 17.67 14.33 32 32 32h464c8.84 0 16-7.16 16-16v-16c0-8.84-7.16-16-16-16zm-387.2-48h22.4c6.4 0 12.8-6.4 12.8-12.8v-70.4c0-6.4-6.4-12.8-12.8-12.8h-22.4c-6.4 0-12.8 6.4-12.8 12.8v70.4c0 6.4 6.4 12.8 12.8 12.8z\" class=\"\"><\/path><\/svg><\/i> <img loading=\"lazy\" decoding=\"async\" width=\"16\" height=\"16\" alt=\"Loading\" src=\"https:\/\/temucotelevision.cl\/web\/wp-content\/plugins\/page-views-count\/ajax-loader-2x.gif\" border=0 \/><\/p><div class=\"pvc_clear\"><\/div>\n<p><strong>El Premio Nacional de Historia 2012, recorre su vida y su pasado sin concesiones, s\u00f3lo con el rigor de la identidad.<\/strong><\/p>\n\n\n\n<p>El destacado historiador e investigador, Jorge Pinto Rodr\u00edguez, presenta su libro\u00a0<strong>\u201cMemorias de un Historiador Mirando al Norte. Su tierra, su pasi\u00f3n por la historia y su militancia pol\u00edtica\u201d<\/strong>. En este texto, el Premio Nacional de Historia 2012, habla el primera persona sobre nuestro territorio de valles maravillosos, pueblos encantadores y la historia que lo ha cultivado con pasi\u00f3n, junto con expresar sus convicciones pol\u00edticas y profundos sentimientos.<\/p>\n\n\n\n<p>Jorge Pinto Rodr\u00edguez, naci\u00f3 en La Serena el a\u00f1o 1944 y luego vivi\u00f3 en Punitaqui y Antofagasta. Estudi\u00f3 Pedagog\u00eda en Historia, Geograf\u00eda y Educaci\u00f3n C\u00edvica en la sede Valpara\u00edso de la Universidad de Chile y posteriormente curs\u00f3 el Doctorado en Filosof\u00eda con menci\u00f3n en Historia en la Universidad de Southampton, en Inglaterra.<\/p>\n\n\n\n<p>Como investigador, inicialmente se dedic\u00f3 a la historia colonial del Norte Chico, para luego enfocar su obra a las aristas de la historia social y fronteriza. En este rol, ha sido integrante de sociedades cient\u00edficas, en los \u00e1mbitos de la Historia Econ\u00f3mica y de Latinoam\u00e9rica, en Chile, Argentina, Inglaterra y Estados Unidos.<\/p>\n\n\n\n<p>Durante el transcurso de su carrera, Jorge Pinto Rodr\u00edguez ha sido miembro del Consejo Nacional del Libro y la Lectura y del grupo de Historia de la Comisi\u00f3n Verdad y Nuevo Trato con los Pueblos Ind\u00edgenas. Adem\u00e1s, particip\u00f3 como consultor de la C\u00e1mara de Diputados en materias ind\u00edgenas y en el grupo de trabajo de historia de la Comisi\u00f3n Nacional de Investigaci\u00f3n Cient\u00edfica y Tecnol\u00f3gica (CONICYT).<\/p>\n\n\n\n<figure class=\"wp-block-image is-resized\"><img loading=\"lazy\" decoding=\"async\" src=\"https:\/\/staticcl1.fidelizador.com\/voorus\/Barbara\/Portada_Memorias%20_Pinto.png\" alt=\"\" width=\"685\" height=\"1049\"\/><\/figure>\n\n\n\n<p><\/p>\n\n\n\n<p><\/p>\n","protected":false},"excerpt":{"rendered":"<div class=\"pvc_clear\"><\/div>\n<p id=\"pvc_stats_35433\" class=\"pvc_stats total_only  \" data-element-id=\"35433\" style=\"\"><i class=\"pvc-stats-icon large\" aria-hidden=\"true\"><svg aria-hidden=\"true\" focusable=\"false\" data-prefix=\"far\" data-icon=\"chart-bar\" role=\"img\" xmlns=\"http:\/\/www.w3.org\/2000\/svg\" viewBox=\"0 0 512 512\" class=\"svg-inline--fa fa-chart-bar fa-w-16 fa-2x\"><path fill=\"currentColor\" d=\"M396.8 352h22.4c6.4 0 12.8-6.4 12.8-12.8V108.8c0-6.4-6.4-12.8-12.8-12.8h-22.4c-6.4 0-12.8 6.4-12.8 12.8v230.4c0 6.4 6.4 12.8 12.8 12.8zm-192 0h22.4c6.4 0 12.8-6.4 12.8-12.8V140.8c0-6.4-6.4-12.8-12.8-12.8h-22.4c-6.4 0-12.8 6.4-12.8 12.8v198.4c0 6.4 6.4 12.8 12.8 12.8zm96 0h22.4c6.4 0 12.8-6.4 12.8-12.8V204.8c0-6.4-6.4-12.8-12.8-12.8h-22.4c-6.4 0-12.8 6.4-12.8 12.8v134.4c0 6.4 6.4 12.8 12.8 12.8zM496 400H48V80c0-8.84-7.16-16-16-16H16C7.16 64 0 71.16 0 80v336c0 17.67 14.33 32 32 32h464c8.84 0 16-7.16 16-16v-16c0-8.84-7.16-16-16-16zm-387.2-48h22.4c6.4 0 12.8-6.4 12.8-12.8v-70.4c0-6.4-6.4-12.8-12.8-12.8h-22.4c-6.4 0-12.8 6.4-12.8 12.8v70.4c0 6.4 6.4 12.8 12.8 12.8z\" class=\"\"><\/path><\/svg><\/i> <img loading=\"lazy\" decoding=\"async\" width=\"16\" height=\"16\" alt=\"Loading\" src=\"https:\/\/temucotelevision.cl\/web\/wp-content\/plugins\/page-views-count\/ajax-loader-2x.gif\" border=0 \/><\/p>\n<div class=\"pvc_clear\"><\/div>\n<p>El Premio Nacional de Historia 2012, recorre su vida y su pasado sin concesiones, s\u00f3lo con el rigor de la<\/p>\n","protected":false},"author":1,"featured_media":35436,"comment_status":"open","ping_status":"open","sticky":false,"template":"","format":"standard","meta":{"colormag_page_container_layout":"default_layout","colormag_page_sidebar_layout":"default_layout","footnotes":""},"categories":[86],"tags":[],"class_list":["post-35433","post","type-post","status-publish","format-standard","has-post-thumbnail","hentry","category-panoramas"],"a3_pvc":{"activated":true,"total_views":36,"today_views":0},"_links":{"self":[{"href":"https:\/\/temucotelevision.cl\/web\/wp-json\/wp\/v2\/posts\/35433","targetHints":{"allow":["GET"]}}],"collection":[{"href":"https:\/\/temucotelevision.cl\/web\/wp-json\/wp\/v2\/posts"}],"about":[{"href":"https:\/\/temucotelevision.cl\/web\/wp-json\/wp\/v2\/types\/post"}],"author":[{"embeddable":true,"href":"https:\/\/temucotelevision.cl\/web\/wp-json\/wp\/v2\/users\/1"}],"replies":[{"embeddable":true,"href":"https:\/\/temucotelevision.cl\/web\/wp-json\/wp\/v2\/comments?post=35433"}],"version-history":[{"count":3,"href":"https:\/\/temucotelevision.cl\/web\/wp-json\/wp\/v2\/posts\/35433\/revisions"}],"predecessor-version":[{"id":35438,"href":"https:\/\/temucotelevision.cl\/web\/wp-json\/wp\/v2\/posts\/35433\/revisions\/35438"}],"wp:featuredmedia":[{"embeddable":true,"href":"https:\/\/temucotelevision.cl\/web\/wp-json\/wp\/v2\/media\/35436"}],"wp:attachment":[{"href":"https:\/\/temucotelevision.cl\/web\/wp-json\/wp\/v2\/media?parent=35433"}],"wp:term":[{"taxonomy":"category","embeddable":true,"href":"https:\/\/temucotelevision.cl\/web\/wp-json\/wp\/v2\/categories?post=35433"},{"taxonomy":"post_tag","embeddable":true,"href":"https:\/\/temucotelevision.cl\/web\/wp-json\/wp\/v2\/tags?post=35433"}],"curies":[{"name":"wp","href":"https:\/\/api.w.org\/{rel}","templated":true}]}}